{"id":8340,"date":"2020-01-23T14:15:12","date_gmt":"2020-01-23T17:15:12","guid":{"rendered":"http:\/\/www.mpc.pr.gov.br\/?p=8340"},"modified":"2020-07-10T14:41:22","modified_gmt":"2020-07-10T17:41:22","slug":"mp-de-contas-aponta-falhas-na-divulgacao-de-informacoes-e-querencia-do-norte-promove-melhorias-no-portal-da-transparencia","status":"publish","type":"post","link":"https:\/\/www.mpc.pr.gov.br\/index.php\/mp-de-contas-aponta-falhas-na-divulgacao-de-informacoes-e-querencia-do-norte-promove-melhorias-no-portal-da-transparencia\/","title":{"rendered":"MP de Contas aponta falhas na divulga\u00e7\u00e3o de informa\u00e7\u00f5es e Quer\u00eancia do Norte promove melhorias no portal da transpar\u00eancia"},"content":{"rendered":"<p><a href=\"http:\/\/www.mpc.pr.gov.br\/mp-de-contas-recomenda-que-camara-municipal-de-reserva-realize-melhorias-em-seu-portal-da-transparencia\/attachment\/00301335\/\" rel=\"attachment wp-att-7808\"><img fetchpriority=\"high\" decoding=\"async\" class=\"alignleft wp-image-7808 size-medium\" src=\"http:\/\/www.mpc.pr.gov.br\/wp-content\/uploads\/2019\/10\/00301335-300x195.jpg\" alt=\"\" width=\"300\" height=\"195\" \/><\/a>O munic\u00edpio de Quer\u00eancia do Norte promoveu uma s\u00e9rie de aperfei\u00e7oamentos em seu portal da transpar\u00eancia, ap\u00f3s o N\u00facleo de Intelig\u00eancia do MP de Contas do Paran\u00e1 (MPC-PR) identificar a car\u00eancia de informa\u00e7\u00f5es referentes aos contratos, quadro de pessoal, remunera\u00e7\u00e3o dos servidores, despesas e di\u00e1rias.<\/p>\n<p>Em raz\u00e3o dessas falhas, o MPC-PR encaminhou a <a href=\"http:\/\/www.mpc.pr.gov.br\/wp-content\/uploads\/2019\/11\/Recomenda%C3%A7%C3%A3o-Administrativa-n%C2%BA-175-2019-Munic%C3%ADpio-de-Quer%C3%AAncia-do-Norte.pdf\">Recomenda\u00e7\u00e3o Administrativa 175\/2019<\/a>, na qual solicitava ao munic\u00edpio que disponibilizasse o extrato de todos os Contratos firmados pelo munic\u00edpio, preferencialmente em campo de busca pr\u00f3prio, a fim de facilitar a identifica\u00e7\u00e3o dos documentos.<\/p>\n<p>Quanto ao quadro de servidores, recomendou-se a disponibiliza\u00e7\u00e3o do quadro funcional, contendo nome, cargo, lota\u00e7\u00e3o, forma de investidura, hor\u00e1rio de trabalho e carga hor\u00e1ria de cada servidor, bem como a remunera\u00e7\u00e3o pormenorizada e atualizada, contendo todas as verbas que integram a folha de pagamento. Al\u00e9m disso, tamb\u00e9m deveriam constar em campo de consulta os servidores cedidos e recebidos, informando o nome do servidor, cargo, \u00f3rg\u00e3o de destino\/origem e \u00f4nus da remunera\u00e7\u00e3o.<\/p>\n<p>O MP de Contas ainda recomendou que fossem divulgadas \u00e0s receitas e despesas municipais, de forma detalhada e atualizada, e as informa\u00e7\u00f5es pormenorizadas do pagamento de di\u00e1rias e eventuais gastos com transporte, adiantamento de despesa e outras ajudas de custo.<\/p>\n<p>Por meio de of\u00edcio, o munic\u00edpio de Quer\u00eancia do Norte informou que realizou as adequa\u00e7\u00f5es necess\u00e1rias em seu portal da transpar\u00eancia, a fim de dar cumprimento integral a <a href=\"http:\/\/www.mpc.pr.gov.br\/wp-content\/uploads\/2019\/11\/Recomenda%C3%A7%C3%A3o-Administrativa-n%C2%BA-175-2019-Munic%C3%ADpio-de-Quer%C3%AAncia-do-Norte.pdf\">Recomenda\u00e7\u00e3o Administrativa 175\/2019<\/a> do MPC-PR.<\/p>\n","protected":false},"excerpt":{"rendered":"<p>O munic\u00edpio de Quer\u00eancia do Norte promoveu uma s\u00e9rie de aperfei\u00e7oamentos em seu portal da transpar\u00eancia, ap\u00f3s o N\u00facleo de Intelig\u00eancia do MP de Contas do Paran\u00e1 (MPC-PR) identificar a car\u00eancia de informa\u00e7\u00f5es referentes aos contratos, quadro de pessoal, remunera\u00e7\u00e3o dos servidores, despesas e di\u00e1rias. Em raz\u00e3o dessas falhas, o MPC-PR encaminhou a Recomenda\u00e7\u00e3o Administrativa [&hellip;]<\/p>\n","protected":false},"author":5,"featured_media":9212,"comment_status":"open","ping_status":"open","sticky":false,"template":"","format":"standard","meta":{"_monsterinsights_skip_tracking":false,"_monsterinsights_sitenote_active":false,"_monsterinsights_sitenote_note":"","_monsterinsights_sitenote_category":0,"footnotes":""},"categories":[7,14],"tags":[],"class_list":["post-8340","post","type-post","status-publish","format-standard","has-post-thumbnail","hentry","category-todas-as-noticias","category-ultimas-noticias","entry","has-media"],"yoast_head":"<!-- This site is optimized with the Yoast SEO plugin v27.3 - https:\/\/yoast.com\/product\/yoast-seo-wordpress\/ -->\n<title>MP de Contas aponta falhas na divulga\u00e7\u00e3o de informa\u00e7\u00f5es e Quer\u00eancia do Norte promove melhorias no portal da transpar\u00eancia - Minist\u00e9rio P\u00fablico de Contas do Estado do Paran\u00e1<\/title>\n<meta name=\"robots\" content=\"index, follow, max-snippet:-1, max-image-preview:large, max-video-preview:-1\" \/>\n<link rel=\"canonical\" href=\"https:\/\/www.mpc.pr.gov.br\/index.php\/mp-de-contas-aponta-falhas-na-divulgacao-de-informacoes-e-querencia-do-norte-promove-melhorias-no-portal-da-transparencia\/\" \/>\n<meta property=\"og:locale\" content=\"pt_BR\" \/>\n<meta property=\"og:type\" content=\"article\" \/>\n<meta property=\"og:title\" content=\"MP de Contas aponta falhas na divulga\u00e7\u00e3o de informa\u00e7\u00f5es e Quer\u00eancia do Norte promove melhorias no portal da transpar\u00eancia - Minist\u00e9rio P\u00fablico de Contas do Estado do Paran\u00e1\" \/>\n<meta property=\"og:description\" content=\"O munic\u00edpio de Quer\u00eancia do Norte promoveu uma s\u00e9rie de aperfei\u00e7oamentos em seu portal da transpar\u00eancia, ap\u00f3s o N\u00facleo de Intelig\u00eancia do MP de Contas do Paran\u00e1 (MPC-PR) identificar a car\u00eancia de informa\u00e7\u00f5es referentes aos contratos, quadro de pessoal, remunera\u00e7\u00e3o dos servidores, despesas e di\u00e1rias. Em raz\u00e3o dessas falhas, o MPC-PR encaminhou a Recomenda\u00e7\u00e3o Administrativa [&hellip;]\" \/>\n<meta property=\"og:url\" content=\"https:\/\/www.mpc.pr.gov.br\/index.php\/mp-de-contas-aponta-falhas-na-divulgacao-de-informacoes-e-querencia-do-norte-promove-melhorias-no-portal-da-transparencia\/\" \/>\n<meta property=\"og:site_name\" content=\"Minist\u00e9rio P\u00fablico de Contas do Estado do Paran\u00e1\" \/>\n<meta property=\"article:publisher\" content=\"https:\/\/www.facebook.com\/mpc.pr\" \/>\n<meta property=\"article:published_time\" content=\"2020-01-23T17:15:12+00:00\" \/>\n<meta property=\"article:modified_time\" content=\"2020-07-10T17:41:22+00:00\" \/>\n<meta property=\"og:image\" content=\"https:\/\/www.mpc.pr.gov.br\/wp-content\/uploads\/2020\/05\/Tranaspar\u00eancia-00.jpg\" \/>\n\t<meta property=\"og:image:width\" content=\"300\" \/>\n\t<meta property=\"og:image:height\" content=\"195\" \/>\n\t<meta property=\"og:image:type\" content=\"image\/jpeg\" \/>\n<meta name=\"author\" content=\"giovanna.faria\" \/>\n<meta name=\"twitter:card\" content=\"summary_large_image\" \/>\n<meta name=\"twitter:label1\" content=\"Escrito por\" \/>\n\t<meta name=\"twitter:data1\" content=\"giovanna.faria\" \/>\n\t<meta name=\"twitter:label2\" content=\"Est. tempo de leitura\" \/>\n\t<meta name=\"twitter:data2\" content=\"1 minuto\" \/>\n<script type=\"application\/ld+json\" class=\"yoast-schema-graph\">{\"@context\":\"https:\\\/\\\/schema.org\",\"@graph\":[{\"@type\":\"Article\",\"@id\":\"https:\\\/\\\/www.mpc.pr.gov.br\\\/index.php\\\/mp-de-contas-aponta-falhas-na-divulgacao-de-informacoes-e-querencia-do-norte-promove-melhorias-no-portal-da-transparencia\\\/#article\",\"isPartOf\":{\"@id\":\"https:\\\/\\\/www.mpc.pr.gov.br\\\/index.php\\\/mp-de-contas-aponta-falhas-na-divulgacao-de-informacoes-e-querencia-do-norte-promove-melhorias-no-portal-da-transparencia\\\/\"},\"author\":{\"name\":\"giovanna.faria\",\"@id\":\"https:\\\/\\\/www.mpc.pr.gov.br\\\/#\\\/schema\\\/person\\\/d0c5cf9ebb4d8be833c419f3538cf751\"},\"headline\":\"MP de Contas aponta falhas na divulga\u00e7\u00e3o de informa\u00e7\u00f5es e Quer\u00eancia do Norte promove melhorias no portal da transpar\u00eancia\",\"datePublished\":\"2020-01-23T17:15:12+00:00\",\"dateModified\":\"2020-07-10T17:41:22+00:00\",\"mainEntityOfPage\":{\"@id\":\"https:\\\/\\\/www.mpc.pr.gov.br\\\/index.php\\\/mp-de-contas-aponta-falhas-na-divulgacao-de-informacoes-e-querencia-do-norte-promove-melhorias-no-portal-da-transparencia\\\/\"},\"wordCount\":288,\"commentCount\":0,\"publisher\":{\"@id\":\"https:\\\/\\\/www.mpc.pr.gov.br\\\/#organization\"},\"image\":{\"@id\":\"https:\\\/\\\/www.mpc.pr.gov.br\\\/index.php\\\/mp-de-contas-aponta-falhas-na-divulgacao-de-informacoes-e-querencia-do-norte-promove-melhorias-no-portal-da-transparencia\\\/#primaryimage\"},\"thumbnailUrl\":\"https:\\\/\\\/www.mpc.pr.gov.br\\\/wp-content\\\/uploads\\\/2020\\\/05\\\/Tranaspar\u00eancia-00.jpg\",\"articleSection\":[\"Todas as not\u00edcias\",\"\u00daltimas not\u00edcias\"],\"inLanguage\":\"pt-BR\",\"potentialAction\":[{\"@type\":\"CommentAction\",\"name\":\"Comment\",\"target\":[\"https:\\\/\\\/www.mpc.pr.gov.br\\\/index.php\\\/mp-de-contas-aponta-falhas-na-divulgacao-de-informacoes-e-querencia-do-norte-promove-melhorias-no-portal-da-transparencia\\\/#respond\"]}]},{\"@type\":\"WebPage\",\"@id\":\"https:\\\/\\\/www.mpc.pr.gov.br\\\/index.php\\\/mp-de-contas-aponta-falhas-na-divulgacao-de-informacoes-e-querencia-do-norte-promove-melhorias-no-portal-da-transparencia\\\/\",\"url\":\"https:\\\/\\\/www.mpc.pr.gov.br\\\/index.php\\\/mp-de-contas-aponta-falhas-na-divulgacao-de-informacoes-e-querencia-do-norte-promove-melhorias-no-portal-da-transparencia\\\/\",\"name\":\"MP de Contas aponta falhas na divulga\u00e7\u00e3o de informa\u00e7\u00f5es e Quer\u00eancia do Norte promove melhorias no portal da transpar\u00eancia - Minist\u00e9rio P\u00fablico de Contas do Estado do Paran\u00e1\",\"isPartOf\":{\"@id\":\"https:\\\/\\\/www.mpc.pr.gov.br\\\/#website\"},\"primaryImageOfPage\":{\"@id\":\"https:\\\/\\\/www.mpc.pr.gov.br\\\/index.php\\\/mp-de-contas-aponta-falhas-na-divulgacao-de-informacoes-e-querencia-do-norte-promove-melhorias-no-portal-da-transparencia\\\/#primaryimage\"},\"image\":{\"@id\":\"https:\\\/\\\/www.mpc.pr.gov.br\\\/index.php\\\/mp-de-contas-aponta-falhas-na-divulgacao-de-informacoes-e-querencia-do-norte-promove-melhorias-no-portal-da-transparencia\\\/#primaryimage\"},\"thumbnailUrl\":\"https:\\\/\\\/www.mpc.pr.gov.br\\\/wp-content\\\/uploads\\\/2020\\\/05\\\/Tranaspar\u00eancia-00.jpg\",\"datePublished\":\"2020-01-23T17:15:12+00:00\",\"dateModified\":\"2020-07-10T17:41:22+00:00\",\"breadcrumb\":{\"@id\":\"https:\\\/\\\/www.mpc.pr.gov.br\\\/index.php\\\/mp-de-contas-aponta-falhas-na-divulgacao-de-informacoes-e-querencia-do-norte-promove-melhorias-no-portal-da-transparencia\\\/#breadcrumb\"},\"inLanguage\":\"pt-BR\",\"potentialAction\":[{\"@type\":\"ReadAction\",\"target\":[\"https:\\\/\\\/www.mpc.pr.gov.br\\\/index.php\\\/mp-de-contas-aponta-falhas-na-divulgacao-de-informacoes-e-querencia-do-norte-promove-melhorias-no-portal-da-transparencia\\\/\"]}]},{\"@type\":\"ImageObject\",\"inLanguage\":\"pt-BR\",\"@id\":\"https:\\\/\\\/www.mpc.pr.gov.br\\\/index.php\\\/mp-de-contas-aponta-falhas-na-divulgacao-de-informacoes-e-querencia-do-norte-promove-melhorias-no-portal-da-transparencia\\\/#primaryimage\",\"url\":\"https:\\\/\\\/www.mpc.pr.gov.br\\\/wp-content\\\/uploads\\\/2020\\\/05\\\/Tranaspar\u00eancia-00.jpg\",\"contentUrl\":\"https:\\\/\\\/www.mpc.pr.gov.br\\\/wp-content\\\/uploads\\\/2020\\\/05\\\/Tranaspar\u00eancia-00.jpg\",\"width\":300,\"height\":195},{\"@type\":\"BreadcrumbList\",\"@id\":\"https:\\\/\\\/www.mpc.pr.gov.br\\\/index.php\\\/mp-de-contas-aponta-falhas-na-divulgacao-de-informacoes-e-querencia-do-norte-promove-melhorias-no-portal-da-transparencia\\\/#breadcrumb\",\"itemListElement\":[{\"@type\":\"ListItem\",\"position\":1,\"name\":\"In\u00edcio\",\"item\":\"https:\\\/\\\/www.mpc.pr.gov.br\\\/\"},{\"@type\":\"ListItem\",\"position\":2,\"name\":\"MP de Contas aponta falhas na divulga\u00e7\u00e3o de informa\u00e7\u00f5es e Quer\u00eancia do Norte promove melhorias no portal da transpar\u00eancia\"}]},{\"@type\":\"WebSite\",\"@id\":\"https:\\\/\\\/www.mpc.pr.gov.br\\\/#website\",\"url\":\"https:\\\/\\\/www.mpc.pr.gov.br\\\/\",\"name\":\"Minist\u00e9rio P\u00fablico de Contas do Estado do Paran\u00e1\",\"description\":\"\",\"publisher\":{\"@id\":\"https:\\\/\\\/www.mpc.pr.gov.br\\\/#organization\"},\"potentialAction\":[{\"@type\":\"SearchAction\",\"target\":{\"@type\":\"EntryPoint\",\"urlTemplate\":\"https:\\\/\\\/www.mpc.pr.gov.br\\\/?s={search_term_string}\"},\"query-input\":{\"@type\":\"PropertyValueSpecification\",\"valueRequired\":true,\"valueName\":\"search_term_string\"}}],\"inLanguage\":\"pt-BR\"},{\"@type\":\"Organization\",\"@id\":\"https:\\\/\\\/www.mpc.pr.gov.br\\\/#organization\",\"name\":\"Minist\u00e9rio P\u00fablico de Contas do Estado do Paran\u00e1\",\"url\":\"https:\\\/\\\/www.mpc.pr.gov.br\\\/\",\"logo\":{\"@type\":\"ImageObject\",\"inLanguage\":\"pt-BR\",\"@id\":\"https:\\\/\\\/www.mpc.pr.gov.br\\\/#\\\/schema\\\/logo\\\/image\\\/\",\"url\":\"https:\\\/\\\/www.mpc.pr.gov.br\\\/wp-content\\\/uploads\\\/2020\\\/06\\\/99423647_1593460364143890_6706793420720963584_n-1-e1591387983167.png\",\"contentUrl\":\"https:\\\/\\\/www.mpc.pr.gov.br\\\/wp-content\\\/uploads\\\/2020\\\/06\\\/99423647_1593460364143890_6706793420720963584_n-1-e1591387983167.png\",\"width\":243,\"height\":73,\"caption\":\"Minist\u00e9rio P\u00fablico de Contas do Estado do Paran\u00e1\"},\"image\":{\"@id\":\"https:\\\/\\\/www.mpc.pr.gov.br\\\/#\\\/schema\\\/logo\\\/image\\\/\"},\"sameAs\":[\"https:\\\/\\\/www.facebook.com\\\/mpc.pr\",\"https:\\\/\\\/www.instagram.com\\\/mpc.pr\\\/?hl=pt-br\",\"https:\\\/\\\/www.youtube.com\\\/channel\\\/UCHri5oEM8DV0ztX57E0sBSw\"]},{\"@type\":\"Person\",\"@id\":\"https:\\\/\\\/www.mpc.pr.gov.br\\\/#\\\/schema\\\/person\\\/d0c5cf9ebb4d8be833c419f3538cf751\",\"name\":\"giovanna.faria\",\"image\":{\"@type\":\"ImageObject\",\"inLanguage\":\"pt-BR\",\"@id\":\"https:\\\/\\\/secure.gravatar.com\\\/avatar\\\/?s=96&d=mm&r=g\",\"url\":\"https:\\\/\\\/secure.gravatar.com\\\/avatar\\\/?s=96&d=mm&r=g\",\"contentUrl\":\"https:\\\/\\\/secure.gravatar.com\\\/avatar\\\/?s=96&d=mm&r=g\",\"caption\":\"giovanna.faria\"}}]}<\/script>\n<!-- \/ Yoast SEO plugin. -->","yoast_head_json":{"title":"MP de Contas aponta falhas na divulga\u00e7\u00e3o de informa\u00e7\u00f5es e Quer\u00eancia do Norte promove melhorias no portal da transpar\u00eancia - Minist\u00e9rio P\u00fablico de Contas do Estado do Paran\u00e1","robots":{"index":"index","follow":"follow","max-snippet":"max-snippet:-1","max-image-preview":"max-image-preview:large","max-video-preview":"max-video-preview:-1"},"canonical":"https:\/\/www.mpc.pr.gov.br\/index.php\/mp-de-contas-aponta-falhas-na-divulgacao-de-informacoes-e-querencia-do-norte-promove-melhorias-no-portal-da-transparencia\/","og_locale":"pt_BR","og_type":"article","og_title":"MP de Contas aponta falhas na divulga\u00e7\u00e3o de informa\u00e7\u00f5es e Quer\u00eancia do Norte promove melhorias no portal da transpar\u00eancia - Minist\u00e9rio P\u00fablico de Contas do Estado do Paran\u00e1","og_description":"O munic\u00edpio de Quer\u00eancia do Norte promoveu uma s\u00e9rie de aperfei\u00e7oamentos em seu portal da transpar\u00eancia, ap\u00f3s o N\u00facleo de Intelig\u00eancia do MP de Contas do Paran\u00e1 (MPC-PR) identificar a car\u00eancia de informa\u00e7\u00f5es referentes aos contratos, quadro de pessoal, remunera\u00e7\u00e3o dos servidores, despesas e di\u00e1rias. Em raz\u00e3o dessas falhas, o MPC-PR encaminhou a Recomenda\u00e7\u00e3o Administrativa [&hellip;]","og_url":"https:\/\/www.mpc.pr.gov.br\/index.php\/mp-de-contas-aponta-falhas-na-divulgacao-de-informacoes-e-querencia-do-norte-promove-melhorias-no-portal-da-transparencia\/","og_site_name":"Minist\u00e9rio P\u00fablico de Contas do Estado do Paran\u00e1","article_publisher":"https:\/\/www.facebook.com\/mpc.pr","article_published_time":"2020-01-23T17:15:12+00:00","article_modified_time":"2020-07-10T17:41:22+00:00","og_image":[{"width":300,"height":195,"url":"https:\/\/www.mpc.pr.gov.br\/wp-content\/uploads\/2020\/05\/Tranaspar\u00eancia-00.jpg","type":"image\/jpeg"}],"author":"giovanna.faria","twitter_card":"summary_large_image","twitter_misc":{"Escrito por":"giovanna.faria","Est. tempo de leitura":"1 minuto"},"schema":{"@context":"https:\/\/schema.org","@graph":[{"@type":"Article","@id":"https:\/\/www.mpc.pr.gov.br\/index.php\/mp-de-contas-aponta-falhas-na-divulgacao-de-informacoes-e-querencia-do-norte-promove-melhorias-no-portal-da-transparencia\/#article","isPartOf":{"@id":"https:\/\/www.mpc.pr.gov.br\/index.php\/mp-de-contas-aponta-falhas-na-divulgacao-de-informacoes-e-querencia-do-norte-promove-melhorias-no-portal-da-transparencia\/"},"author":{"name":"giovanna.faria","@id":"https:\/\/www.mpc.pr.gov.br\/#\/schema\/person\/d0c5cf9ebb4d8be833c419f3538cf751"},"headline":"MP de Contas aponta falhas na divulga\u00e7\u00e3o de informa\u00e7\u00f5es e Quer\u00eancia do Norte promove melhorias no portal da transpar\u00eancia","datePublished":"2020-01-23T17:15:12+00:00","dateModified":"2020-07-10T17:41:22+00:00","mainEntityOfPage":{"@id":"https:\/\/www.mpc.pr.gov.br\/index.php\/mp-de-contas-aponta-falhas-na-divulgacao-de-informacoes-e-querencia-do-norte-promove-melhorias-no-portal-da-transparencia\/"},"wordCount":288,"commentCount":0,"publisher":{"@id":"https:\/\/www.mpc.pr.gov.br\/#organization"},"image":{"@id":"https:\/\/www.mpc.pr.gov.br\/index.php\/mp-de-contas-aponta-falhas-na-divulgacao-de-informacoes-e-querencia-do-norte-promove-melhorias-no-portal-da-transparencia\/#primaryimage"},"thumbnailUrl":"https:\/\/www.mpc.pr.gov.br\/wp-content\/uploads\/2020\/05\/Tranaspar\u00eancia-00.jpg","articleSection":["Todas as not\u00edcias","\u00daltimas not\u00edcias"],"inLanguage":"pt-BR","potentialAction":[{"@type":"CommentAction","name":"Comment","target":["https:\/\/www.mpc.pr.gov.br\/index.php\/mp-de-contas-aponta-falhas-na-divulgacao-de-informacoes-e-querencia-do-norte-promove-melhorias-no-portal-da-transparencia\/#respond"]}]},{"@type":"WebPage","@id":"https:\/\/www.mpc.pr.gov.br\/index.php\/mp-de-contas-aponta-falhas-na-divulgacao-de-informacoes-e-querencia-do-norte-promove-melhorias-no-portal-da-transparencia\/","url":"https:\/\/www.mpc.pr.gov.br\/index.php\/mp-de-contas-aponta-falhas-na-divulgacao-de-informacoes-e-querencia-do-norte-promove-melhorias-no-portal-da-transparencia\/","name":"MP de Contas aponta falhas na divulga\u00e7\u00e3o de informa\u00e7\u00f5es e Quer\u00eancia do Norte promove melhorias no portal da transpar\u00eancia - Minist\u00e9rio P\u00fablico de Contas do Estado do Paran\u00e1","isPartOf":{"@id":"https:\/\/www.mpc.pr.gov.br\/#website"},"primaryImageOfPage":{"@id":"https:\/\/www.mpc.pr.gov.br\/index.php\/mp-de-contas-aponta-falhas-na-divulgacao-de-informacoes-e-querencia-do-norte-promove-melhorias-no-portal-da-transparencia\/#primaryimage"},"image":{"@id":"https:\/\/www.mpc.pr.gov.br\/index.php\/mp-de-contas-aponta-falhas-na-divulgacao-de-informacoes-e-querencia-do-norte-promove-melhorias-no-portal-da-transparencia\/#primaryimage"},"thumbnailUrl":"https:\/\/www.mpc.pr.gov.br\/wp-content\/uploads\/2020\/05\/Tranaspar\u00eancia-00.jpg","datePublished":"2020-01-23T17:15:12+00:00","dateModified":"2020-07-10T17:41:22+00:00","breadcrumb":{"@id":"https:\/\/www.mpc.pr.gov.br\/index.php\/mp-de-contas-aponta-falhas-na-divulgacao-de-informacoes-e-querencia-do-norte-promove-melhorias-no-portal-da-transparencia\/#breadcrumb"},"inLanguage":"pt-BR","potentialAction":[{"@type":"ReadAction","target":["https:\/\/www.mpc.pr.gov.br\/index.php\/mp-de-contas-aponta-falhas-na-divulgacao-de-informacoes-e-querencia-do-norte-promove-melhorias-no-portal-da-transparencia\/"]}]},{"@type":"ImageObject","inLanguage":"pt-BR","@id":"https:\/\/www.mpc.pr.gov.br\/index.php\/mp-de-contas-aponta-falhas-na-divulgacao-de-informacoes-e-querencia-do-norte-promove-melhorias-no-portal-da-transparencia\/#primaryimage","url":"https:\/\/www.mpc.pr.gov.br\/wp-content\/uploads\/2020\/05\/Tranaspar\u00eancia-00.jpg","contentUrl":"https:\/\/www.mpc.pr.gov.br\/wp-content\/uploads\/2020\/05\/Tranaspar\u00eancia-00.jpg","width":300,"height":195},{"@type":"BreadcrumbList","@id":"https:\/\/www.mpc.pr.gov.br\/index.php\/mp-de-contas-aponta-falhas-na-divulgacao-de-informacoes-e-querencia-do-norte-promove-melhorias-no-portal-da-transparencia\/#breadcrumb","itemListElement":[{"@type":"ListItem","position":1,"name":"In\u00edcio","item":"https:\/\/www.mpc.pr.gov.br\/"},{"@type":"ListItem","position":2,"name":"MP de Contas aponta falhas na divulga\u00e7\u00e3o de informa\u00e7\u00f5es e Quer\u00eancia do Norte promove melhorias no portal da transpar\u00eancia"}]},{"@type":"WebSite","@id":"https:\/\/www.mpc.pr.gov.br\/#website","url":"https:\/\/www.mpc.pr.gov.br\/","name":"Minist\u00e9rio P\u00fablico de Contas do Estado do Paran\u00e1","description":"","publisher":{"@id":"https:\/\/www.mpc.pr.gov.br\/#organization"},"potentialAction":[{"@type":"SearchAction","target":{"@type":"EntryPoint","urlTemplate":"https:\/\/www.mpc.pr.gov.br\/?s={search_term_string}"},"query-input":{"@type":"PropertyValueSpecification","valueRequired":true,"valueName":"search_term_string"}}],"inLanguage":"pt-BR"},{"@type":"Organization","@id":"https:\/\/www.mpc.pr.gov.br\/#organization","name":"Minist\u00e9rio P\u00fablico de Contas do Estado do Paran\u00e1","url":"https:\/\/www.mpc.pr.gov.br\/","logo":{"@type":"ImageObject","inLanguage":"pt-BR","@id":"https:\/\/www.mpc.pr.gov.br\/#\/schema\/logo\/image\/","url":"https:\/\/www.mpc.pr.gov.br\/wp-content\/uploads\/2020\/06\/99423647_1593460364143890_6706793420720963584_n-1-e1591387983167.png","contentUrl":"https:\/\/www.mpc.pr.gov.br\/wp-content\/uploads\/2020\/06\/99423647_1593460364143890_6706793420720963584_n-1-e1591387983167.png","width":243,"height":73,"caption":"Minist\u00e9rio P\u00fablico de Contas do Estado do Paran\u00e1"},"image":{"@id":"https:\/\/www.mpc.pr.gov.br\/#\/schema\/logo\/image\/"},"sameAs":["https:\/\/www.facebook.com\/mpc.pr","https:\/\/www.instagram.com\/mpc.pr\/?hl=pt-br","https:\/\/www.youtube.com\/channel\/UCHri5oEM8DV0ztX57E0sBSw"]},{"@type":"Person","@id":"https:\/\/www.mpc.pr.gov.br\/#\/schema\/person\/d0c5cf9ebb4d8be833c419f3538cf751","name":"giovanna.faria","image":{"@type":"ImageObject","inLanguage":"pt-BR","@id":"https:\/\/secure.gravatar.com\/avatar\/?s=96&d=mm&r=g","url":"https:\/\/secure.gravatar.com\/avatar\/?s=96&d=mm&r=g","contentUrl":"https:\/\/secure.gravatar.com\/avatar\/?s=96&d=mm&r=g","caption":"giovanna.faria"}}]}},"rttpg_featured_image_url":{"full":["https:\/\/www.mpc.pr.gov.br\/wp-content\/uploads\/2020\/05\/Tranaspar\u00eancia-00.jpg",300,195,false],"landscape":["https:\/\/www.mpc.pr.gov.br\/wp-content\/uploads\/2020\/05\/Tranaspar\u00eancia-00.jpg",300,195,false],"portraits":["https:\/\/www.mpc.pr.gov.br\/wp-content\/uploads\/2020\/05\/Tranaspar\u00eancia-00.jpg",300,195,false],"thumbnail":["https:\/\/www.mpc.pr.gov.br\/wp-content\/uploads\/2020\/05\/Tranaspar\u00eancia-00-150x150.jpg",150,150,true],"medium":["https:\/\/www.mpc.pr.gov.br\/wp-content\/uploads\/2020\/05\/Tranaspar\u00eancia-00.jpg",300,195,false],"large":["https:\/\/www.mpc.pr.gov.br\/wp-content\/uploads\/2020\/05\/Tranaspar\u00eancia-00.jpg",300,195,false],"1536x1536":["https:\/\/www.mpc.pr.gov.br\/wp-content\/uploads\/2020\/05\/Tranaspar\u00eancia-00.jpg",300,195,false],"2048x2048":["https:\/\/www.mpc.pr.gov.br\/wp-content\/uploads\/2020\/05\/Tranaspar\u00eancia-00.jpg",300,195,false],"ocean-thumb-m":["https:\/\/www.mpc.pr.gov.br\/wp-content\/uploads\/2020\/05\/Tranaspar\u00eancia-00.jpg",300,195,false],"ocean-thumb-ml":["https:\/\/www.mpc.pr.gov.br\/wp-content\/uploads\/2020\/05\/Tranaspar\u00eancia-00.jpg",300,195,false],"ocean-thumb-l":["https:\/\/www.mpc.pr.gov.br\/wp-content\/uploads\/2020\/05\/Tranaspar\u00eancia-00.jpg",300,195,false]},"rttpg_author":{"display_name":"giovanna.faria","author_link":"https:\/\/www.mpc.pr.gov.br\/index.php\/author\/giovanna-faria\/"},"rttpg_comment":0,"rttpg_category":"<a href=\"https:\/\/www.mpc.pr.gov.br\/index.php\/category\/todas-as-noticias\/\" rel=\"category tag\">Todas as not\u00edcias<\/a> <a href=\"https:\/\/www.mpc.pr.gov.br\/index.php\/category\/ultimas-noticias\/\" rel=\"category tag\">\u00daltimas not\u00edcias<\/a>","rttpg_excerpt":"O munic\u00edpio de Quer\u00eancia do Norte promoveu uma s\u00e9rie de aperfei\u00e7oamentos em seu portal da transpar\u00eancia, ap\u00f3s o N\u00facleo de Intelig\u00eancia do MP de Contas do Paran\u00e1 (MPC-PR) identificar a car\u00eancia de informa\u00e7\u00f5es referentes aos contratos, quadro de pessoal, remunera\u00e7\u00e3o dos servidores, despesas e di\u00e1rias. Em raz\u00e3o dessas falhas, o MPC-PR encaminhou a Recomenda\u00e7\u00e3o Administrativa&hellip;","_links":{"self":[{"href":"https:\/\/www.mpc.pr.gov.br\/index.php\/wp-json\/wp\/v2\/posts\/8340","targetHints":{"allow":["GET"]}}],"collection":[{"href":"https:\/\/www.mpc.pr.gov.br\/index.php\/wp-json\/wp\/v2\/posts"}],"about":[{"href":"https:\/\/www.mpc.pr.gov.br\/index.php\/wp-json\/wp\/v2\/types\/post"}],"author":[{"embeddable":true,"href":"https:\/\/www.mpc.pr.gov.br\/index.php\/wp-json\/wp\/v2\/users\/5"}],"replies":[{"embeddable":true,"href":"https:\/\/www.mpc.pr.gov.br\/index.php\/wp-json\/wp\/v2\/comments?post=8340"}],"version-history":[{"count":1,"href":"https:\/\/www.mpc.pr.gov.br\/index.php\/wp-json\/wp\/v2\/posts\/8340\/revisions"}],"predecessor-version":[{"id":9350,"href":"https:\/\/www.mpc.pr.gov.br\/index.php\/wp-json\/wp\/v2\/posts\/8340\/revisions\/9350"}],"wp:featuredmedia":[{"embeddable":true,"href":"https:\/\/www.mpc.pr.gov.br\/index.php\/wp-json\/wp\/v2\/media\/9212"}],"wp:attachment":[{"href":"https:\/\/www.mpc.pr.gov.br\/index.php\/wp-json\/wp\/v2\/media?parent=8340"}],"wp:term":[{"taxonomy":"category","embeddable":true,"href":"https:\/\/www.mpc.pr.gov.br\/index.php\/wp-json\/wp\/v2\/categories?post=8340"},{"taxonomy":"post_tag","embeddable":true,"href":"https:\/\/www.mpc.pr.gov.br\/index.php\/wp-json\/wp\/v2\/tags?post=8340"}],"curies":[{"name":"wp","href":"https:\/\/api.w.org\/{rel}","templated":true}]}}