{"id":8401,"date":"2020-01-28T13:40:02","date_gmt":"2020-01-28T16:40:02","guid":{"rendered":"http:\/\/www.mpc.pr.gov.br\/?p=8401"},"modified":"2020-07-10T14:39:21","modified_gmt":"2020-07-10T17:39:21","slug":"camara-e-prefeitura-de-fenix-devem-atualizar-portais-da-transparencia-recomenda-o-mp-de-contas","status":"publish","type":"post","link":"https:\/\/www.mpc.pr.gov.br\/index.php\/camara-e-prefeitura-de-fenix-devem-atualizar-portais-da-transparencia-recomenda-o-mp-de-contas\/","title":{"rendered":"C\u00e2mara e Prefeitura de F\u00eanix devem atualizar portais da transpar\u00eancia, recomenda o MP de Contas"},"content":{"rendered":"<p>A Prefeitura e a C\u00e2mara Municipal de F\u00eanix receberam as Recomenda\u00e7\u00f5es Administrativas n\u00b0 <a href=\"http:\/\/www.mpc.pr.gov.br\/wp-content\/uploads\/2020\/01\/Recomenda%C3%A7%C3%A3o-Administrativa-n%C2%BA-016-2020-Munic%C3%ADpio-de-F%C3%AAnix.pdf\">16\/2020<\/a> e <a href=\"http:\/\/www.mpc.pr.gov.br\/wp-content\/uploads\/2020\/01\/Recomenda%C3%A7%C3%A3o-Administrativa-n%C2%BA-017-2020-C%C3%A2mara-Municipal-de-F%C3%AAnix.pdf\">17\/2020<\/a>, respectivamente, ap\u00f3s o N\u00facleo de Intelig\u00eancia do MP de Contas do Paran\u00e1 (MPC-PR) verificar a aus\u00eancia de informa\u00e7\u00f5es sobre contratos e quadro de pessoal nos portais da transpar\u00eancia.<\/p>\n<p>As recomenda\u00e7\u00f5es ministeriais fazem parte de um trabalho desenvolvido pela institui\u00e7\u00e3o, que busca fiscalizar o cumprimento da Lei de Acesso \u00e0 Informa\u00e7\u00e3o (Lei n\u00ba 12.527\/2011) pelos Poderes Executivo e Legislativo municipal. No documento s\u00e3o solicitadas as atualiza\u00e7\u00f5es das informa\u00e7\u00f5es, a fim de promover o aperfei\u00e7oamento dos portais.<\/p>\n<p>Ao munic\u00edpio foi recomendada a disponibiliza\u00e7\u00e3o, na \u00edntegra, de todos os anexos dos processos licitat\u00f3rios, incluindo dispensas e inexigibilidades de licita\u00e7\u00e3o, e os anexos de todos os contratos e aditivos firmados pelo ente municipal, preferencialmente vinculados \u00e0 busca por <em>Contratos<\/em>, facilitando a localiza\u00e7\u00e3o dos documentos e informa\u00e7\u00f5es.<\/p>\n<p>Em rela\u00e7\u00e3o as informa\u00e7\u00f5es do quadro de pessoal, o MPC-PR solicitou que fossem disponibilizados os dados de remunera\u00e7\u00e3o, de forma pormenorizada, de todos os servidores, indicando todas as verbas e descontos que incidem sobre o sal\u00e1rio base.<\/p>\n<p>J\u00e1 para a C\u00e2mara de Vereadores, al\u00e9m das solicita\u00e7\u00f5es j\u00e1 descritas, ainda foram recomendadas a disponibiliza\u00e7\u00e3o das informa\u00e7\u00f5es referentes a jornada de trabalho e carga hor\u00e1ria de cada servidor; e disponibiliza\u00e7\u00e3o, em campo de busca espec\u00edfico, das Resolu\u00e7\u00f5es que julgaram as contas do Poder Executivo de F\u00eanix, assim como os futuros atos de julgamento de presta\u00e7\u00f5es de contas.<\/p>\n<p>Tanto a Prefeitura quanto a C\u00e2mara t\u00eam o prazo de 30 dias para comprovar a ado\u00e7\u00e3o das medidas necess\u00e1rias para o cumprimento das Recomenda\u00e7\u00f5es.<\/p>\n","protected":false},"excerpt":{"rendered":"<p>A Prefeitura e a C\u00e2mara Municipal de F\u00eanix receberam as Recomenda\u00e7\u00f5es Administrativas n\u00b0 16\/2020 e 17\/2020, respectivamente, ap\u00f3s o N\u00facleo de Intelig\u00eancia do MP de Contas do Paran\u00e1 (MPC-PR) verificar a aus\u00eancia de informa\u00e7\u00f5es sobre contratos e quadro de pessoal nos portais da transpar\u00eancia. As recomenda\u00e7\u00f5es ministeriais fazem parte de um trabalho desenvolvido pela institui\u00e7\u00e3o, [&hellip;]<\/p>\n","protected":false},"author":5,"featured_media":9309,"comment_status":"open","ping_status":"open","sticky":false,"template":"","format":"standard","meta":{"_monsterinsights_skip_tracking":false,"_monsterinsights_sitenote_active":false,"_monsterinsights_sitenote_note":"","_monsterinsights_sitenote_category":0,"footnotes":""},"categories":[7,14],"tags":[],"class_list":["post-8401","post","type-post","status-publish","format-standard","has-post-thumbnail","hentry","category-todas-as-noticias","category-ultimas-noticias","entry","has-media"],"yoast_head":"<!-- This site is optimized with the Yoast SEO plugin v27.3 - https:\/\/yoast.com\/product\/yoast-seo-wordpress\/ -->\n<title>C\u00e2mara e Prefeitura de F\u00eanix devem atualizar portais da transpar\u00eancia, recomenda o MP de Contas - Minist\u00e9rio P\u00fablico de Contas do Estado do Paran\u00e1<\/title>\n<meta name=\"robots\" content=\"index, follow, max-snippet:-1, max-image-preview:large, max-video-preview:-1\" \/>\n<link rel=\"canonical\" href=\"https:\/\/www.mpc.pr.gov.br\/index.php\/camara-e-prefeitura-de-fenix-devem-atualizar-portais-da-transparencia-recomenda-o-mp-de-contas\/\" \/>\n<meta property=\"og:locale\" content=\"pt_BR\" \/>\n<meta property=\"og:type\" content=\"article\" \/>\n<meta property=\"og:title\" content=\"C\u00e2mara e Prefeitura de F\u00eanix devem atualizar portais da transpar\u00eancia, recomenda o MP de Contas - Minist\u00e9rio P\u00fablico de Contas do Estado do Paran\u00e1\" \/>\n<meta property=\"og:description\" content=\"A Prefeitura e a C\u00e2mara Municipal de F\u00eanix receberam as Recomenda\u00e7\u00f5es Administrativas n\u00b0 16\/2020 e 17\/2020, respectivamente, ap\u00f3s o N\u00facleo de Intelig\u00eancia do MP de Contas do Paran\u00e1 (MPC-PR) verificar a aus\u00eancia de informa\u00e7\u00f5es sobre contratos e quadro de pessoal nos portais da transpar\u00eancia. As recomenda\u00e7\u00f5es ministeriais fazem parte de um trabalho desenvolvido pela institui\u00e7\u00e3o, [&hellip;]\" \/>\n<meta property=\"og:url\" content=\"https:\/\/www.mpc.pr.gov.br\/index.php\/camara-e-prefeitura-de-fenix-devem-atualizar-portais-da-transparencia-recomenda-o-mp-de-contas\/\" \/>\n<meta property=\"og:site_name\" content=\"Minist\u00e9rio P\u00fablico de Contas do Estado do Paran\u00e1\" \/>\n<meta property=\"article:publisher\" content=\"https:\/\/www.facebook.com\/mpc.pr\" \/>\n<meta property=\"article:published_time\" content=\"2020-01-28T16:40:02+00:00\" \/>\n<meta property=\"article:modified_time\" content=\"2020-07-10T17:39:21+00:00\" \/>\n<meta property=\"og:image\" content=\"https:\/\/www.mpc.pr.gov.br\/wp-content\/uploads\/2020\/03\/C\u00c2MARA-MUNICIPAL-DE-F\u00caNIX.jpg\" \/>\n\t<meta property=\"og:image:width\" content=\"300\" \/>\n\t<meta property=\"og:image:height\" content=\"225\" \/>\n\t<meta property=\"og:image:type\" content=\"image\/jpeg\" \/>\n<meta name=\"author\" content=\"giovanna.faria\" \/>\n<meta name=\"twitter:card\" content=\"summary_large_image\" \/>\n<meta name=\"twitter:label1\" content=\"Escrito por\" \/>\n\t<meta name=\"twitter:data1\" content=\"giovanna.faria\" \/>\n\t<meta name=\"twitter:label2\" content=\"Est. tempo de leitura\" \/>\n\t<meta name=\"twitter:data2\" content=\"1 minuto\" \/>\n<script type=\"application\/ld+json\" class=\"yoast-schema-graph\">{\"@context\":\"https:\\\/\\\/schema.org\",\"@graph\":[{\"@type\":\"Article\",\"@id\":\"https:\\\/\\\/www.mpc.pr.gov.br\\\/index.php\\\/camara-e-prefeitura-de-fenix-devem-atualizar-portais-da-transparencia-recomenda-o-mp-de-contas\\\/#article\",\"isPartOf\":{\"@id\":\"https:\\\/\\\/www.mpc.pr.gov.br\\\/index.php\\\/camara-e-prefeitura-de-fenix-devem-atualizar-portais-da-transparencia-recomenda-o-mp-de-contas\\\/\"},\"author\":{\"name\":\"giovanna.faria\",\"@id\":\"https:\\\/\\\/www.mpc.pr.gov.br\\\/#\\\/schema\\\/person\\\/d0c5cf9ebb4d8be833c419f3538cf751\"},\"headline\":\"C\u00e2mara e Prefeitura de F\u00eanix devem atualizar portais da transpar\u00eancia, recomenda o MP de Contas\",\"datePublished\":\"2020-01-28T16:40:02+00:00\",\"dateModified\":\"2020-07-10T17:39:21+00:00\",\"mainEntityOfPage\":{\"@id\":\"https:\\\/\\\/www.mpc.pr.gov.br\\\/index.php\\\/camara-e-prefeitura-de-fenix-devem-atualizar-portais-da-transparencia-recomenda-o-mp-de-contas\\\/\"},\"wordCount\":311,\"commentCount\":0,\"publisher\":{\"@id\":\"https:\\\/\\\/www.mpc.pr.gov.br\\\/#organization\"},\"image\":{\"@id\":\"https:\\\/\\\/www.mpc.pr.gov.br\\\/index.php\\\/camara-e-prefeitura-de-fenix-devem-atualizar-portais-da-transparencia-recomenda-o-mp-de-contas\\\/#primaryimage\"},\"thumbnailUrl\":\"https:\\\/\\\/www.mpc.pr.gov.br\\\/wp-content\\\/uploads\\\/2020\\\/03\\\/C\u00c2MARA-MUNICIPAL-DE-F\u00caNIX.jpg\",\"articleSection\":[\"Todas as not\u00edcias\",\"\u00daltimas not\u00edcias\"],\"inLanguage\":\"pt-BR\",\"potentialAction\":[{\"@type\":\"CommentAction\",\"name\":\"Comment\",\"target\":[\"https:\\\/\\\/www.mpc.pr.gov.br\\\/index.php\\\/camara-e-prefeitura-de-fenix-devem-atualizar-portais-da-transparencia-recomenda-o-mp-de-contas\\\/#respond\"]}]},{\"@type\":\"WebPage\",\"@id\":\"https:\\\/\\\/www.mpc.pr.gov.br\\\/index.php\\\/camara-e-prefeitura-de-fenix-devem-atualizar-portais-da-transparencia-recomenda-o-mp-de-contas\\\/\",\"url\":\"https:\\\/\\\/www.mpc.pr.gov.br\\\/index.php\\\/camara-e-prefeitura-de-fenix-devem-atualizar-portais-da-transparencia-recomenda-o-mp-de-contas\\\/\",\"name\":\"C\u00e2mara e Prefeitura de F\u00eanix devem atualizar portais da transpar\u00eancia, recomenda o MP de Contas - Minist\u00e9rio P\u00fablico de Contas do Estado do Paran\u00e1\",\"isPartOf\":{\"@id\":\"https:\\\/\\\/www.mpc.pr.gov.br\\\/#website\"},\"primaryImageOfPage\":{\"@id\":\"https:\\\/\\\/www.mpc.pr.gov.br\\\/index.php\\\/camara-e-prefeitura-de-fenix-devem-atualizar-portais-da-transparencia-recomenda-o-mp-de-contas\\\/#primaryimage\"},\"image\":{\"@id\":\"https:\\\/\\\/www.mpc.pr.gov.br\\\/index.php\\\/camara-e-prefeitura-de-fenix-devem-atualizar-portais-da-transparencia-recomenda-o-mp-de-contas\\\/#primaryimage\"},\"thumbnailUrl\":\"https:\\\/\\\/www.mpc.pr.gov.br\\\/wp-content\\\/uploads\\\/2020\\\/03\\\/C\u00c2MARA-MUNICIPAL-DE-F\u00caNIX.jpg\",\"datePublished\":\"2020-01-28T16:40:02+00:00\",\"dateModified\":\"2020-07-10T17:39:21+00:00\",\"breadcrumb\":{\"@id\":\"https:\\\/\\\/www.mpc.pr.gov.br\\\/index.php\\\/camara-e-prefeitura-de-fenix-devem-atualizar-portais-da-transparencia-recomenda-o-mp-de-contas\\\/#breadcrumb\"},\"inLanguage\":\"pt-BR\",\"potentialAction\":[{\"@type\":\"ReadAction\",\"target\":[\"https:\\\/\\\/www.mpc.pr.gov.br\\\/index.php\\\/camara-e-prefeitura-de-fenix-devem-atualizar-portais-da-transparencia-recomenda-o-mp-de-contas\\\/\"]}]},{\"@type\":\"ImageObject\",\"inLanguage\":\"pt-BR\",\"@id\":\"https:\\\/\\\/www.mpc.pr.gov.br\\\/index.php\\\/camara-e-prefeitura-de-fenix-devem-atualizar-portais-da-transparencia-recomenda-o-mp-de-contas\\\/#primaryimage\",\"url\":\"https:\\\/\\\/www.mpc.pr.gov.br\\\/wp-content\\\/uploads\\\/2020\\\/03\\\/C\u00c2MARA-MUNICIPAL-DE-F\u00caNIX.jpg\",\"contentUrl\":\"https:\\\/\\\/www.mpc.pr.gov.br\\\/wp-content\\\/uploads\\\/2020\\\/03\\\/C\u00c2MARA-MUNICIPAL-DE-F\u00caNIX.jpg\",\"width\":300,\"height\":225},{\"@type\":\"BreadcrumbList\",\"@id\":\"https:\\\/\\\/www.mpc.pr.gov.br\\\/index.php\\\/camara-e-prefeitura-de-fenix-devem-atualizar-portais-da-transparencia-recomenda-o-mp-de-contas\\\/#breadcrumb\",\"itemListElement\":[{\"@type\":\"ListItem\",\"position\":1,\"name\":\"In\u00edcio\",\"item\":\"https:\\\/\\\/www.mpc.pr.gov.br\\\/\"},{\"@type\":\"ListItem\",\"position\":2,\"name\":\"C\u00e2mara e Prefeitura de F\u00eanix devem atualizar portais da transpar\u00eancia, recomenda o MP de Contas\"}]},{\"@type\":\"WebSite\",\"@id\":\"https:\\\/\\\/www.mpc.pr.gov.br\\\/#website\",\"url\":\"https:\\\/\\\/www.mpc.pr.gov.br\\\/\",\"name\":\"Minist\u00e9rio P\u00fablico de Contas do Estado do Paran\u00e1\",\"description\":\"\",\"publisher\":{\"@id\":\"https:\\\/\\\/www.mpc.pr.gov.br\\\/#organization\"},\"potentialAction\":[{\"@type\":\"SearchAction\",\"target\":{\"@type\":\"EntryPoint\",\"urlTemplate\":\"https:\\\/\\\/www.mpc.pr.gov.br\\\/?s={search_term_string}\"},\"query-input\":{\"@type\":\"PropertyValueSpecification\",\"valueRequired\":true,\"valueName\":\"search_term_string\"}}],\"inLanguage\":\"pt-BR\"},{\"@type\":\"Organization\",\"@id\":\"https:\\\/\\\/www.mpc.pr.gov.br\\\/#organization\",\"name\":\"Minist\u00e9rio P\u00fablico de Contas do Estado do Paran\u00e1\",\"url\":\"https:\\\/\\\/www.mpc.pr.gov.br\\\/\",\"logo\":{\"@type\":\"ImageObject\",\"inLanguage\":\"pt-BR\",\"@id\":\"https:\\\/\\\/www.mpc.pr.gov.br\\\/#\\\/schema\\\/logo\\\/image\\\/\",\"url\":\"https:\\\/\\\/www.mpc.pr.gov.br\\\/wp-content\\\/uploads\\\/2020\\\/06\\\/99423647_1593460364143890_6706793420720963584_n-1-e1591387983167.png\",\"contentUrl\":\"https:\\\/\\\/www.mpc.pr.gov.br\\\/wp-content\\\/uploads\\\/2020\\\/06\\\/99423647_1593460364143890_6706793420720963584_n-1-e1591387983167.png\",\"width\":243,\"height\":73,\"caption\":\"Minist\u00e9rio P\u00fablico de Contas do Estado do Paran\u00e1\"},\"image\":{\"@id\":\"https:\\\/\\\/www.mpc.pr.gov.br\\\/#\\\/schema\\\/logo\\\/image\\\/\"},\"sameAs\":[\"https:\\\/\\\/www.facebook.com\\\/mpc.pr\",\"https:\\\/\\\/www.instagram.com\\\/mpc.pr\\\/?hl=pt-br\",\"https:\\\/\\\/www.youtube.com\\\/channel\\\/UCHri5oEM8DV0ztX57E0sBSw\"]},{\"@type\":\"Person\",\"@id\":\"https:\\\/\\\/www.mpc.pr.gov.br\\\/#\\\/schema\\\/person\\\/d0c5cf9ebb4d8be833c419f3538cf751\",\"name\":\"giovanna.faria\",\"image\":{\"@type\":\"ImageObject\",\"inLanguage\":\"pt-BR\",\"@id\":\"https:\\\/\\\/secure.gravatar.com\\\/avatar\\\/?s=96&d=mm&r=g\",\"url\":\"https:\\\/\\\/secure.gravatar.com\\\/avatar\\\/?s=96&d=mm&r=g\",\"contentUrl\":\"https:\\\/\\\/secure.gravatar.com\\\/avatar\\\/?s=96&d=mm&r=g\",\"caption\":\"giovanna.faria\"}}]}<\/script>\n<!-- \/ Yoast SEO plugin. -->","yoast_head_json":{"title":"C\u00e2mara e Prefeitura de F\u00eanix devem atualizar portais da transpar\u00eancia, recomenda o MP de Contas - Minist\u00e9rio P\u00fablico de Contas do Estado do Paran\u00e1","robots":{"index":"index","follow":"follow","max-snippet":"max-snippet:-1","max-image-preview":"max-image-preview:large","max-video-preview":"max-video-preview:-1"},"canonical":"https:\/\/www.mpc.pr.gov.br\/index.php\/camara-e-prefeitura-de-fenix-devem-atualizar-portais-da-transparencia-recomenda-o-mp-de-contas\/","og_locale":"pt_BR","og_type":"article","og_title":"C\u00e2mara e Prefeitura de F\u00eanix devem atualizar portais da transpar\u00eancia, recomenda o MP de Contas - Minist\u00e9rio P\u00fablico de Contas do Estado do Paran\u00e1","og_description":"A Prefeitura e a C\u00e2mara Municipal de F\u00eanix receberam as Recomenda\u00e7\u00f5es Administrativas n\u00b0 16\/2020 e 17\/2020, respectivamente, ap\u00f3s o N\u00facleo de Intelig\u00eancia do MP de Contas do Paran\u00e1 (MPC-PR) verificar a aus\u00eancia de informa\u00e7\u00f5es sobre contratos e quadro de pessoal nos portais da transpar\u00eancia. As recomenda\u00e7\u00f5es ministeriais fazem parte de um trabalho desenvolvido pela institui\u00e7\u00e3o, [&hellip;]","og_url":"https:\/\/www.mpc.pr.gov.br\/index.php\/camara-e-prefeitura-de-fenix-devem-atualizar-portais-da-transparencia-recomenda-o-mp-de-contas\/","og_site_name":"Minist\u00e9rio P\u00fablico de Contas do Estado do Paran\u00e1","article_publisher":"https:\/\/www.facebook.com\/mpc.pr","article_published_time":"2020-01-28T16:40:02+00:00","article_modified_time":"2020-07-10T17:39:21+00:00","og_image":[{"width":300,"height":225,"url":"https:\/\/www.mpc.pr.gov.br\/wp-content\/uploads\/2020\/03\/C\u00c2MARA-MUNICIPAL-DE-F\u00caNIX.jpg","type":"image\/jpeg"}],"author":"giovanna.faria","twitter_card":"summary_large_image","twitter_misc":{"Escrito por":"giovanna.faria","Est. tempo de leitura":"1 minuto"},"schema":{"@context":"https:\/\/schema.org","@graph":[{"@type":"Article","@id":"https:\/\/www.mpc.pr.gov.br\/index.php\/camara-e-prefeitura-de-fenix-devem-atualizar-portais-da-transparencia-recomenda-o-mp-de-contas\/#article","isPartOf":{"@id":"https:\/\/www.mpc.pr.gov.br\/index.php\/camara-e-prefeitura-de-fenix-devem-atualizar-portais-da-transparencia-recomenda-o-mp-de-contas\/"},"author":{"name":"giovanna.faria","@id":"https:\/\/www.mpc.pr.gov.br\/#\/schema\/person\/d0c5cf9ebb4d8be833c419f3538cf751"},"headline":"C\u00e2mara e Prefeitura de F\u00eanix devem atualizar portais da transpar\u00eancia, recomenda o MP de Contas","datePublished":"2020-01-28T16:40:02+00:00","dateModified":"2020-07-10T17:39:21+00:00","mainEntityOfPage":{"@id":"https:\/\/www.mpc.pr.gov.br\/index.php\/camara-e-prefeitura-de-fenix-devem-atualizar-portais-da-transparencia-recomenda-o-mp-de-contas\/"},"wordCount":311,"commentCount":0,"publisher":{"@id":"https:\/\/www.mpc.pr.gov.br\/#organization"},"image":{"@id":"https:\/\/www.mpc.pr.gov.br\/index.php\/camara-e-prefeitura-de-fenix-devem-atualizar-portais-da-transparencia-recomenda-o-mp-de-contas\/#primaryimage"},"thumbnailUrl":"https:\/\/www.mpc.pr.gov.br\/wp-content\/uploads\/2020\/03\/C\u00c2MARA-MUNICIPAL-DE-F\u00caNIX.jpg","articleSection":["Todas as not\u00edcias","\u00daltimas not\u00edcias"],"inLanguage":"pt-BR","potentialAction":[{"@type":"CommentAction","name":"Comment","target":["https:\/\/www.mpc.pr.gov.br\/index.php\/camara-e-prefeitura-de-fenix-devem-atualizar-portais-da-transparencia-recomenda-o-mp-de-contas\/#respond"]}]},{"@type":"WebPage","@id":"https:\/\/www.mpc.pr.gov.br\/index.php\/camara-e-prefeitura-de-fenix-devem-atualizar-portais-da-transparencia-recomenda-o-mp-de-contas\/","url":"https:\/\/www.mpc.pr.gov.br\/index.php\/camara-e-prefeitura-de-fenix-devem-atualizar-portais-da-transparencia-recomenda-o-mp-de-contas\/","name":"C\u00e2mara e Prefeitura de F\u00eanix devem atualizar portais da transpar\u00eancia, recomenda o MP de Contas - Minist\u00e9rio P\u00fablico de Contas do Estado do Paran\u00e1","isPartOf":{"@id":"https:\/\/www.mpc.pr.gov.br\/#website"},"primaryImageOfPage":{"@id":"https:\/\/www.mpc.pr.gov.br\/index.php\/camara-e-prefeitura-de-fenix-devem-atualizar-portais-da-transparencia-recomenda-o-mp-de-contas\/#primaryimage"},"image":{"@id":"https:\/\/www.mpc.pr.gov.br\/index.php\/camara-e-prefeitura-de-fenix-devem-atualizar-portais-da-transparencia-recomenda-o-mp-de-contas\/#primaryimage"},"thumbnailUrl":"https:\/\/www.mpc.pr.gov.br\/wp-content\/uploads\/2020\/03\/C\u00c2MARA-MUNICIPAL-DE-F\u00caNIX.jpg","datePublished":"2020-01-28T16:40:02+00:00","dateModified":"2020-07-10T17:39:21+00:00","breadcrumb":{"@id":"https:\/\/www.mpc.pr.gov.br\/index.php\/camara-e-prefeitura-de-fenix-devem-atualizar-portais-da-transparencia-recomenda-o-mp-de-contas\/#breadcrumb"},"inLanguage":"pt-BR","potentialAction":[{"@type":"ReadAction","target":["https:\/\/www.mpc.pr.gov.br\/index.php\/camara-e-prefeitura-de-fenix-devem-atualizar-portais-da-transparencia-recomenda-o-mp-de-contas\/"]}]},{"@type":"ImageObject","inLanguage":"pt-BR","@id":"https:\/\/www.mpc.pr.gov.br\/index.php\/camara-e-prefeitura-de-fenix-devem-atualizar-portais-da-transparencia-recomenda-o-mp-de-contas\/#primaryimage","url":"https:\/\/www.mpc.pr.gov.br\/wp-content\/uploads\/2020\/03\/C\u00c2MARA-MUNICIPAL-DE-F\u00caNIX.jpg","contentUrl":"https:\/\/www.mpc.pr.gov.br\/wp-content\/uploads\/2020\/03\/C\u00c2MARA-MUNICIPAL-DE-F\u00caNIX.jpg","width":300,"height":225},{"@type":"BreadcrumbList","@id":"https:\/\/www.mpc.pr.gov.br\/index.php\/camara-e-prefeitura-de-fenix-devem-atualizar-portais-da-transparencia-recomenda-o-mp-de-contas\/#breadcrumb","itemListElement":[{"@type":"ListItem","position":1,"name":"In\u00edcio","item":"https:\/\/www.mpc.pr.gov.br\/"},{"@type":"ListItem","position":2,"name":"C\u00e2mara e Prefeitura de F\u00eanix devem atualizar portais da transpar\u00eancia, recomenda o MP de Contas"}]},{"@type":"WebSite","@id":"https:\/\/www.mpc.pr.gov.br\/#website","url":"https:\/\/www.mpc.pr.gov.br\/","name":"Minist\u00e9rio P\u00fablico de Contas do Estado do Paran\u00e1","description":"","publisher":{"@id":"https:\/\/www.mpc.pr.gov.br\/#organization"},"potentialAction":[{"@type":"SearchAction","target":{"@type":"EntryPoint","urlTemplate":"https:\/\/www.mpc.pr.gov.br\/?s={search_term_string}"},"query-input":{"@type":"PropertyValueSpecification","valueRequired":true,"valueName":"search_term_string"}}],"inLanguage":"pt-BR"},{"@type":"Organization","@id":"https:\/\/www.mpc.pr.gov.br\/#organization","name":"Minist\u00e9rio P\u00fablico de Contas do Estado do Paran\u00e1","url":"https:\/\/www.mpc.pr.gov.br\/","logo":{"@type":"ImageObject","inLanguage":"pt-BR","@id":"https:\/\/www.mpc.pr.gov.br\/#\/schema\/logo\/image\/","url":"https:\/\/www.mpc.pr.gov.br\/wp-content\/uploads\/2020\/06\/99423647_1593460364143890_6706793420720963584_n-1-e1591387983167.png","contentUrl":"https:\/\/www.mpc.pr.gov.br\/wp-content\/uploads\/2020\/06\/99423647_1593460364143890_6706793420720963584_n-1-e1591387983167.png","width":243,"height":73,"caption":"Minist\u00e9rio P\u00fablico de Contas do Estado do Paran\u00e1"},"image":{"@id":"https:\/\/www.mpc.pr.gov.br\/#\/schema\/logo\/image\/"},"sameAs":["https:\/\/www.facebook.com\/mpc.pr","https:\/\/www.instagram.com\/mpc.pr\/?hl=pt-br","https:\/\/www.youtube.com\/channel\/UCHri5oEM8DV0ztX57E0sBSw"]},{"@type":"Person","@id":"https:\/\/www.mpc.pr.gov.br\/#\/schema\/person\/d0c5cf9ebb4d8be833c419f3538cf751","name":"giovanna.faria","image":{"@type":"ImageObject","inLanguage":"pt-BR","@id":"https:\/\/secure.gravatar.com\/avatar\/?s=96&d=mm&r=g","url":"https:\/\/secure.gravatar.com\/avatar\/?s=96&d=mm&r=g","contentUrl":"https:\/\/secure.gravatar.com\/avatar\/?s=96&d=mm&r=g","caption":"giovanna.faria"}}]}},"rttpg_featured_image_url":{"full":["https:\/\/www.mpc.pr.gov.br\/wp-content\/uploads\/2020\/03\/C\u00c2MARA-MUNICIPAL-DE-F\u00caNIX.jpg",300,225,false],"landscape":["https:\/\/www.mpc.pr.gov.br\/wp-content\/uploads\/2020\/03\/C\u00c2MARA-MUNICIPAL-DE-F\u00caNIX.jpg",300,225,false],"portraits":["https:\/\/www.mpc.pr.gov.br\/wp-content\/uploads\/2020\/03\/C\u00c2MARA-MUNICIPAL-DE-F\u00caNIX.jpg",300,225,false],"thumbnail":["https:\/\/www.mpc.pr.gov.br\/wp-content\/uploads\/2020\/03\/C\u00c2MARA-MUNICIPAL-DE-F\u00caNIX-150x150.jpg",150,150,true],"medium":["https:\/\/www.mpc.pr.gov.br\/wp-content\/uploads\/2020\/03\/C\u00c2MARA-MUNICIPAL-DE-F\u00caNIX.jpg",300,225,false],"large":["https:\/\/www.mpc.pr.gov.br\/wp-content\/uploads\/2020\/03\/C\u00c2MARA-MUNICIPAL-DE-F\u00caNIX.jpg",300,225,false],"1536x1536":["https:\/\/www.mpc.pr.gov.br\/wp-content\/uploads\/2020\/03\/C\u00c2MARA-MUNICIPAL-DE-F\u00caNIX.jpg",300,225,false],"2048x2048":["https:\/\/www.mpc.pr.gov.br\/wp-content\/uploads\/2020\/03\/C\u00c2MARA-MUNICIPAL-DE-F\u00caNIX.jpg",300,225,false],"ocean-thumb-m":["https:\/\/www.mpc.pr.gov.br\/wp-content\/uploads\/2020\/03\/C\u00c2MARA-MUNICIPAL-DE-F\u00caNIX.jpg",300,225,false],"ocean-thumb-ml":["https:\/\/www.mpc.pr.gov.br\/wp-content\/uploads\/2020\/03\/C\u00c2MARA-MUNICIPAL-DE-F\u00caNIX.jpg",300,225,false],"ocean-thumb-l":["https:\/\/www.mpc.pr.gov.br\/wp-content\/uploads\/2020\/03\/C\u00c2MARA-MUNICIPAL-DE-F\u00caNIX.jpg",300,225,false]},"rttpg_author":{"display_name":"giovanna.faria","author_link":"https:\/\/www.mpc.pr.gov.br\/index.php\/author\/giovanna-faria\/"},"rttpg_comment":0,"rttpg_category":"<a href=\"https:\/\/www.mpc.pr.gov.br\/index.php\/category\/todas-as-noticias\/\" rel=\"category tag\">Todas as not\u00edcias<\/a> <a href=\"https:\/\/www.mpc.pr.gov.br\/index.php\/category\/ultimas-noticias\/\" rel=\"category tag\">\u00daltimas not\u00edcias<\/a>","rttpg_excerpt":"A Prefeitura e a C\u00e2mara Municipal de F\u00eanix receberam as Recomenda\u00e7\u00f5es Administrativas n\u00b0 16\/2020 e 17\/2020, respectivamente, ap\u00f3s o N\u00facleo de Intelig\u00eancia do MP de Contas do Paran\u00e1 (MPC-PR) verificar a aus\u00eancia de informa\u00e7\u00f5es sobre contratos e quadro de pessoal nos portais da transpar\u00eancia. As recomenda\u00e7\u00f5es ministeriais fazem parte de um trabalho desenvolvido pela institui\u00e7\u00e3o,&hellip;","_links":{"self":[{"href":"https:\/\/www.mpc.pr.gov.br\/index.php\/wp-json\/wp\/v2\/posts\/8401","targetHints":{"allow":["GET"]}}],"collection":[{"href":"https:\/\/www.mpc.pr.gov.br\/index.php\/wp-json\/wp\/v2\/posts"}],"about":[{"href":"https:\/\/www.mpc.pr.gov.br\/index.php\/wp-json\/wp\/v2\/types\/post"}],"author":[{"embeddable":true,"href":"https:\/\/www.mpc.pr.gov.br\/index.php\/wp-json\/wp\/v2\/users\/5"}],"replies":[{"embeddable":true,"href":"https:\/\/www.mpc.pr.gov.br\/index.php\/wp-json\/wp\/v2\/comments?post=8401"}],"version-history":[{"count":2,"href":"https:\/\/www.mpc.pr.gov.br\/index.php\/wp-json\/wp\/v2\/posts\/8401\/revisions"}],"predecessor-version":[{"id":9345,"href":"https:\/\/www.mpc.pr.gov.br\/index.php\/wp-json\/wp\/v2\/posts\/8401\/revisions\/9345"}],"wp:featuredmedia":[{"embeddable":true,"href":"https:\/\/www.mpc.pr.gov.br\/index.php\/wp-json\/wp\/v2\/media\/9309"}],"wp:attachment":[{"href":"https:\/\/www.mpc.pr.gov.br\/index.php\/wp-json\/wp\/v2\/media?parent=8401"}],"wp:term":[{"taxonomy":"category","embeddable":true,"href":"https:\/\/www.mpc.pr.gov.br\/index.php\/wp-json\/wp\/v2\/categories?post=8401"},{"taxonomy":"post_tag","embeddable":true,"href":"https:\/\/www.mpc.pr.gov.br\/index.php\/wp-json\/wp\/v2\/tags?post=8401"}],"curies":[{"name":"wp","href":"https:\/\/api.w.org\/{rel}","templated":true}]}}