{"id":8439,"date":"2020-02-04T10:53:48","date_gmt":"2020-02-04T13:53:48","guid":{"rendered":"http:\/\/www.mpc.pr.gov.br\/?p=8439"},"modified":"2020-07-10T14:38:10","modified_gmt":"2020-07-10T17:38:10","slug":"mp-de-contas-discutira-receitas-publicas-em-seminario-do-tce-pr-em-umuarama","status":"publish","type":"post","link":"https:\/\/www.mpc.pr.gov.br\/index.php\/mp-de-contas-discutira-receitas-publicas-em-seminario-do-tce-pr-em-umuarama\/","title":{"rendered":"MP de Contas discutir\u00e1 Receitas P\u00fablicas em semin\u00e1rio do TCE-PR em Umuarama"},"content":{"rendered":"<p>Na sexta-feira (7), o MP de Contas do Paran\u00e1 (MPC-PR) participar\u00e1 do semin\u00e1rio <strong><em>Entrega de Contas: Plano de Contas Anual (PCA), Plano Anual de Fiscaliza\u00e7\u00e3o (PAF) e Encerramento de Mandato<\/em><\/strong>, promovido pela Escola de Gest\u00e3o P\u00fablica do Tribunal de Contas do Paran\u00e1 (TCE-PR). O evento ser\u00e1 realizado no audit\u00f3rio da Prefeitura Municipal de Umuarama, das 9 \u00e0s 17h, e conta com apoio da Associa\u00e7\u00e3o do Munic\u00edpios de Entre Rios (Amerios).<\/p>\n<p>Al\u00e9m do PCA de 2019, os t\u00e9cnicos do TCE-PR apresentar\u00e3o aos participantes o PAF de 2020 da Corte, que prev\u00ea a realiza\u00e7\u00e3o de fiscaliza\u00e7\u00f5es presenciais em todas as regi\u00f5es do Paran\u00e1. Outro tema s\u00e3o as veda\u00e7\u00f5es e obriga\u00e7\u00f5es legais neste \u00faltimo ano do atual mandato de prefeitos e vereadores. Para orientar os gestores, o Tribunal de Contas lan\u00e7ou, no dia 30 de janeiro, o <a href=\"https:\/\/www1.tce.pr.gov.br\/multimidia\/2020\/1\/pdf\/00343007.pdf\">Manual de Encerramento de Mandato<\/a> 2020, cujo conte\u00fado j\u00e1 est\u00e1 dispon\u00edvel no portal da Corte na internet.<\/p>\n<p><a href=\"http:\/\/www.mpc.pr.gov.br\/wp-content\/uploads\/2020\/02\/Folder_Entrega-de-Contas_1_Umuarama.jpg\" rel=\"attachment wp-att-8444\"><img fetchpriority=\"high\" decoding=\"async\" class=\"alignright wp-image-8444\" src=\"http:\/\/www.mpc.pr.gov.br\/wp-content\/uploads\/2020\/02\/Folder_Entrega-de-Contas_1_Umuarama.jpg\" alt=\"\" width=\"481\" height=\"680\" \/><\/a>Durante o evento, ainda ser\u00e1 abordado o tema <strong><em>Receitas P\u00fablicas e Reforma Tribut\u00e1ria<\/em><\/strong>, com a participa\u00e7\u00e3o do Procurador-Geral do MP de Contas, Fl\u00e1vio Berti, que far\u00e1 uma avalia\u00e7\u00e3o cr\u00edtica sobre a arrecada\u00e7\u00e3o dos munic\u00edpios paranaenses. De acordo com Berti, muitas vezes os pequenos munic\u00edpios deixam de\u00a0lan\u00e7ar os impostos municipais, como Imposto sobre servi\u00e7os de qualquer natureza (ISS) e Imposto sobre a Propriedade Predial e Territorial Urbana (IPTU), e tem como principal fonte de receita pr\u00f3pria o Imposte de Renda retido na folha dos servidores municipais, que \u00e9 um imposto federal.<\/p>\n<p>As inscri\u00e7\u00f5es para o semin\u00e1rio est\u00e3o abertas e podem ser realizadas por meio do portal da Escola de Gest\u00e3o. No dia 14 de fevereiro, o mesmo evento ser\u00e1 promovido no munic\u00edpio de Santa Helena.<\/p>\n<p><strong>Balan\u00e7o de 2019<\/strong><\/p>\n<p>Em 2019, os cursos da EGP receberam 49 mil inscri\u00e7\u00f5es. A maior parte deste n\u00famero &#8211; 33 mil &#8211; se refere \u00e0 modalidade de ensino a dist\u00e2ncia, na qual o TCE-PR se tornou refer\u00eancia entre as cortes de contas brasileiras. O<a href=\"http:\/\/www1.tce.pr.gov.br\/conteudo\/cursos-agendados-jurisdicionados\/245773\/area\/59\"> portal da EGP<\/a> na internet disp\u00f5e atualmente de um card\u00e1pio com 101 cursos e palestras nessa modalidade, permanentemente renovados e atualizados.<\/p>\n<p>Gratuitos e ministrados por especialistas, os cursos do Tribunal de Contas oferecem capacita\u00e7\u00e3o nas principais \u00e1reas da administra\u00e7\u00e3o p\u00fablica, incluindo Contabilidade, Administra\u00e7\u00e3o, Direito, licita\u00e7\u00f5es e contratos, atos de pessoal e transfer\u00eancias volunt\u00e1rias de recursos, entre outros temas.<\/p>\n<blockquote><p><strong>Servi\u00e7o<\/strong><\/p>\n<p><strong>Curso: <\/strong>Entrega de Contas: Plano de Contas Anual (PCA), Plano Anual de Fiscaliza\u00e7\u00e3o (PAF) e Encerramento de Mandato<\/p>\n<p><strong>Data: <\/strong>7 de fevereiro (sexta-feira), das 9 \u00e0s 17 horas.<\/p>\n<p><strong>Local: <\/strong>Audit\u00f3rio da Prefeitura de Umuarama<\/p>\n<p>Avenida Rio Branco, 3.717, Centro<\/p>\n<p><strong>Inscri\u00e7\u00f5es: <\/strong><a href=\"https:\/\/www1.tce.pr.gov.br\/conteudo\/presencial-entrega-de-contas-pca-paf-e-encerramento-de-mandato-umuarama\/326819\/area\/59\">https:\/\/www1.tce.pr.gov.br\/conteudo\/presencial-entrega-de-contas-pca-paf-e-encerramento-de-mandato-umuarama\/326819\/area\/59<\/a><\/p><\/blockquote>\n<p><strong><em>\u00a0<\/em><\/strong><\/p>\n<p><strong><em>Fonte: Com informa\u00e7\u00f5es da Diretoria de Comunica\u00e7\u00e3o Social \u2013 TCE\/PR.<\/em><\/strong><\/p>\n","protected":false},"excerpt":{"rendered":"<p>Na sexta-feira (7), o MP de Contas do Paran\u00e1 (MPC-PR) participar\u00e1 do semin\u00e1rio Entrega de Contas: Plano de Contas Anual (PCA), Plano Anual de Fiscaliza\u00e7\u00e3o (PAF) e Encerramento de Mandato, promovido pela Escola de Gest\u00e3o P\u00fablica do Tribunal de Contas do Paran\u00e1 (TCE-PR). O evento ser\u00e1 realizado no audit\u00f3rio da Prefeitura Municipal de Umuarama, das [&hellip;]<\/p>\n","protected":false},"author":5,"featured_media":9339,"comment_status":"open","ping_status":"open","sticky":false,"template":"","format":"standard","meta":{"_monsterinsights_skip_tracking":false,"_monsterinsights_sitenote_active":false,"_monsterinsights_sitenote_note":"","_monsterinsights_sitenote_category":0,"footnotes":""},"categories":[7,14],"tags":[],"class_list":["post-8439","post","type-post","status-publish","format-standard","has-post-thumbnail","hentry","category-todas-as-noticias","category-ultimas-noticias","entry","has-media"],"yoast_head":"<!-- This site is optimized with the Yoast SEO plugin v27.3 - https:\/\/yoast.com\/product\/yoast-seo-wordpress\/ -->\n<title>MP de Contas discutir\u00e1 Receitas P\u00fablicas em semin\u00e1rio do TCE-PR em Umuarama - Minist\u00e9rio P\u00fablico de Contas do Estado do Paran\u00e1<\/title>\n<meta name=\"robots\" content=\"index, follow, max-snippet:-1, max-image-preview:large, max-video-preview:-1\" \/>\n<link rel=\"canonical\" href=\"https:\/\/www.mpc.pr.gov.br\/index.php\/mp-de-contas-discutira-receitas-publicas-em-seminario-do-tce-pr-em-umuarama\/\" \/>\n<meta property=\"og:locale\" content=\"pt_BR\" \/>\n<meta property=\"og:type\" content=\"article\" \/>\n<meta property=\"og:title\" content=\"MP de Contas discutir\u00e1 Receitas P\u00fablicas em semin\u00e1rio do TCE-PR em Umuarama - Minist\u00e9rio P\u00fablico de Contas do Estado do Paran\u00e1\" \/>\n<meta property=\"og:description\" content=\"Na sexta-feira (7), o MP de Contas do Paran\u00e1 (MPC-PR) participar\u00e1 do semin\u00e1rio Entrega de Contas: Plano de Contas Anual (PCA), Plano Anual de Fiscaliza\u00e7\u00e3o (PAF) e Encerramento de Mandato, promovido pela Escola de Gest\u00e3o P\u00fablica do Tribunal de Contas do Paran\u00e1 (TCE-PR). O evento ser\u00e1 realizado no audit\u00f3rio da Prefeitura Municipal de Umuarama, das [&hellip;]\" \/>\n<meta property=\"og:url\" content=\"https:\/\/www.mpc.pr.gov.br\/index.php\/mp-de-contas-discutira-receitas-publicas-em-seminario-do-tce-pr-em-umuarama\/\" \/>\n<meta property=\"og:site_name\" content=\"Minist\u00e9rio P\u00fablico de Contas do Estado do Paran\u00e1\" \/>\n<meta property=\"article:publisher\" content=\"https:\/\/www.facebook.com\/mpc.pr\" \/>\n<meta property=\"article:published_time\" content=\"2020-02-04T13:53:48+00:00\" \/>\n<meta property=\"article:modified_time\" content=\"2020-07-10T17:38:10+00:00\" \/>\n<meta property=\"og:image\" content=\"https:\/\/www.mpc.pr.gov.br\/wp-content\/uploads\/2020\/02\/Folder_Entrega-de-Contas_1_Umuarama-1-scaled.jpg\" \/>\n\t<meta property=\"og:image:width\" content=\"1811\" \/>\n\t<meta property=\"og:image:height\" content=\"2560\" \/>\n\t<meta property=\"og:image:type\" content=\"image\/jpeg\" \/>\n<meta name=\"author\" content=\"giovanna.faria\" \/>\n<meta name=\"twitter:card\" content=\"summary_large_image\" \/>\n<meta name=\"twitter:label1\" content=\"Escrito por\" \/>\n\t<meta name=\"twitter:data1\" content=\"giovanna.faria\" \/>\n\t<meta name=\"twitter:label2\" content=\"Est. tempo de leitura\" \/>\n\t<meta name=\"twitter:data2\" content=\"2 minutos\" \/>\n<script type=\"application\/ld+json\" class=\"yoast-schema-graph\">{\"@context\":\"https:\\\/\\\/schema.org\",\"@graph\":[{\"@type\":\"Article\",\"@id\":\"https:\\\/\\\/www.mpc.pr.gov.br\\\/index.php\\\/mp-de-contas-discutira-receitas-publicas-em-seminario-do-tce-pr-em-umuarama\\\/#article\",\"isPartOf\":{\"@id\":\"https:\\\/\\\/www.mpc.pr.gov.br\\\/index.php\\\/mp-de-contas-discutira-receitas-publicas-em-seminario-do-tce-pr-em-umuarama\\\/\"},\"author\":{\"name\":\"giovanna.faria\",\"@id\":\"https:\\\/\\\/www.mpc.pr.gov.br\\\/#\\\/schema\\\/person\\\/d0c5cf9ebb4d8be833c419f3538cf751\"},\"headline\":\"MP de Contas discutir\u00e1 Receitas P\u00fablicas em semin\u00e1rio do TCE-PR em Umuarama\",\"datePublished\":\"2020-02-04T13:53:48+00:00\",\"dateModified\":\"2020-07-10T17:38:10+00:00\",\"mainEntityOfPage\":{\"@id\":\"https:\\\/\\\/www.mpc.pr.gov.br\\\/index.php\\\/mp-de-contas-discutira-receitas-publicas-em-seminario-do-tce-pr-em-umuarama\\\/\"},\"wordCount\":490,\"commentCount\":0,\"publisher\":{\"@id\":\"https:\\\/\\\/www.mpc.pr.gov.br\\\/#organization\"},\"image\":{\"@id\":\"https:\\\/\\\/www.mpc.pr.gov.br\\\/index.php\\\/mp-de-contas-discutira-receitas-publicas-em-seminario-do-tce-pr-em-umuarama\\\/#primaryimage\"},\"thumbnailUrl\":\"https:\\\/\\\/www.mpc.pr.gov.br\\\/wp-content\\\/uploads\\\/2020\\\/02\\\/Folder_Entrega-de-Contas_1_Umuarama-1-scaled.jpg\",\"articleSection\":[\"Todas as not\u00edcias\",\"\u00daltimas not\u00edcias\"],\"inLanguage\":\"pt-BR\",\"potentialAction\":[{\"@type\":\"CommentAction\",\"name\":\"Comment\",\"target\":[\"https:\\\/\\\/www.mpc.pr.gov.br\\\/index.php\\\/mp-de-contas-discutira-receitas-publicas-em-seminario-do-tce-pr-em-umuarama\\\/#respond\"]}]},{\"@type\":\"WebPage\",\"@id\":\"https:\\\/\\\/www.mpc.pr.gov.br\\\/index.php\\\/mp-de-contas-discutira-receitas-publicas-em-seminario-do-tce-pr-em-umuarama\\\/\",\"url\":\"https:\\\/\\\/www.mpc.pr.gov.br\\\/index.php\\\/mp-de-contas-discutira-receitas-publicas-em-seminario-do-tce-pr-em-umuarama\\\/\",\"name\":\"MP de Contas discutir\u00e1 Receitas P\u00fablicas em semin\u00e1rio do TCE-PR em Umuarama - Minist\u00e9rio P\u00fablico de Contas do Estado do Paran\u00e1\",\"isPartOf\":{\"@id\":\"https:\\\/\\\/www.mpc.pr.gov.br\\\/#website\"},\"primaryImageOfPage\":{\"@id\":\"https:\\\/\\\/www.mpc.pr.gov.br\\\/index.php\\\/mp-de-contas-discutira-receitas-publicas-em-seminario-do-tce-pr-em-umuarama\\\/#primaryimage\"},\"image\":{\"@id\":\"https:\\\/\\\/www.mpc.pr.gov.br\\\/index.php\\\/mp-de-contas-discutira-receitas-publicas-em-seminario-do-tce-pr-em-umuarama\\\/#primaryimage\"},\"thumbnailUrl\":\"https:\\\/\\\/www.mpc.pr.gov.br\\\/wp-content\\\/uploads\\\/2020\\\/02\\\/Folder_Entrega-de-Contas_1_Umuarama-1-scaled.jpg\",\"datePublished\":\"2020-02-04T13:53:48+00:00\",\"dateModified\":\"2020-07-10T17:38:10+00:00\",\"breadcrumb\":{\"@id\":\"https:\\\/\\\/www.mpc.pr.gov.br\\\/index.php\\\/mp-de-contas-discutira-receitas-publicas-em-seminario-do-tce-pr-em-umuarama\\\/#breadcrumb\"},\"inLanguage\":\"pt-BR\",\"potentialAction\":[{\"@type\":\"ReadAction\",\"target\":[\"https:\\\/\\\/www.mpc.pr.gov.br\\\/index.php\\\/mp-de-contas-discutira-receitas-publicas-em-seminario-do-tce-pr-em-umuarama\\\/\"]}]},{\"@type\":\"ImageObject\",\"inLanguage\":\"pt-BR\",\"@id\":\"https:\\\/\\\/www.mpc.pr.gov.br\\\/index.php\\\/mp-de-contas-discutira-receitas-publicas-em-seminario-do-tce-pr-em-umuarama\\\/#primaryimage\",\"url\":\"https:\\\/\\\/www.mpc.pr.gov.br\\\/wp-content\\\/uploads\\\/2020\\\/02\\\/Folder_Entrega-de-Contas_1_Umuarama-1-scaled.jpg\",\"contentUrl\":\"https:\\\/\\\/www.mpc.pr.gov.br\\\/wp-content\\\/uploads\\\/2020\\\/02\\\/Folder_Entrega-de-Contas_1_Umuarama-1-scaled.jpg\",\"width\":1811,\"height\":2560},{\"@type\":\"BreadcrumbList\",\"@id\":\"https:\\\/\\\/www.mpc.pr.gov.br\\\/index.php\\\/mp-de-contas-discutira-receitas-publicas-em-seminario-do-tce-pr-em-umuarama\\\/#breadcrumb\",\"itemListElement\":[{\"@type\":\"ListItem\",\"position\":1,\"name\":\"In\u00edcio\",\"item\":\"https:\\\/\\\/www.mpc.pr.gov.br\\\/\"},{\"@type\":\"ListItem\",\"position\":2,\"name\":\"MP de Contas discutir\u00e1 Receitas P\u00fablicas em semin\u00e1rio do TCE-PR em Umuarama\"}]},{\"@type\":\"WebSite\",\"@id\":\"https:\\\/\\\/www.mpc.pr.gov.br\\\/#website\",\"url\":\"https:\\\/\\\/www.mpc.pr.gov.br\\\/\",\"name\":\"Minist\u00e9rio P\u00fablico de Contas do Estado do Paran\u00e1\",\"description\":\"\",\"publisher\":{\"@id\":\"https:\\\/\\\/www.mpc.pr.gov.br\\\/#organization\"},\"potentialAction\":[{\"@type\":\"SearchAction\",\"target\":{\"@type\":\"EntryPoint\",\"urlTemplate\":\"https:\\\/\\\/www.mpc.pr.gov.br\\\/?s={search_term_string}\"},\"query-input\":{\"@type\":\"PropertyValueSpecification\",\"valueRequired\":true,\"valueName\":\"search_term_string\"}}],\"inLanguage\":\"pt-BR\"},{\"@type\":\"Organization\",\"@id\":\"https:\\\/\\\/www.mpc.pr.gov.br\\\/#organization\",\"name\":\"Minist\u00e9rio P\u00fablico de Contas do Estado do Paran\u00e1\",\"url\":\"https:\\\/\\\/www.mpc.pr.gov.br\\\/\",\"logo\":{\"@type\":\"ImageObject\",\"inLanguage\":\"pt-BR\",\"@id\":\"https:\\\/\\\/www.mpc.pr.gov.br\\\/#\\\/schema\\\/logo\\\/image\\\/\",\"url\":\"https:\\\/\\\/www.mpc.pr.gov.br\\\/wp-content\\\/uploads\\\/2020\\\/06\\\/99423647_1593460364143890_6706793420720963584_n-1-e1591387983167.png\",\"contentUrl\":\"https:\\\/\\\/www.mpc.pr.gov.br\\\/wp-content\\\/uploads\\\/2020\\\/06\\\/99423647_1593460364143890_6706793420720963584_n-1-e1591387983167.png\",\"width\":243,\"height\":73,\"caption\":\"Minist\u00e9rio P\u00fablico de Contas do Estado do Paran\u00e1\"},\"image\":{\"@id\":\"https:\\\/\\\/www.mpc.pr.gov.br\\\/#\\\/schema\\\/logo\\\/image\\\/\"},\"sameAs\":[\"https:\\\/\\\/www.facebook.com\\\/mpc.pr\",\"https:\\\/\\\/www.instagram.com\\\/mpc.pr\\\/?hl=pt-br\",\"https:\\\/\\\/www.youtube.com\\\/channel\\\/UCHri5oEM8DV0ztX57E0sBSw\"]},{\"@type\":\"Person\",\"@id\":\"https:\\\/\\\/www.mpc.pr.gov.br\\\/#\\\/schema\\\/person\\\/d0c5cf9ebb4d8be833c419f3538cf751\",\"name\":\"giovanna.faria\",\"image\":{\"@type\":\"ImageObject\",\"inLanguage\":\"pt-BR\",\"@id\":\"https:\\\/\\\/secure.gravatar.com\\\/avatar\\\/?s=96&d=mm&r=g\",\"url\":\"https:\\\/\\\/secure.gravatar.com\\\/avatar\\\/?s=96&d=mm&r=g\",\"contentUrl\":\"https:\\\/\\\/secure.gravatar.com\\\/avatar\\\/?s=96&d=mm&r=g\",\"caption\":\"giovanna.faria\"}}]}<\/script>\n<!-- \/ Yoast SEO plugin. -->","yoast_head_json":{"title":"MP de Contas discutir\u00e1 Receitas P\u00fablicas em semin\u00e1rio do TCE-PR em Umuarama - Minist\u00e9rio P\u00fablico de Contas do Estado do Paran\u00e1","robots":{"index":"index","follow":"follow","max-snippet":"max-snippet:-1","max-image-preview":"max-image-preview:large","max-video-preview":"max-video-preview:-1"},"canonical":"https:\/\/www.mpc.pr.gov.br\/index.php\/mp-de-contas-discutira-receitas-publicas-em-seminario-do-tce-pr-em-umuarama\/","og_locale":"pt_BR","og_type":"article","og_title":"MP de Contas discutir\u00e1 Receitas P\u00fablicas em semin\u00e1rio do TCE-PR em Umuarama - Minist\u00e9rio P\u00fablico de Contas do Estado do Paran\u00e1","og_description":"Na sexta-feira (7), o MP de Contas do Paran\u00e1 (MPC-PR) participar\u00e1 do semin\u00e1rio Entrega de Contas: Plano de Contas Anual (PCA), Plano Anual de Fiscaliza\u00e7\u00e3o (PAF) e Encerramento de Mandato, promovido pela Escola de Gest\u00e3o P\u00fablica do Tribunal de Contas do Paran\u00e1 (TCE-PR). O evento ser\u00e1 realizado no audit\u00f3rio da Prefeitura Municipal de Umuarama, das [&hellip;]","og_url":"https:\/\/www.mpc.pr.gov.br\/index.php\/mp-de-contas-discutira-receitas-publicas-em-seminario-do-tce-pr-em-umuarama\/","og_site_name":"Minist\u00e9rio P\u00fablico de Contas do Estado do Paran\u00e1","article_publisher":"https:\/\/www.facebook.com\/mpc.pr","article_published_time":"2020-02-04T13:53:48+00:00","article_modified_time":"2020-07-10T17:38:10+00:00","og_image":[{"width":1811,"height":2560,"url":"https:\/\/www.mpc.pr.gov.br\/wp-content\/uploads\/2020\/02\/Folder_Entrega-de-Contas_1_Umuarama-1-scaled.jpg","type":"image\/jpeg"}],"author":"giovanna.faria","twitter_card":"summary_large_image","twitter_misc":{"Escrito por":"giovanna.faria","Est. tempo de leitura":"2 minutos"},"schema":{"@context":"https:\/\/schema.org","@graph":[{"@type":"Article","@id":"https:\/\/www.mpc.pr.gov.br\/index.php\/mp-de-contas-discutira-receitas-publicas-em-seminario-do-tce-pr-em-umuarama\/#article","isPartOf":{"@id":"https:\/\/www.mpc.pr.gov.br\/index.php\/mp-de-contas-discutira-receitas-publicas-em-seminario-do-tce-pr-em-umuarama\/"},"author":{"name":"giovanna.faria","@id":"https:\/\/www.mpc.pr.gov.br\/#\/schema\/person\/d0c5cf9ebb4d8be833c419f3538cf751"},"headline":"MP de Contas discutir\u00e1 Receitas P\u00fablicas em semin\u00e1rio do TCE-PR em Umuarama","datePublished":"2020-02-04T13:53:48+00:00","dateModified":"2020-07-10T17:38:10+00:00","mainEntityOfPage":{"@id":"https:\/\/www.mpc.pr.gov.br\/index.php\/mp-de-contas-discutira-receitas-publicas-em-seminario-do-tce-pr-em-umuarama\/"},"wordCount":490,"commentCount":0,"publisher":{"@id":"https:\/\/www.mpc.pr.gov.br\/#organization"},"image":{"@id":"https:\/\/www.mpc.pr.gov.br\/index.php\/mp-de-contas-discutira-receitas-publicas-em-seminario-do-tce-pr-em-umuarama\/#primaryimage"},"thumbnailUrl":"https:\/\/www.mpc.pr.gov.br\/wp-content\/uploads\/2020\/02\/Folder_Entrega-de-Contas_1_Umuarama-1-scaled.jpg","articleSection":["Todas as not\u00edcias","\u00daltimas not\u00edcias"],"inLanguage":"pt-BR","potentialAction":[{"@type":"CommentAction","name":"Comment","target":["https:\/\/www.mpc.pr.gov.br\/index.php\/mp-de-contas-discutira-receitas-publicas-em-seminario-do-tce-pr-em-umuarama\/#respond"]}]},{"@type":"WebPage","@id":"https:\/\/www.mpc.pr.gov.br\/index.php\/mp-de-contas-discutira-receitas-publicas-em-seminario-do-tce-pr-em-umuarama\/","url":"https:\/\/www.mpc.pr.gov.br\/index.php\/mp-de-contas-discutira-receitas-publicas-em-seminario-do-tce-pr-em-umuarama\/","name":"MP de Contas discutir\u00e1 Receitas P\u00fablicas em semin\u00e1rio do TCE-PR em Umuarama - Minist\u00e9rio P\u00fablico de Contas do Estado do Paran\u00e1","isPartOf":{"@id":"https:\/\/www.mpc.pr.gov.br\/#website"},"primaryImageOfPage":{"@id":"https:\/\/www.mpc.pr.gov.br\/index.php\/mp-de-contas-discutira-receitas-publicas-em-seminario-do-tce-pr-em-umuarama\/#primaryimage"},"image":{"@id":"https:\/\/www.mpc.pr.gov.br\/index.php\/mp-de-contas-discutira-receitas-publicas-em-seminario-do-tce-pr-em-umuarama\/#primaryimage"},"thumbnailUrl":"https:\/\/www.mpc.pr.gov.br\/wp-content\/uploads\/2020\/02\/Folder_Entrega-de-Contas_1_Umuarama-1-scaled.jpg","datePublished":"2020-02-04T13:53:48+00:00","dateModified":"2020-07-10T17:38:10+00:00","breadcrumb":{"@id":"https:\/\/www.mpc.pr.gov.br\/index.php\/mp-de-contas-discutira-receitas-publicas-em-seminario-do-tce-pr-em-umuarama\/#breadcrumb"},"inLanguage":"pt-BR","potentialAction":[{"@type":"ReadAction","target":["https:\/\/www.mpc.pr.gov.br\/index.php\/mp-de-contas-discutira-receitas-publicas-em-seminario-do-tce-pr-em-umuarama\/"]}]},{"@type":"ImageObject","inLanguage":"pt-BR","@id":"https:\/\/www.mpc.pr.gov.br\/index.php\/mp-de-contas-discutira-receitas-publicas-em-seminario-do-tce-pr-em-umuarama\/#primaryimage","url":"https:\/\/www.mpc.pr.gov.br\/wp-content\/uploads\/2020\/02\/Folder_Entrega-de-Contas_1_Umuarama-1-scaled.jpg","contentUrl":"https:\/\/www.mpc.pr.gov.br\/wp-content\/uploads\/2020\/02\/Folder_Entrega-de-Contas_1_Umuarama-1-scaled.jpg","width":1811,"height":2560},{"@type":"BreadcrumbList","@id":"https:\/\/www.mpc.pr.gov.br\/index.php\/mp-de-contas-discutira-receitas-publicas-em-seminario-do-tce-pr-em-umuarama\/#breadcrumb","itemListElement":[{"@type":"ListItem","position":1,"name":"In\u00edcio","item":"https:\/\/www.mpc.pr.gov.br\/"},{"@type":"ListItem","position":2,"name":"MP de Contas discutir\u00e1 Receitas P\u00fablicas em semin\u00e1rio do TCE-PR em Umuarama"}]},{"@type":"WebSite","@id":"https:\/\/www.mpc.pr.gov.br\/#website","url":"https:\/\/www.mpc.pr.gov.br\/","name":"Minist\u00e9rio P\u00fablico de Contas do Estado do Paran\u00e1","description":"","publisher":{"@id":"https:\/\/www.mpc.pr.gov.br\/#organization"},"potentialAction":[{"@type":"SearchAction","target":{"@type":"EntryPoint","urlTemplate":"https:\/\/www.mpc.pr.gov.br\/?s={search_term_string}"},"query-input":{"@type":"PropertyValueSpecification","valueRequired":true,"valueName":"search_term_string"}}],"inLanguage":"pt-BR"},{"@type":"Organization","@id":"https:\/\/www.mpc.pr.gov.br\/#organization","name":"Minist\u00e9rio P\u00fablico de Contas do Estado do Paran\u00e1","url":"https:\/\/www.mpc.pr.gov.br\/","logo":{"@type":"ImageObject","inLanguage":"pt-BR","@id":"https:\/\/www.mpc.pr.gov.br\/#\/schema\/logo\/image\/","url":"https:\/\/www.mpc.pr.gov.br\/wp-content\/uploads\/2020\/06\/99423647_1593460364143890_6706793420720963584_n-1-e1591387983167.png","contentUrl":"https:\/\/www.mpc.pr.gov.br\/wp-content\/uploads\/2020\/06\/99423647_1593460364143890_6706793420720963584_n-1-e1591387983167.png","width":243,"height":73,"caption":"Minist\u00e9rio P\u00fablico de Contas do Estado do Paran\u00e1"},"image":{"@id":"https:\/\/www.mpc.pr.gov.br\/#\/schema\/logo\/image\/"},"sameAs":["https:\/\/www.facebook.com\/mpc.pr","https:\/\/www.instagram.com\/mpc.pr\/?hl=pt-br","https:\/\/www.youtube.com\/channel\/UCHri5oEM8DV0ztX57E0sBSw"]},{"@type":"Person","@id":"https:\/\/www.mpc.pr.gov.br\/#\/schema\/person\/d0c5cf9ebb4d8be833c419f3538cf751","name":"giovanna.faria","image":{"@type":"ImageObject","inLanguage":"pt-BR","@id":"https:\/\/secure.gravatar.com\/avatar\/?s=96&d=mm&r=g","url":"https:\/\/secure.gravatar.com\/avatar\/?s=96&d=mm&r=g","contentUrl":"https:\/\/secure.gravatar.com\/avatar\/?s=96&d=mm&r=g","caption":"giovanna.faria"}}]}},"rttpg_featured_image_url":{"full":["https:\/\/www.mpc.pr.gov.br\/wp-content\/uploads\/2020\/02\/Folder_Entrega-de-Contas_1_Umuarama-1-scaled.jpg",1811,2560,false],"landscape":["https:\/\/www.mpc.pr.gov.br\/wp-content\/uploads\/2020\/02\/Folder_Entrega-de-Contas_1_Umuarama-1-scaled.jpg",1811,2560,false],"portraits":["https:\/\/www.mpc.pr.gov.br\/wp-content\/uploads\/2020\/02\/Folder_Entrega-de-Contas_1_Umuarama-1-scaled.jpg",1811,2560,false],"thumbnail":["https:\/\/www.mpc.pr.gov.br\/wp-content\/uploads\/2020\/02\/Folder_Entrega-de-Contas_1_Umuarama-1-150x150.jpg",150,150,true],"medium":["https:\/\/www.mpc.pr.gov.br\/wp-content\/uploads\/2020\/02\/Folder_Entrega-de-Contas_1_Umuarama-1-212x300.jpg",212,300,true],"large":["https:\/\/www.mpc.pr.gov.br\/wp-content\/uploads\/2020\/02\/Folder_Entrega-de-Contas_1_Umuarama-1-724x1024.jpg",724,1024,true],"1536x1536":["https:\/\/www.mpc.pr.gov.br\/wp-content\/uploads\/2020\/02\/Folder_Entrega-de-Contas_1_Umuarama-1-1086x1536.jpg",1086,1536,true],"2048x2048":["https:\/\/www.mpc.pr.gov.br\/wp-content\/uploads\/2020\/02\/Folder_Entrega-de-Contas_1_Umuarama-1-1448x2048.jpg",1448,2048,true],"ocean-thumb-m":["https:\/\/www.mpc.pr.gov.br\/wp-content\/uploads\/2020\/02\/Folder_Entrega-de-Contas_1_Umuarama-1-scaled.jpg",424,600,false],"ocean-thumb-ml":["https:\/\/www.mpc.pr.gov.br\/wp-content\/uploads\/2020\/02\/Folder_Entrega-de-Contas_1_Umuarama-1-scaled.jpg",318,450,false],"ocean-thumb-l":["https:\/\/www.mpc.pr.gov.br\/wp-content\/uploads\/2020\/02\/Folder_Entrega-de-Contas_1_Umuarama-1-scaled.jpg",495,700,false]},"rttpg_author":{"display_name":"giovanna.faria","author_link":"https:\/\/www.mpc.pr.gov.br\/index.php\/author\/giovanna-faria\/"},"rttpg_comment":0,"rttpg_category":"<a href=\"https:\/\/www.mpc.pr.gov.br\/index.php\/category\/todas-as-noticias\/\" rel=\"category tag\">Todas as not\u00edcias<\/a> <a href=\"https:\/\/www.mpc.pr.gov.br\/index.php\/category\/ultimas-noticias\/\" rel=\"category tag\">\u00daltimas not\u00edcias<\/a>","rttpg_excerpt":"Na sexta-feira (7), o MP de Contas do Paran\u00e1 (MPC-PR) participar\u00e1 do semin\u00e1rio Entrega de Contas: Plano de Contas Anual (PCA), Plano Anual de Fiscaliza\u00e7\u00e3o (PAF) e Encerramento de Mandato, promovido pela Escola de Gest\u00e3o P\u00fablica do Tribunal de Contas do Paran\u00e1 (TCE-PR). O evento ser\u00e1 realizado no audit\u00f3rio da Prefeitura Municipal de Umuarama, das&hellip;","_links":{"self":[{"href":"https:\/\/www.mpc.pr.gov.br\/index.php\/wp-json\/wp\/v2\/posts\/8439","targetHints":{"allow":["GET"]}}],"collection":[{"href":"https:\/\/www.mpc.pr.gov.br\/index.php\/wp-json\/wp\/v2\/posts"}],"about":[{"href":"https:\/\/www.mpc.pr.gov.br\/index.php\/wp-json\/wp\/v2\/types\/post"}],"author":[{"embeddable":true,"href":"https:\/\/www.mpc.pr.gov.br\/index.php\/wp-json\/wp\/v2\/users\/5"}],"replies":[{"embeddable":true,"href":"https:\/\/www.mpc.pr.gov.br\/index.php\/wp-json\/wp\/v2\/comments?post=8439"}],"version-history":[{"count":2,"href":"https:\/\/www.mpc.pr.gov.br\/index.php\/wp-json\/wp\/v2\/posts\/8439\/revisions"}],"predecessor-version":[{"id":9341,"href":"https:\/\/www.mpc.pr.gov.br\/index.php\/wp-json\/wp\/v2\/posts\/8439\/revisions\/9341"}],"wp:featuredmedia":[{"embeddable":true,"href":"https:\/\/www.mpc.pr.gov.br\/index.php\/wp-json\/wp\/v2\/media\/9339"}],"wp:attachment":[{"href":"https:\/\/www.mpc.pr.gov.br\/index.php\/wp-json\/wp\/v2\/media?parent=8439"}],"wp:term":[{"taxonomy":"category","embeddable":true,"href":"https:\/\/www.mpc.pr.gov.br\/index.php\/wp-json\/wp\/v2\/categories?post=8439"},{"taxonomy":"post_tag","embeddable":true,"href":"https:\/\/www.mpc.pr.gov.br\/index.php\/wp-json\/wp\/v2\/tags?post=8439"}],"curies":[{"name":"wp","href":"https:\/\/api.w.org\/{rel}","templated":true}]}}