{"id":8461,"date":"2020-02-06T14:01:49","date_gmt":"2020-02-06T17:01:49","guid":{"rendered":"http:\/\/www.mpc.pr.gov.br\/?p=8461"},"modified":"2020-07-10T14:36:47","modified_gmt":"2020-07-10T17:36:47","slug":"mp-de-contas-realiza-mapeamento-dos-regimes-proprios-de-previdencia-social-dos-municipios-do-estado","status":"publish","type":"post","link":"https:\/\/www.mpc.pr.gov.br\/index.php\/mp-de-contas-realiza-mapeamento-dos-regimes-proprios-de-previdencia-social-dos-municipios-do-estado\/","title":{"rendered":"MP de Contas realiza mapeamento dos Regimes Pr\u00f3prios de Previd\u00eancia Social dos munic\u00edpios do Estado"},"content":{"rendered":"<figure id=\"attachment_8465\" aria-describedby=\"caption-attachment-8465\" style=\"width: 300px\" class=\"wp-caption alignleft\"><a href=\"http:\/\/www.mpc.pr.gov.br\/mp-de-contas-realiza-mapeamentos-dos-regimes-proprios-de-previdencia-social-dos-municipios-do-estado\/divulgacao-3\/\" rel=\"attachment wp-att-8465\"><img fetchpriority=\"high\" decoding=\"async\" class=\"wp-image-8465 size-medium\" src=\"http:\/\/www.mpc.pr.gov.br\/wp-content\/uploads\/2020\/02\/divulga\u00e7\u00e3o-1-300x199.jpg\" alt=\"\" width=\"300\" height=\"199\" \/><\/a><figcaption id=\"caption-attachment-8465\" class=\"wp-caption-text\">Foto: Divulga\u00e7\u00e3o.<\/figcaption><\/figure>\n<p>O MP de Contas do Paran\u00e1 (MPC-PR) realizou um mapeamento dos 178 munic\u00edpios paranaenses que possuem Regime Pr\u00f3prio de Previd\u00eancia Social (RPPS), a fim de formar um panorama sobre a situa\u00e7\u00e3o previdenci\u00e1ria no Estado. O relat\u00f3rio final ser\u00e1 encaminhado ao Diretor da Secretaria de Estado da Justi\u00e7a, Fam\u00edlia e Trabalho do Paran\u00e1, Felipe Hayashi.<\/p>\n<p>O levantamento foi feito a partir de uma solicita\u00e7\u00e3o do Diretor Hayashi, por meio da Rede de Controle da Gest\u00e3o P\u00fablica do Paran\u00e1 (RCGP-PR), que pediu a colabora\u00e7\u00e3o do \u00f3rg\u00e3o ministerial na capta\u00e7\u00e3o de informa\u00e7\u00f5es junto aos munic\u00edpios.<\/p>\n<p>A equipe do MPC-PR desenvolveu um question\u00e1rio com 24 perguntas, as quais foram encaminhadas para os 178 munic\u00edpios, via Canal de Comunica\u00e7\u00e3o (CACO) do Tribunal de Contas do Paran\u00e1 (TCE-PR). O prazo estabelecido para resposta foi de sete dias \u00fateis.<\/p>\n<p>Cerca de 80% dos munic\u00edpios responderam ao question\u00e1rio. Entre os resultados contabilizados, a equipe do MP de Contas verificou que 32% dos munic\u00edpios disseram n\u00e3o ter assessoria financeira para auxiliar na aplica\u00e7\u00e3o dos fundos do RPPS; 23% disseram que o poder executivo est\u00e1 com os aportes ao RPPS atrasados no ano de 2019; e 14% n\u00e3o atingiram a meta atuarial para o ano de 2019.<\/p>\n<p>O relat\u00f3rio contendo os resultados compilados ser\u00e1 entregue \u00e0 Secretaria de Estado da Justi\u00e7a, Fam\u00edlia e Trabalho do Paran\u00e1, que poder\u00e1 tomar as provid\u00eancias cab\u00edveis.<\/p>\n","protected":false},"excerpt":{"rendered":"<p>O MP de Contas do Paran\u00e1 (MPC-PR) realizou um mapeamento dos 178 munic\u00edpios paranaenses que possuem Regime Pr\u00f3prio de Previd\u00eancia Social (RPPS), a fim de formar um panorama sobre a situa\u00e7\u00e3o previdenci\u00e1ria no Estado. O relat\u00f3rio final ser\u00e1 encaminhado ao Diretor da Secretaria de Estado da Justi\u00e7a, Fam\u00edlia e Trabalho do Paran\u00e1, Felipe Hayashi. O [&hellip;]<\/p>\n","protected":false},"author":5,"featured_media":9335,"comment_status":"open","ping_status":"open","sticky":false,"template":"","format":"standard","meta":{"_monsterinsights_skip_tracking":false,"_monsterinsights_sitenote_active":false,"_monsterinsights_sitenote_note":"","_monsterinsights_sitenote_category":0,"footnotes":""},"categories":[7,14],"tags":[],"class_list":["post-8461","post","type-post","status-publish","format-standard","has-post-thumbnail","hentry","category-todas-as-noticias","category-ultimas-noticias","entry","has-media"],"yoast_head":"<!-- This site is optimized with the Yoast SEO plugin v27.3 - https:\/\/yoast.com\/product\/yoast-seo-wordpress\/ -->\n<title>MP de Contas realiza mapeamento dos Regimes Pr\u00f3prios de Previd\u00eancia Social dos munic\u00edpios do Estado - Minist\u00e9rio P\u00fablico de Contas do Estado do Paran\u00e1<\/title>\n<meta name=\"robots\" content=\"index, follow, max-snippet:-1, max-image-preview:large, max-video-preview:-1\" \/>\n<link rel=\"canonical\" href=\"https:\/\/www.mpc.pr.gov.br\/index.php\/mp-de-contas-realiza-mapeamento-dos-regimes-proprios-de-previdencia-social-dos-municipios-do-estado\/\" \/>\n<meta property=\"og:locale\" content=\"pt_BR\" \/>\n<meta property=\"og:type\" content=\"article\" \/>\n<meta property=\"og:title\" content=\"MP de Contas realiza mapeamento dos Regimes Pr\u00f3prios de Previd\u00eancia Social dos munic\u00edpios do Estado - Minist\u00e9rio P\u00fablico de Contas do Estado do Paran\u00e1\" \/>\n<meta property=\"og:description\" content=\"O MP de Contas do Paran\u00e1 (MPC-PR) realizou um mapeamento dos 178 munic\u00edpios paranaenses que possuem Regime Pr\u00f3prio de Previd\u00eancia Social (RPPS), a fim de formar um panorama sobre a situa\u00e7\u00e3o previdenci\u00e1ria no Estado. O relat\u00f3rio final ser\u00e1 encaminhado ao Diretor da Secretaria de Estado da Justi\u00e7a, Fam\u00edlia e Trabalho do Paran\u00e1, Felipe Hayashi. O [&hellip;]\" \/>\n<meta property=\"og:url\" content=\"https:\/\/www.mpc.pr.gov.br\/index.php\/mp-de-contas-realiza-mapeamento-dos-regimes-proprios-de-previdencia-social-dos-municipios-do-estado\/\" \/>\n<meta property=\"og:site_name\" content=\"Minist\u00e9rio P\u00fablico de Contas do Estado do Paran\u00e1\" \/>\n<meta property=\"article:publisher\" content=\"https:\/\/www.facebook.com\/mpc.pr\" \/>\n<meta property=\"article:published_time\" content=\"2020-02-06T17:01:49+00:00\" \/>\n<meta property=\"article:modified_time\" content=\"2020-07-10T17:36:47+00:00\" \/>\n<meta property=\"og:image\" content=\"https:\/\/www.mpc.pr.gov.br\/wp-content\/uploads\/2020\/02\/FISCALIZAR-04.jpg\" \/>\n\t<meta property=\"og:image:width\" content=\"300\" \/>\n\t<meta property=\"og:image:height\" content=\"199\" \/>\n\t<meta property=\"og:image:type\" content=\"image\/jpeg\" \/>\n<meta name=\"author\" content=\"giovanna.faria\" \/>\n<meta name=\"twitter:card\" content=\"summary_large_image\" \/>\n<meta name=\"twitter:label1\" content=\"Escrito por\" \/>\n\t<meta name=\"twitter:data1\" content=\"giovanna.faria\" \/>\n\t<meta name=\"twitter:label2\" content=\"Est. tempo de leitura\" \/>\n\t<meta name=\"twitter:data2\" content=\"1 minuto\" \/>\n<script type=\"application\/ld+json\" class=\"yoast-schema-graph\">{\"@context\":\"https:\\\/\\\/schema.org\",\"@graph\":[{\"@type\":\"Article\",\"@id\":\"https:\\\/\\\/www.mpc.pr.gov.br\\\/index.php\\\/mp-de-contas-realiza-mapeamento-dos-regimes-proprios-de-previdencia-social-dos-municipios-do-estado\\\/#article\",\"isPartOf\":{\"@id\":\"https:\\\/\\\/www.mpc.pr.gov.br\\\/index.php\\\/mp-de-contas-realiza-mapeamento-dos-regimes-proprios-de-previdencia-social-dos-municipios-do-estado\\\/\"},\"author\":{\"name\":\"giovanna.faria\",\"@id\":\"https:\\\/\\\/www.mpc.pr.gov.br\\\/#\\\/schema\\\/person\\\/d0c5cf9ebb4d8be833c419f3538cf751\"},\"headline\":\"MP de Contas realiza mapeamento dos Regimes Pr\u00f3prios de Previd\u00eancia Social dos munic\u00edpios do Estado\",\"datePublished\":\"2020-02-06T17:01:49+00:00\",\"dateModified\":\"2020-07-10T17:36:47+00:00\",\"mainEntityOfPage\":{\"@id\":\"https:\\\/\\\/www.mpc.pr.gov.br\\\/index.php\\\/mp-de-contas-realiza-mapeamento-dos-regimes-proprios-de-previdencia-social-dos-municipios-do-estado\\\/\"},\"wordCount\":270,\"commentCount\":0,\"publisher\":{\"@id\":\"https:\\\/\\\/www.mpc.pr.gov.br\\\/#organization\"},\"image\":{\"@id\":\"https:\\\/\\\/www.mpc.pr.gov.br\\\/index.php\\\/mp-de-contas-realiza-mapeamento-dos-regimes-proprios-de-previdencia-social-dos-municipios-do-estado\\\/#primaryimage\"},\"thumbnailUrl\":\"https:\\\/\\\/www.mpc.pr.gov.br\\\/wp-content\\\/uploads\\\/2020\\\/02\\\/FISCALIZAR-04.jpg\",\"articleSection\":[\"Todas as not\u00edcias\",\"\u00daltimas not\u00edcias\"],\"inLanguage\":\"pt-BR\",\"potentialAction\":[{\"@type\":\"CommentAction\",\"name\":\"Comment\",\"target\":[\"https:\\\/\\\/www.mpc.pr.gov.br\\\/index.php\\\/mp-de-contas-realiza-mapeamento-dos-regimes-proprios-de-previdencia-social-dos-municipios-do-estado\\\/#respond\"]}]},{\"@type\":\"WebPage\",\"@id\":\"https:\\\/\\\/www.mpc.pr.gov.br\\\/index.php\\\/mp-de-contas-realiza-mapeamento-dos-regimes-proprios-de-previdencia-social-dos-municipios-do-estado\\\/\",\"url\":\"https:\\\/\\\/www.mpc.pr.gov.br\\\/index.php\\\/mp-de-contas-realiza-mapeamento-dos-regimes-proprios-de-previdencia-social-dos-municipios-do-estado\\\/\",\"name\":\"MP de Contas realiza mapeamento dos Regimes Pr\u00f3prios de Previd\u00eancia Social dos munic\u00edpios do Estado - Minist\u00e9rio P\u00fablico de Contas do Estado do Paran\u00e1\",\"isPartOf\":{\"@id\":\"https:\\\/\\\/www.mpc.pr.gov.br\\\/#website\"},\"primaryImageOfPage\":{\"@id\":\"https:\\\/\\\/www.mpc.pr.gov.br\\\/index.php\\\/mp-de-contas-realiza-mapeamento-dos-regimes-proprios-de-previdencia-social-dos-municipios-do-estado\\\/#primaryimage\"},\"image\":{\"@id\":\"https:\\\/\\\/www.mpc.pr.gov.br\\\/index.php\\\/mp-de-contas-realiza-mapeamento-dos-regimes-proprios-de-previdencia-social-dos-municipios-do-estado\\\/#primaryimage\"},\"thumbnailUrl\":\"https:\\\/\\\/www.mpc.pr.gov.br\\\/wp-content\\\/uploads\\\/2020\\\/02\\\/FISCALIZAR-04.jpg\",\"datePublished\":\"2020-02-06T17:01:49+00:00\",\"dateModified\":\"2020-07-10T17:36:47+00:00\",\"breadcrumb\":{\"@id\":\"https:\\\/\\\/www.mpc.pr.gov.br\\\/index.php\\\/mp-de-contas-realiza-mapeamento-dos-regimes-proprios-de-previdencia-social-dos-municipios-do-estado\\\/#breadcrumb\"},\"inLanguage\":\"pt-BR\",\"potentialAction\":[{\"@type\":\"ReadAction\",\"target\":[\"https:\\\/\\\/www.mpc.pr.gov.br\\\/index.php\\\/mp-de-contas-realiza-mapeamento-dos-regimes-proprios-de-previdencia-social-dos-municipios-do-estado\\\/\"]}]},{\"@type\":\"ImageObject\",\"inLanguage\":\"pt-BR\",\"@id\":\"https:\\\/\\\/www.mpc.pr.gov.br\\\/index.php\\\/mp-de-contas-realiza-mapeamento-dos-regimes-proprios-de-previdencia-social-dos-municipios-do-estado\\\/#primaryimage\",\"url\":\"https:\\\/\\\/www.mpc.pr.gov.br\\\/wp-content\\\/uploads\\\/2020\\\/02\\\/FISCALIZAR-04.jpg\",\"contentUrl\":\"https:\\\/\\\/www.mpc.pr.gov.br\\\/wp-content\\\/uploads\\\/2020\\\/02\\\/FISCALIZAR-04.jpg\",\"width\":300,\"height\":199},{\"@type\":\"BreadcrumbList\",\"@id\":\"https:\\\/\\\/www.mpc.pr.gov.br\\\/index.php\\\/mp-de-contas-realiza-mapeamento-dos-regimes-proprios-de-previdencia-social-dos-municipios-do-estado\\\/#breadcrumb\",\"itemListElement\":[{\"@type\":\"ListItem\",\"position\":1,\"name\":\"In\u00edcio\",\"item\":\"https:\\\/\\\/www.mpc.pr.gov.br\\\/\"},{\"@type\":\"ListItem\",\"position\":2,\"name\":\"MP de Contas realiza mapeamento dos Regimes Pr\u00f3prios de Previd\u00eancia Social dos munic\u00edpios do Estado\"}]},{\"@type\":\"WebSite\",\"@id\":\"https:\\\/\\\/www.mpc.pr.gov.br\\\/#website\",\"url\":\"https:\\\/\\\/www.mpc.pr.gov.br\\\/\",\"name\":\"Minist\u00e9rio P\u00fablico de Contas do Estado do Paran\u00e1\",\"description\":\"\",\"publisher\":{\"@id\":\"https:\\\/\\\/www.mpc.pr.gov.br\\\/#organization\"},\"potentialAction\":[{\"@type\":\"SearchAction\",\"target\":{\"@type\":\"EntryPoint\",\"urlTemplate\":\"https:\\\/\\\/www.mpc.pr.gov.br\\\/?s={search_term_string}\"},\"query-input\":{\"@type\":\"PropertyValueSpecification\",\"valueRequired\":true,\"valueName\":\"search_term_string\"}}],\"inLanguage\":\"pt-BR\"},{\"@type\":\"Organization\",\"@id\":\"https:\\\/\\\/www.mpc.pr.gov.br\\\/#organization\",\"name\":\"Minist\u00e9rio P\u00fablico de Contas do Estado do Paran\u00e1\",\"url\":\"https:\\\/\\\/www.mpc.pr.gov.br\\\/\",\"logo\":{\"@type\":\"ImageObject\",\"inLanguage\":\"pt-BR\",\"@id\":\"https:\\\/\\\/www.mpc.pr.gov.br\\\/#\\\/schema\\\/logo\\\/image\\\/\",\"url\":\"https:\\\/\\\/www.mpc.pr.gov.br\\\/wp-content\\\/uploads\\\/2020\\\/06\\\/99423647_1593460364143890_6706793420720963584_n-1-e1591387983167.png\",\"contentUrl\":\"https:\\\/\\\/www.mpc.pr.gov.br\\\/wp-content\\\/uploads\\\/2020\\\/06\\\/99423647_1593460364143890_6706793420720963584_n-1-e1591387983167.png\",\"width\":243,\"height\":73,\"caption\":\"Minist\u00e9rio P\u00fablico de Contas do Estado do Paran\u00e1\"},\"image\":{\"@id\":\"https:\\\/\\\/www.mpc.pr.gov.br\\\/#\\\/schema\\\/logo\\\/image\\\/\"},\"sameAs\":[\"https:\\\/\\\/www.facebook.com\\\/mpc.pr\",\"https:\\\/\\\/www.instagram.com\\\/mpc.pr\\\/?hl=pt-br\",\"https:\\\/\\\/www.youtube.com\\\/channel\\\/UCHri5oEM8DV0ztX57E0sBSw\"]},{\"@type\":\"Person\",\"@id\":\"https:\\\/\\\/www.mpc.pr.gov.br\\\/#\\\/schema\\\/person\\\/d0c5cf9ebb4d8be833c419f3538cf751\",\"name\":\"giovanna.faria\",\"image\":{\"@type\":\"ImageObject\",\"inLanguage\":\"pt-BR\",\"@id\":\"https:\\\/\\\/secure.gravatar.com\\\/avatar\\\/?s=96&d=mm&r=g\",\"url\":\"https:\\\/\\\/secure.gravatar.com\\\/avatar\\\/?s=96&d=mm&r=g\",\"contentUrl\":\"https:\\\/\\\/secure.gravatar.com\\\/avatar\\\/?s=96&d=mm&r=g\",\"caption\":\"giovanna.faria\"}}]}<\/script>\n<!-- \/ Yoast SEO plugin. -->","yoast_head_json":{"title":"MP de Contas realiza mapeamento dos Regimes Pr\u00f3prios de Previd\u00eancia Social dos munic\u00edpios do Estado - Minist\u00e9rio P\u00fablico de Contas do Estado do Paran\u00e1","robots":{"index":"index","follow":"follow","max-snippet":"max-snippet:-1","max-image-preview":"max-image-preview:large","max-video-preview":"max-video-preview:-1"},"canonical":"https:\/\/www.mpc.pr.gov.br\/index.php\/mp-de-contas-realiza-mapeamento-dos-regimes-proprios-de-previdencia-social-dos-municipios-do-estado\/","og_locale":"pt_BR","og_type":"article","og_title":"MP de Contas realiza mapeamento dos Regimes Pr\u00f3prios de Previd\u00eancia Social dos munic\u00edpios do Estado - Minist\u00e9rio P\u00fablico de Contas do Estado do Paran\u00e1","og_description":"O MP de Contas do Paran\u00e1 (MPC-PR) realizou um mapeamento dos 178 munic\u00edpios paranaenses que possuem Regime Pr\u00f3prio de Previd\u00eancia Social (RPPS), a fim de formar um panorama sobre a situa\u00e7\u00e3o previdenci\u00e1ria no Estado. O relat\u00f3rio final ser\u00e1 encaminhado ao Diretor da Secretaria de Estado da Justi\u00e7a, Fam\u00edlia e Trabalho do Paran\u00e1, Felipe Hayashi. O [&hellip;]","og_url":"https:\/\/www.mpc.pr.gov.br\/index.php\/mp-de-contas-realiza-mapeamento-dos-regimes-proprios-de-previdencia-social-dos-municipios-do-estado\/","og_site_name":"Minist\u00e9rio P\u00fablico de Contas do Estado do Paran\u00e1","article_publisher":"https:\/\/www.facebook.com\/mpc.pr","article_published_time":"2020-02-06T17:01:49+00:00","article_modified_time":"2020-07-10T17:36:47+00:00","og_image":[{"width":300,"height":199,"url":"https:\/\/www.mpc.pr.gov.br\/wp-content\/uploads\/2020\/02\/FISCALIZAR-04.jpg","type":"image\/jpeg"}],"author":"giovanna.faria","twitter_card":"summary_large_image","twitter_misc":{"Escrito por":"giovanna.faria","Est. tempo de leitura":"1 minuto"},"schema":{"@context":"https:\/\/schema.org","@graph":[{"@type":"Article","@id":"https:\/\/www.mpc.pr.gov.br\/index.php\/mp-de-contas-realiza-mapeamento-dos-regimes-proprios-de-previdencia-social-dos-municipios-do-estado\/#article","isPartOf":{"@id":"https:\/\/www.mpc.pr.gov.br\/index.php\/mp-de-contas-realiza-mapeamento-dos-regimes-proprios-de-previdencia-social-dos-municipios-do-estado\/"},"author":{"name":"giovanna.faria","@id":"https:\/\/www.mpc.pr.gov.br\/#\/schema\/person\/d0c5cf9ebb4d8be833c419f3538cf751"},"headline":"MP de Contas realiza mapeamento dos Regimes Pr\u00f3prios de Previd\u00eancia Social dos munic\u00edpios do Estado","datePublished":"2020-02-06T17:01:49+00:00","dateModified":"2020-07-10T17:36:47+00:00","mainEntityOfPage":{"@id":"https:\/\/www.mpc.pr.gov.br\/index.php\/mp-de-contas-realiza-mapeamento-dos-regimes-proprios-de-previdencia-social-dos-municipios-do-estado\/"},"wordCount":270,"commentCount":0,"publisher":{"@id":"https:\/\/www.mpc.pr.gov.br\/#organization"},"image":{"@id":"https:\/\/www.mpc.pr.gov.br\/index.php\/mp-de-contas-realiza-mapeamento-dos-regimes-proprios-de-previdencia-social-dos-municipios-do-estado\/#primaryimage"},"thumbnailUrl":"https:\/\/www.mpc.pr.gov.br\/wp-content\/uploads\/2020\/02\/FISCALIZAR-04.jpg","articleSection":["Todas as not\u00edcias","\u00daltimas not\u00edcias"],"inLanguage":"pt-BR","potentialAction":[{"@type":"CommentAction","name":"Comment","target":["https:\/\/www.mpc.pr.gov.br\/index.php\/mp-de-contas-realiza-mapeamento-dos-regimes-proprios-de-previdencia-social-dos-municipios-do-estado\/#respond"]}]},{"@type":"WebPage","@id":"https:\/\/www.mpc.pr.gov.br\/index.php\/mp-de-contas-realiza-mapeamento-dos-regimes-proprios-de-previdencia-social-dos-municipios-do-estado\/","url":"https:\/\/www.mpc.pr.gov.br\/index.php\/mp-de-contas-realiza-mapeamento-dos-regimes-proprios-de-previdencia-social-dos-municipios-do-estado\/","name":"MP de Contas realiza mapeamento dos Regimes Pr\u00f3prios de Previd\u00eancia Social dos munic\u00edpios do Estado - Minist\u00e9rio P\u00fablico de Contas do Estado do Paran\u00e1","isPartOf":{"@id":"https:\/\/www.mpc.pr.gov.br\/#website"},"primaryImageOfPage":{"@id":"https:\/\/www.mpc.pr.gov.br\/index.php\/mp-de-contas-realiza-mapeamento-dos-regimes-proprios-de-previdencia-social-dos-municipios-do-estado\/#primaryimage"},"image":{"@id":"https:\/\/www.mpc.pr.gov.br\/index.php\/mp-de-contas-realiza-mapeamento-dos-regimes-proprios-de-previdencia-social-dos-municipios-do-estado\/#primaryimage"},"thumbnailUrl":"https:\/\/www.mpc.pr.gov.br\/wp-content\/uploads\/2020\/02\/FISCALIZAR-04.jpg","datePublished":"2020-02-06T17:01:49+00:00","dateModified":"2020-07-10T17:36:47+00:00","breadcrumb":{"@id":"https:\/\/www.mpc.pr.gov.br\/index.php\/mp-de-contas-realiza-mapeamento-dos-regimes-proprios-de-previdencia-social-dos-municipios-do-estado\/#breadcrumb"},"inLanguage":"pt-BR","potentialAction":[{"@type":"ReadAction","target":["https:\/\/www.mpc.pr.gov.br\/index.php\/mp-de-contas-realiza-mapeamento-dos-regimes-proprios-de-previdencia-social-dos-municipios-do-estado\/"]}]},{"@type":"ImageObject","inLanguage":"pt-BR","@id":"https:\/\/www.mpc.pr.gov.br\/index.php\/mp-de-contas-realiza-mapeamento-dos-regimes-proprios-de-previdencia-social-dos-municipios-do-estado\/#primaryimage","url":"https:\/\/www.mpc.pr.gov.br\/wp-content\/uploads\/2020\/02\/FISCALIZAR-04.jpg","contentUrl":"https:\/\/www.mpc.pr.gov.br\/wp-content\/uploads\/2020\/02\/FISCALIZAR-04.jpg","width":300,"height":199},{"@type":"BreadcrumbList","@id":"https:\/\/www.mpc.pr.gov.br\/index.php\/mp-de-contas-realiza-mapeamento-dos-regimes-proprios-de-previdencia-social-dos-municipios-do-estado\/#breadcrumb","itemListElement":[{"@type":"ListItem","position":1,"name":"In\u00edcio","item":"https:\/\/www.mpc.pr.gov.br\/"},{"@type":"ListItem","position":2,"name":"MP de Contas realiza mapeamento dos Regimes Pr\u00f3prios de Previd\u00eancia Social dos munic\u00edpios do Estado"}]},{"@type":"WebSite","@id":"https:\/\/www.mpc.pr.gov.br\/#website","url":"https:\/\/www.mpc.pr.gov.br\/","name":"Minist\u00e9rio P\u00fablico de Contas do Estado do Paran\u00e1","description":"","publisher":{"@id":"https:\/\/www.mpc.pr.gov.br\/#organization"},"potentialAction":[{"@type":"SearchAction","target":{"@type":"EntryPoint","urlTemplate":"https:\/\/www.mpc.pr.gov.br\/?s={search_term_string}"},"query-input":{"@type":"PropertyValueSpecification","valueRequired":true,"valueName":"search_term_string"}}],"inLanguage":"pt-BR"},{"@type":"Organization","@id":"https:\/\/www.mpc.pr.gov.br\/#organization","name":"Minist\u00e9rio P\u00fablico de Contas do Estado do Paran\u00e1","url":"https:\/\/www.mpc.pr.gov.br\/","logo":{"@type":"ImageObject","inLanguage":"pt-BR","@id":"https:\/\/www.mpc.pr.gov.br\/#\/schema\/logo\/image\/","url":"https:\/\/www.mpc.pr.gov.br\/wp-content\/uploads\/2020\/06\/99423647_1593460364143890_6706793420720963584_n-1-e1591387983167.png","contentUrl":"https:\/\/www.mpc.pr.gov.br\/wp-content\/uploads\/2020\/06\/99423647_1593460364143890_6706793420720963584_n-1-e1591387983167.png","width":243,"height":73,"caption":"Minist\u00e9rio P\u00fablico de Contas do Estado do Paran\u00e1"},"image":{"@id":"https:\/\/www.mpc.pr.gov.br\/#\/schema\/logo\/image\/"},"sameAs":["https:\/\/www.facebook.com\/mpc.pr","https:\/\/www.instagram.com\/mpc.pr\/?hl=pt-br","https:\/\/www.youtube.com\/channel\/UCHri5oEM8DV0ztX57E0sBSw"]},{"@type":"Person","@id":"https:\/\/www.mpc.pr.gov.br\/#\/schema\/person\/d0c5cf9ebb4d8be833c419f3538cf751","name":"giovanna.faria","image":{"@type":"ImageObject","inLanguage":"pt-BR","@id":"https:\/\/secure.gravatar.com\/avatar\/?s=96&d=mm&r=g","url":"https:\/\/secure.gravatar.com\/avatar\/?s=96&d=mm&r=g","contentUrl":"https:\/\/secure.gravatar.com\/avatar\/?s=96&d=mm&r=g","caption":"giovanna.faria"}}]}},"rttpg_featured_image_url":{"full":["https:\/\/www.mpc.pr.gov.br\/wp-content\/uploads\/2020\/02\/FISCALIZAR-04.jpg",300,199,false],"landscape":["https:\/\/www.mpc.pr.gov.br\/wp-content\/uploads\/2020\/02\/FISCALIZAR-04.jpg",300,199,false],"portraits":["https:\/\/www.mpc.pr.gov.br\/wp-content\/uploads\/2020\/02\/FISCALIZAR-04.jpg",300,199,false],"thumbnail":["https:\/\/www.mpc.pr.gov.br\/wp-content\/uploads\/2020\/02\/FISCALIZAR-04-150x150.jpg",150,150,true],"medium":["https:\/\/www.mpc.pr.gov.br\/wp-content\/uploads\/2020\/02\/FISCALIZAR-04.jpg",300,199,false],"large":["https:\/\/www.mpc.pr.gov.br\/wp-content\/uploads\/2020\/02\/FISCALIZAR-04.jpg",300,199,false],"1536x1536":["https:\/\/www.mpc.pr.gov.br\/wp-content\/uploads\/2020\/02\/FISCALIZAR-04.jpg",300,199,false],"2048x2048":["https:\/\/www.mpc.pr.gov.br\/wp-content\/uploads\/2020\/02\/FISCALIZAR-04.jpg",300,199,false],"ocean-thumb-m":["https:\/\/www.mpc.pr.gov.br\/wp-content\/uploads\/2020\/02\/FISCALIZAR-04.jpg",300,199,false],"ocean-thumb-ml":["https:\/\/www.mpc.pr.gov.br\/wp-content\/uploads\/2020\/02\/FISCALIZAR-04.jpg",300,199,false],"ocean-thumb-l":["https:\/\/www.mpc.pr.gov.br\/wp-content\/uploads\/2020\/02\/FISCALIZAR-04.jpg",300,199,false]},"rttpg_author":{"display_name":"giovanna.faria","author_link":"https:\/\/www.mpc.pr.gov.br\/index.php\/author\/giovanna-faria\/"},"rttpg_comment":0,"rttpg_category":"<a href=\"https:\/\/www.mpc.pr.gov.br\/index.php\/category\/todas-as-noticias\/\" rel=\"category tag\">Todas as not\u00edcias<\/a> <a href=\"https:\/\/www.mpc.pr.gov.br\/index.php\/category\/ultimas-noticias\/\" rel=\"category tag\">\u00daltimas not\u00edcias<\/a>","rttpg_excerpt":"O MP de Contas do Paran\u00e1 (MPC-PR) realizou um mapeamento dos 178 munic\u00edpios paranaenses que possuem Regime Pr\u00f3prio de Previd\u00eancia Social (RPPS), a fim de formar um panorama sobre a situa\u00e7\u00e3o previdenci\u00e1ria no Estado. O relat\u00f3rio final ser\u00e1 encaminhado ao Diretor da Secretaria de Estado da Justi\u00e7a, Fam\u00edlia e Trabalho do Paran\u00e1, Felipe Hayashi. O&hellip;","_links":{"self":[{"href":"https:\/\/www.mpc.pr.gov.br\/index.php\/wp-json\/wp\/v2\/posts\/8461","targetHints":{"allow":["GET"]}}],"collection":[{"href":"https:\/\/www.mpc.pr.gov.br\/index.php\/wp-json\/wp\/v2\/posts"}],"about":[{"href":"https:\/\/www.mpc.pr.gov.br\/index.php\/wp-json\/wp\/v2\/types\/post"}],"author":[{"embeddable":true,"href":"https:\/\/www.mpc.pr.gov.br\/index.php\/wp-json\/wp\/v2\/users\/5"}],"replies":[{"embeddable":true,"href":"https:\/\/www.mpc.pr.gov.br\/index.php\/wp-json\/wp\/v2\/comments?post=8461"}],"version-history":[{"count":1,"href":"https:\/\/www.mpc.pr.gov.br\/index.php\/wp-json\/wp\/v2\/posts\/8461\/revisions"}],"predecessor-version":[{"id":9336,"href":"https:\/\/www.mpc.pr.gov.br\/index.php\/wp-json\/wp\/v2\/posts\/8461\/revisions\/9336"}],"wp:featuredmedia":[{"embeddable":true,"href":"https:\/\/www.mpc.pr.gov.br\/index.php\/wp-json\/wp\/v2\/media\/9335"}],"wp:attachment":[{"href":"https:\/\/www.mpc.pr.gov.br\/index.php\/wp-json\/wp\/v2\/media?parent=8461"}],"wp:term":[{"taxonomy":"category","embeddable":true,"href":"https:\/\/www.mpc.pr.gov.br\/index.php\/wp-json\/wp\/v2\/categories?post=8461"},{"taxonomy":"post_tag","embeddable":true,"href":"https:\/\/www.mpc.pr.gov.br\/index.php\/wp-json\/wp\/v2\/tags?post=8461"}],"curies":[{"name":"wp","href":"https:\/\/api.w.org\/{rel}","templated":true}]}}