{"id":8526,"date":"2020-02-19T14:05:41","date_gmt":"2020-02-19T17:05:41","guid":{"rendered":"http:\/\/www.mpc.pr.gov.br\/?p=8526"},"modified":"2020-07-10T14:32:42","modified_gmt":"2020-07-10T17:32:42","slug":"ampcon-e-cnpgc-se-reunem-para-alinhar-planejamento-estrategico-do-mp-de-contas-brasileiro","status":"publish","type":"post","link":"https:\/\/www.mpc.pr.gov.br\/index.php\/ampcon-e-cnpgc-se-reunem-para-alinhar-planejamento-estrategico-do-mp-de-contas-brasileiro\/","title":{"rendered":"AMPCON e CNPGC se re\u00fanem para alinhar Planejamento Estrat\u00e9gico do MP de Contas Brasileiro"},"content":{"rendered":"<p><a href=\"http:\/\/www.mpc.pr.gov.br\/wp-content\/uploads\/2020\/02\/WhatsApp-Image-2020-02-19-at-12.01.54.jpeg\" rel=\"attachment wp-att-8527\"><img fetchpriority=\"high\" decoding=\"async\" class=\"alignleft wp-image-8527 size-medium\" src=\"http:\/\/www.mpc.pr.gov.br\/wp-content\/uploads\/2020\/02\/WhatsApp-Image-2020-02-19-at-12.01.54-300x225.jpeg\" alt=\"\" width=\"300\" height=\"225\" \/><\/a>No \u00faltimo dia 13, o Procurador do MP de Contas do Paran\u00e1 (MPC-PR), Gabriel Guy L\u00e9ger, participou de uma reuni\u00e3o entre a Associa\u00e7\u00e3o Nacional do Minist\u00e9rio P\u00fablico de Contas (AMPCON) e o Conselho Nacional de Procuradores-Gerais de Contas (CNPGC), realizada em Bel\u00e9m (PA).<\/p>\n<p>Durante o encontro, que teve como objetivo alinhar o Plano de gest\u00e3o Estrat\u00e9gica do Minist\u00e9rio P\u00fablico de Contas Brasileiro, foi decidida a revis\u00e3o do plano elaborado no Encontro Nacional do Minist\u00e9rio P\u00fablico de Contas (Enampcon) em 2018, de forma a agregar o apoio do CNPGC para o alcance dos objetivos e metas definidos pela carreira, visando ao fortalecimento institucional.<\/p>\n<p><strong>Posse do novo Procurador-Geral do MP de Contas do Par\u00e1<\/strong><\/p>\n<p>No dia seguinte a reuni\u00e3o (14), o Procurador do MPC-PR tamb\u00e9m participou da cerim\u00f4nia de posse no Procurador Guilherme da Costa Sperry, que assumiu a procuradoria-geral do MPC-PA.<\/p>\n<p>Eleito pelo Col\u00e9gio de Procuradores do MP de Contas do Par\u00e1 e nomeado pelo Governador do Estado, Helder Barbalho, no dia 20 de dezembro de 2019, o novo chefe do MP de Contas do Par\u00e1 pretende, dentre suas principais metas, realizar a nomea\u00e7\u00e3o e a posse gradual dos aprovados nos dois \u00faltimos concursos realizados em 2019, um para procurador de contas e outro para servidores.<\/p>\n<p>Ao tomar a palavra para o seu primeiro discurso como titular da Procuradoria-Geral de Contas do Estado, Guilherme Sperry agradeceu a Deus, aos seus familiares, aos membros e servidores do MPC-PA, aos conselheiros, conselheiros substitutos e servidores do TCE-PA e, tamb\u00e9m, ao Governo do Estado. Emocionado, relembrou da faculdade de Direito, \u00e0 \u00e9poca em que pensou em desistir para seguir sua paix\u00e3o pela locu\u00e7\u00e3o radiof\u00f4nica\u201d.<\/p>\n<p><a href=\"http:\/\/www.mpc.pr.gov.br\/wp-content\/uploads\/2020\/02\/WhatsApp-Image-2020-02-19-at-12.01.54-1.jpeg\" rel=\"attachment wp-att-8528\"><img decoding=\"async\" class=\"alignright wp-image-8528 size-medium\" src=\"http:\/\/www.mpc.pr.gov.br\/wp-content\/uploads\/2020\/02\/WhatsApp-Image-2020-02-19-at-12.01.54-1-300x225.jpeg\" alt=\"\" width=\"300\" height=\"225\" \/><\/a>Sperry tamb\u00e9m falou sobre o modelo de gest\u00e3o que pretende empreender, lembrando da import\u00e2ncia de conhecer e entender a cultura paraense, \u201cpois, s\u00f3 assim, respeitando a identidade e as caracter\u00edsticas do nosso Estado, \u00e9 que devem ser propostos os aprimoramentos que se fazem necess\u00e1rios \u00e0 gest\u00e3o p\u00fablica\u201d, disse.<\/p>\n<p>Al\u00e9m de nomear e de dar posse aos novos servidores, Sperry pretende dar \u00eanfase \u00e0 informatiza\u00e7\u00e3o do MPC-PA, \u201ccom o desenvolvimento de novos sistemas que otimizem o trabalho do Minist\u00e9rio P\u00fablico de Contas\u201d, explicou.<\/p>\n<p>Outro objetivo ser\u00e1 o aprimoramento da contribui\u00e7\u00e3o do MPC-PA com a Procuradoria Geral do Estado (PGE), em rela\u00e7\u00e3o \u00e0 cobran\u00e7a dos d\u00e9bitos e das multas oriundas dos processos do TCE-PA.<\/p>\n<p>Em rela\u00e7\u00e3o ao tema, ele acrescentou que \u201co aprimoramento do trabalho que se iniciou no ano passado, com a colabora\u00e7\u00e3o do TCE-PA, do MPC-PA e da PGE-PA, mostra-se importante, uma vez que o Poder Executivo, ao dispor de mais recursos, certamente poder\u00e1 melhor atender ao cidad\u00e3o desse Estado. Trata-se, portanto, de medida colaborativa aonde ganham todos os envolvidos\u201d, concluiu.<\/p>\n<p>Ao encerrar seu discurso, Guilherme lembrou de uma mensagem atribu\u00edda a Albert Einstein: \u201cinsanidade \u00e9 continuar fazendo a mesma coisa e esperar um resultado diferente\u201d!.<\/p>\n<p><em><strong>Fonte: Com informa\u00e7\u00f5es do CNPGC e do MPC-PA.<\/strong><\/em><\/p>\n","protected":false},"excerpt":{"rendered":"<p>No \u00faltimo dia 13, o Procurador do MP de Contas do Paran\u00e1 (MPC-PR), Gabriel Guy L\u00e9ger, participou de uma reuni\u00e3o entre a Associa\u00e7\u00e3o Nacional do Minist\u00e9rio P\u00fablico de Contas (AMPCON) e o Conselho Nacional de Procuradores-Gerais de Contas (CNPGC), realizada em Bel\u00e9m (PA). Durante o encontro, que teve como objetivo alinhar o Plano de gest\u00e3o [&hellip;]<\/p>\n","protected":false},"author":5,"featured_media":9320,"comment_status":"open","ping_status":"open","sticky":false,"template":"","format":"standard","meta":{"_monsterinsights_skip_tracking":false,"_monsterinsights_sitenote_active":false,"_monsterinsights_sitenote_note":"","_monsterinsights_sitenote_category":0,"footnotes":""},"categories":[7,14],"tags":[],"class_list":["post-8526","post","type-post","status-publish","format-standard","has-post-thumbnail","hentry","category-todas-as-noticias","category-ultimas-noticias","entry","has-media"],"yoast_head":"<!-- This site is optimized with the Yoast SEO plugin v27.3 - https:\/\/yoast.com\/product\/yoast-seo-wordpress\/ -->\n<title>AMPCON e CNPGC se re\u00fanem para alinhar Planejamento Estrat\u00e9gico do MP de Contas Brasileiro - Minist\u00e9rio P\u00fablico de Contas do Estado do Paran\u00e1<\/title>\n<meta name=\"robots\" content=\"index, follow, max-snippet:-1, max-image-preview:large, max-video-preview:-1\" \/>\n<link rel=\"canonical\" href=\"https:\/\/www.mpc.pr.gov.br\/index.php\/ampcon-e-cnpgc-se-reunem-para-alinhar-planejamento-estrategico-do-mp-de-contas-brasileiro\/\" \/>\n<meta property=\"og:locale\" content=\"pt_BR\" \/>\n<meta property=\"og:type\" content=\"article\" \/>\n<meta property=\"og:title\" content=\"AMPCON e CNPGC se re\u00fanem para alinhar Planejamento Estrat\u00e9gico do MP de Contas Brasileiro - Minist\u00e9rio P\u00fablico de Contas do Estado do Paran\u00e1\" \/>\n<meta property=\"og:description\" content=\"No \u00faltimo dia 13, o Procurador do MP de Contas do Paran\u00e1 (MPC-PR), Gabriel Guy L\u00e9ger, participou de uma reuni\u00e3o entre a Associa\u00e7\u00e3o Nacional do Minist\u00e9rio P\u00fablico de Contas (AMPCON) e o Conselho Nacional de Procuradores-Gerais de Contas (CNPGC), realizada em Bel\u00e9m (PA). Durante o encontro, que teve como objetivo alinhar o Plano de gest\u00e3o [&hellip;]\" \/>\n<meta property=\"og:url\" content=\"https:\/\/www.mpc.pr.gov.br\/index.php\/ampcon-e-cnpgc-se-reunem-para-alinhar-planejamento-estrategico-do-mp-de-contas-brasileiro\/\" \/>\n<meta property=\"og:site_name\" content=\"Minist\u00e9rio P\u00fablico de Contas do Estado do Paran\u00e1\" \/>\n<meta property=\"article:publisher\" content=\"https:\/\/www.facebook.com\/mpc.pr\" \/>\n<meta property=\"article:published_time\" content=\"2020-02-19T17:05:41+00:00\" \/>\n<meta property=\"article:modified_time\" content=\"2020-07-10T17:32:42+00:00\" \/>\n<meta property=\"og:image\" content=\"https:\/\/www.mpc.pr.gov.br\/wp-content\/uploads\/2020\/02\/REUNI\u00c3O-AMPCON-E-CNPGC.jpeg\" \/>\n\t<meta property=\"og:image:width\" content=\"300\" \/>\n\t<meta property=\"og:image:height\" content=\"225\" \/>\n\t<meta property=\"og:image:type\" content=\"image\/jpeg\" \/>\n<meta name=\"author\" content=\"giovanna.faria\" \/>\n<meta name=\"twitter:card\" content=\"summary_large_image\" \/>\n<meta name=\"twitter:label1\" content=\"Escrito por\" \/>\n\t<meta name=\"twitter:data1\" content=\"giovanna.faria\" \/>\n\t<meta name=\"twitter:label2\" content=\"Est. tempo de leitura\" \/>\n\t<meta name=\"twitter:data2\" content=\"3 minutos\" \/>\n<script type=\"application\/ld+json\" class=\"yoast-schema-graph\">{\"@context\":\"https:\\\/\\\/schema.org\",\"@graph\":[{\"@type\":\"Article\",\"@id\":\"https:\\\/\\\/www.mpc.pr.gov.br\\\/index.php\\\/ampcon-e-cnpgc-se-reunem-para-alinhar-planejamento-estrategico-do-mp-de-contas-brasileiro\\\/#article\",\"isPartOf\":{\"@id\":\"https:\\\/\\\/www.mpc.pr.gov.br\\\/index.php\\\/ampcon-e-cnpgc-se-reunem-para-alinhar-planejamento-estrategico-do-mp-de-contas-brasileiro\\\/\"},\"author\":{\"name\":\"giovanna.faria\",\"@id\":\"https:\\\/\\\/www.mpc.pr.gov.br\\\/#\\\/schema\\\/person\\\/d0c5cf9ebb4d8be833c419f3538cf751\"},\"headline\":\"AMPCON e CNPGC se re\u00fanem para alinhar Planejamento Estrat\u00e9gico do MP de Contas Brasileiro\",\"datePublished\":\"2020-02-19T17:05:41+00:00\",\"dateModified\":\"2020-07-10T17:32:42+00:00\",\"mainEntityOfPage\":{\"@id\":\"https:\\\/\\\/www.mpc.pr.gov.br\\\/index.php\\\/ampcon-e-cnpgc-se-reunem-para-alinhar-planejamento-estrategico-do-mp-de-contas-brasileiro\\\/\"},\"wordCount\":520,\"commentCount\":0,\"publisher\":{\"@id\":\"https:\\\/\\\/www.mpc.pr.gov.br\\\/#organization\"},\"image\":{\"@id\":\"https:\\\/\\\/www.mpc.pr.gov.br\\\/index.php\\\/ampcon-e-cnpgc-se-reunem-para-alinhar-planejamento-estrategico-do-mp-de-contas-brasileiro\\\/#primaryimage\"},\"thumbnailUrl\":\"https:\\\/\\\/www.mpc.pr.gov.br\\\/wp-content\\\/uploads\\\/2020\\\/02\\\/REUNI\u00c3O-AMPCON-E-CNPGC.jpeg\",\"articleSection\":[\"Todas as not\u00edcias\",\"\u00daltimas not\u00edcias\"],\"inLanguage\":\"pt-BR\",\"potentialAction\":[{\"@type\":\"CommentAction\",\"name\":\"Comment\",\"target\":[\"https:\\\/\\\/www.mpc.pr.gov.br\\\/index.php\\\/ampcon-e-cnpgc-se-reunem-para-alinhar-planejamento-estrategico-do-mp-de-contas-brasileiro\\\/#respond\"]}]},{\"@type\":\"WebPage\",\"@id\":\"https:\\\/\\\/www.mpc.pr.gov.br\\\/index.php\\\/ampcon-e-cnpgc-se-reunem-para-alinhar-planejamento-estrategico-do-mp-de-contas-brasileiro\\\/\",\"url\":\"https:\\\/\\\/www.mpc.pr.gov.br\\\/index.php\\\/ampcon-e-cnpgc-se-reunem-para-alinhar-planejamento-estrategico-do-mp-de-contas-brasileiro\\\/\",\"name\":\"AMPCON e CNPGC se re\u00fanem para alinhar Planejamento Estrat\u00e9gico do MP de Contas Brasileiro - Minist\u00e9rio P\u00fablico de Contas do Estado do Paran\u00e1\",\"isPartOf\":{\"@id\":\"https:\\\/\\\/www.mpc.pr.gov.br\\\/#website\"},\"primaryImageOfPage\":{\"@id\":\"https:\\\/\\\/www.mpc.pr.gov.br\\\/index.php\\\/ampcon-e-cnpgc-se-reunem-para-alinhar-planejamento-estrategico-do-mp-de-contas-brasileiro\\\/#primaryimage\"},\"image\":{\"@id\":\"https:\\\/\\\/www.mpc.pr.gov.br\\\/index.php\\\/ampcon-e-cnpgc-se-reunem-para-alinhar-planejamento-estrategico-do-mp-de-contas-brasileiro\\\/#primaryimage\"},\"thumbnailUrl\":\"https:\\\/\\\/www.mpc.pr.gov.br\\\/wp-content\\\/uploads\\\/2020\\\/02\\\/REUNI\u00c3O-AMPCON-E-CNPGC.jpeg\",\"datePublished\":\"2020-02-19T17:05:41+00:00\",\"dateModified\":\"2020-07-10T17:32:42+00:00\",\"breadcrumb\":{\"@id\":\"https:\\\/\\\/www.mpc.pr.gov.br\\\/index.php\\\/ampcon-e-cnpgc-se-reunem-para-alinhar-planejamento-estrategico-do-mp-de-contas-brasileiro\\\/#breadcrumb\"},\"inLanguage\":\"pt-BR\",\"potentialAction\":[{\"@type\":\"ReadAction\",\"target\":[\"https:\\\/\\\/www.mpc.pr.gov.br\\\/index.php\\\/ampcon-e-cnpgc-se-reunem-para-alinhar-planejamento-estrategico-do-mp-de-contas-brasileiro\\\/\"]}]},{\"@type\":\"ImageObject\",\"inLanguage\":\"pt-BR\",\"@id\":\"https:\\\/\\\/www.mpc.pr.gov.br\\\/index.php\\\/ampcon-e-cnpgc-se-reunem-para-alinhar-planejamento-estrategico-do-mp-de-contas-brasileiro\\\/#primaryimage\",\"url\":\"https:\\\/\\\/www.mpc.pr.gov.br\\\/wp-content\\\/uploads\\\/2020\\\/02\\\/REUNI\u00c3O-AMPCON-E-CNPGC.jpeg\",\"contentUrl\":\"https:\\\/\\\/www.mpc.pr.gov.br\\\/wp-content\\\/uploads\\\/2020\\\/02\\\/REUNI\u00c3O-AMPCON-E-CNPGC.jpeg\",\"width\":300,\"height\":225},{\"@type\":\"BreadcrumbList\",\"@id\":\"https:\\\/\\\/www.mpc.pr.gov.br\\\/index.php\\\/ampcon-e-cnpgc-se-reunem-para-alinhar-planejamento-estrategico-do-mp-de-contas-brasileiro\\\/#breadcrumb\",\"itemListElement\":[{\"@type\":\"ListItem\",\"position\":1,\"name\":\"In\u00edcio\",\"item\":\"https:\\\/\\\/www.mpc.pr.gov.br\\\/\"},{\"@type\":\"ListItem\",\"position\":2,\"name\":\"AMPCON e CNPGC se re\u00fanem para alinhar Planejamento Estrat\u00e9gico do MP de Contas Brasileiro\"}]},{\"@type\":\"WebSite\",\"@id\":\"https:\\\/\\\/www.mpc.pr.gov.br\\\/#website\",\"url\":\"https:\\\/\\\/www.mpc.pr.gov.br\\\/\",\"name\":\"Minist\u00e9rio P\u00fablico de Contas do Estado do Paran\u00e1\",\"description\":\"\",\"publisher\":{\"@id\":\"https:\\\/\\\/www.mpc.pr.gov.br\\\/#organization\"},\"potentialAction\":[{\"@type\":\"SearchAction\",\"target\":{\"@type\":\"EntryPoint\",\"urlTemplate\":\"https:\\\/\\\/www.mpc.pr.gov.br\\\/?s={search_term_string}\"},\"query-input\":{\"@type\":\"PropertyValueSpecification\",\"valueRequired\":true,\"valueName\":\"search_term_string\"}}],\"inLanguage\":\"pt-BR\"},{\"@type\":\"Organization\",\"@id\":\"https:\\\/\\\/www.mpc.pr.gov.br\\\/#organization\",\"name\":\"Minist\u00e9rio P\u00fablico de Contas do Estado do Paran\u00e1\",\"url\":\"https:\\\/\\\/www.mpc.pr.gov.br\\\/\",\"logo\":{\"@type\":\"ImageObject\",\"inLanguage\":\"pt-BR\",\"@id\":\"https:\\\/\\\/www.mpc.pr.gov.br\\\/#\\\/schema\\\/logo\\\/image\\\/\",\"url\":\"https:\\\/\\\/www.mpc.pr.gov.br\\\/wp-content\\\/uploads\\\/2020\\\/06\\\/99423647_1593460364143890_6706793420720963584_n-1-e1591387983167.png\",\"contentUrl\":\"https:\\\/\\\/www.mpc.pr.gov.br\\\/wp-content\\\/uploads\\\/2020\\\/06\\\/99423647_1593460364143890_6706793420720963584_n-1-e1591387983167.png\",\"width\":243,\"height\":73,\"caption\":\"Minist\u00e9rio P\u00fablico de Contas do Estado do Paran\u00e1\"},\"image\":{\"@id\":\"https:\\\/\\\/www.mpc.pr.gov.br\\\/#\\\/schema\\\/logo\\\/image\\\/\"},\"sameAs\":[\"https:\\\/\\\/www.facebook.com\\\/mpc.pr\",\"https:\\\/\\\/www.instagram.com\\\/mpc.pr\\\/?hl=pt-br\",\"https:\\\/\\\/www.youtube.com\\\/channel\\\/UCHri5oEM8DV0ztX57E0sBSw\"]},{\"@type\":\"Person\",\"@id\":\"https:\\\/\\\/www.mpc.pr.gov.br\\\/#\\\/schema\\\/person\\\/d0c5cf9ebb4d8be833c419f3538cf751\",\"name\":\"giovanna.faria\",\"image\":{\"@type\":\"ImageObject\",\"inLanguage\":\"pt-BR\",\"@id\":\"https:\\\/\\\/secure.gravatar.com\\\/avatar\\\/?s=96&d=mm&r=g\",\"url\":\"https:\\\/\\\/secure.gravatar.com\\\/avatar\\\/?s=96&d=mm&r=g\",\"contentUrl\":\"https:\\\/\\\/secure.gravatar.com\\\/avatar\\\/?s=96&d=mm&r=g\",\"caption\":\"giovanna.faria\"}}]}<\/script>\n<!-- \/ Yoast SEO plugin. -->","yoast_head_json":{"title":"AMPCON e CNPGC se re\u00fanem para alinhar Planejamento Estrat\u00e9gico do MP de Contas Brasileiro - Minist\u00e9rio P\u00fablico de Contas do Estado do Paran\u00e1","robots":{"index":"index","follow":"follow","max-snippet":"max-snippet:-1","max-image-preview":"max-image-preview:large","max-video-preview":"max-video-preview:-1"},"canonical":"https:\/\/www.mpc.pr.gov.br\/index.php\/ampcon-e-cnpgc-se-reunem-para-alinhar-planejamento-estrategico-do-mp-de-contas-brasileiro\/","og_locale":"pt_BR","og_type":"article","og_title":"AMPCON e CNPGC se re\u00fanem para alinhar Planejamento Estrat\u00e9gico do MP de Contas Brasileiro - Minist\u00e9rio P\u00fablico de Contas do Estado do Paran\u00e1","og_description":"No \u00faltimo dia 13, o Procurador do MP de Contas do Paran\u00e1 (MPC-PR), Gabriel Guy L\u00e9ger, participou de uma reuni\u00e3o entre a Associa\u00e7\u00e3o Nacional do Minist\u00e9rio P\u00fablico de Contas (AMPCON) e o Conselho Nacional de Procuradores-Gerais de Contas (CNPGC), realizada em Bel\u00e9m (PA). Durante o encontro, que teve como objetivo alinhar o Plano de gest\u00e3o [&hellip;]","og_url":"https:\/\/www.mpc.pr.gov.br\/index.php\/ampcon-e-cnpgc-se-reunem-para-alinhar-planejamento-estrategico-do-mp-de-contas-brasileiro\/","og_site_name":"Minist\u00e9rio P\u00fablico de Contas do Estado do Paran\u00e1","article_publisher":"https:\/\/www.facebook.com\/mpc.pr","article_published_time":"2020-02-19T17:05:41+00:00","article_modified_time":"2020-07-10T17:32:42+00:00","og_image":[{"width":300,"height":225,"url":"https:\/\/www.mpc.pr.gov.br\/wp-content\/uploads\/2020\/02\/REUNI\u00c3O-AMPCON-E-CNPGC.jpeg","type":"image\/jpeg"}],"author":"giovanna.faria","twitter_card":"summary_large_image","twitter_misc":{"Escrito por":"giovanna.faria","Est. tempo de leitura":"3 minutos"},"schema":{"@context":"https:\/\/schema.org","@graph":[{"@type":"Article","@id":"https:\/\/www.mpc.pr.gov.br\/index.php\/ampcon-e-cnpgc-se-reunem-para-alinhar-planejamento-estrategico-do-mp-de-contas-brasileiro\/#article","isPartOf":{"@id":"https:\/\/www.mpc.pr.gov.br\/index.php\/ampcon-e-cnpgc-se-reunem-para-alinhar-planejamento-estrategico-do-mp-de-contas-brasileiro\/"},"author":{"name":"giovanna.faria","@id":"https:\/\/www.mpc.pr.gov.br\/#\/schema\/person\/d0c5cf9ebb4d8be833c419f3538cf751"},"headline":"AMPCON e CNPGC se re\u00fanem para alinhar Planejamento Estrat\u00e9gico do MP de Contas Brasileiro","datePublished":"2020-02-19T17:05:41+00:00","dateModified":"2020-07-10T17:32:42+00:00","mainEntityOfPage":{"@id":"https:\/\/www.mpc.pr.gov.br\/index.php\/ampcon-e-cnpgc-se-reunem-para-alinhar-planejamento-estrategico-do-mp-de-contas-brasileiro\/"},"wordCount":520,"commentCount":0,"publisher":{"@id":"https:\/\/www.mpc.pr.gov.br\/#organization"},"image":{"@id":"https:\/\/www.mpc.pr.gov.br\/index.php\/ampcon-e-cnpgc-se-reunem-para-alinhar-planejamento-estrategico-do-mp-de-contas-brasileiro\/#primaryimage"},"thumbnailUrl":"https:\/\/www.mpc.pr.gov.br\/wp-content\/uploads\/2020\/02\/REUNI\u00c3O-AMPCON-E-CNPGC.jpeg","articleSection":["Todas as not\u00edcias","\u00daltimas not\u00edcias"],"inLanguage":"pt-BR","potentialAction":[{"@type":"CommentAction","name":"Comment","target":["https:\/\/www.mpc.pr.gov.br\/index.php\/ampcon-e-cnpgc-se-reunem-para-alinhar-planejamento-estrategico-do-mp-de-contas-brasileiro\/#respond"]}]},{"@type":"WebPage","@id":"https:\/\/www.mpc.pr.gov.br\/index.php\/ampcon-e-cnpgc-se-reunem-para-alinhar-planejamento-estrategico-do-mp-de-contas-brasileiro\/","url":"https:\/\/www.mpc.pr.gov.br\/index.php\/ampcon-e-cnpgc-se-reunem-para-alinhar-planejamento-estrategico-do-mp-de-contas-brasileiro\/","name":"AMPCON e CNPGC se re\u00fanem para alinhar Planejamento Estrat\u00e9gico do MP de Contas Brasileiro - Minist\u00e9rio P\u00fablico de Contas do Estado do Paran\u00e1","isPartOf":{"@id":"https:\/\/www.mpc.pr.gov.br\/#website"},"primaryImageOfPage":{"@id":"https:\/\/www.mpc.pr.gov.br\/index.php\/ampcon-e-cnpgc-se-reunem-para-alinhar-planejamento-estrategico-do-mp-de-contas-brasileiro\/#primaryimage"},"image":{"@id":"https:\/\/www.mpc.pr.gov.br\/index.php\/ampcon-e-cnpgc-se-reunem-para-alinhar-planejamento-estrategico-do-mp-de-contas-brasileiro\/#primaryimage"},"thumbnailUrl":"https:\/\/www.mpc.pr.gov.br\/wp-content\/uploads\/2020\/02\/REUNI\u00c3O-AMPCON-E-CNPGC.jpeg","datePublished":"2020-02-19T17:05:41+00:00","dateModified":"2020-07-10T17:32:42+00:00","breadcrumb":{"@id":"https:\/\/www.mpc.pr.gov.br\/index.php\/ampcon-e-cnpgc-se-reunem-para-alinhar-planejamento-estrategico-do-mp-de-contas-brasileiro\/#breadcrumb"},"inLanguage":"pt-BR","potentialAction":[{"@type":"ReadAction","target":["https:\/\/www.mpc.pr.gov.br\/index.php\/ampcon-e-cnpgc-se-reunem-para-alinhar-planejamento-estrategico-do-mp-de-contas-brasileiro\/"]}]},{"@type":"ImageObject","inLanguage":"pt-BR","@id":"https:\/\/www.mpc.pr.gov.br\/index.php\/ampcon-e-cnpgc-se-reunem-para-alinhar-planejamento-estrategico-do-mp-de-contas-brasileiro\/#primaryimage","url":"https:\/\/www.mpc.pr.gov.br\/wp-content\/uploads\/2020\/02\/REUNI\u00c3O-AMPCON-E-CNPGC.jpeg","contentUrl":"https:\/\/www.mpc.pr.gov.br\/wp-content\/uploads\/2020\/02\/REUNI\u00c3O-AMPCON-E-CNPGC.jpeg","width":300,"height":225},{"@type":"BreadcrumbList","@id":"https:\/\/www.mpc.pr.gov.br\/index.php\/ampcon-e-cnpgc-se-reunem-para-alinhar-planejamento-estrategico-do-mp-de-contas-brasileiro\/#breadcrumb","itemListElement":[{"@type":"ListItem","position":1,"name":"In\u00edcio","item":"https:\/\/www.mpc.pr.gov.br\/"},{"@type":"ListItem","position":2,"name":"AMPCON e CNPGC se re\u00fanem para alinhar Planejamento Estrat\u00e9gico do MP de Contas Brasileiro"}]},{"@type":"WebSite","@id":"https:\/\/www.mpc.pr.gov.br\/#website","url":"https:\/\/www.mpc.pr.gov.br\/","name":"Minist\u00e9rio P\u00fablico de Contas do Estado do Paran\u00e1","description":"","publisher":{"@id":"https:\/\/www.mpc.pr.gov.br\/#organization"},"potentialAction":[{"@type":"SearchAction","target":{"@type":"EntryPoint","urlTemplate":"https:\/\/www.mpc.pr.gov.br\/?s={search_term_string}"},"query-input":{"@type":"PropertyValueSpecification","valueRequired":true,"valueName":"search_term_string"}}],"inLanguage":"pt-BR"},{"@type":"Organization","@id":"https:\/\/www.mpc.pr.gov.br\/#organization","name":"Minist\u00e9rio P\u00fablico de Contas do Estado do Paran\u00e1","url":"https:\/\/www.mpc.pr.gov.br\/","logo":{"@type":"ImageObject","inLanguage":"pt-BR","@id":"https:\/\/www.mpc.pr.gov.br\/#\/schema\/logo\/image\/","url":"https:\/\/www.mpc.pr.gov.br\/wp-content\/uploads\/2020\/06\/99423647_1593460364143890_6706793420720963584_n-1-e1591387983167.png","contentUrl":"https:\/\/www.mpc.pr.gov.br\/wp-content\/uploads\/2020\/06\/99423647_1593460364143890_6706793420720963584_n-1-e1591387983167.png","width":243,"height":73,"caption":"Minist\u00e9rio P\u00fablico de Contas do Estado do Paran\u00e1"},"image":{"@id":"https:\/\/www.mpc.pr.gov.br\/#\/schema\/logo\/image\/"},"sameAs":["https:\/\/www.facebook.com\/mpc.pr","https:\/\/www.instagram.com\/mpc.pr\/?hl=pt-br","https:\/\/www.youtube.com\/channel\/UCHri5oEM8DV0ztX57E0sBSw"]},{"@type":"Person","@id":"https:\/\/www.mpc.pr.gov.br\/#\/schema\/person\/d0c5cf9ebb4d8be833c419f3538cf751","name":"giovanna.faria","image":{"@type":"ImageObject","inLanguage":"pt-BR","@id":"https:\/\/secure.gravatar.com\/avatar\/?s=96&d=mm&r=g","url":"https:\/\/secure.gravatar.com\/avatar\/?s=96&d=mm&r=g","contentUrl":"https:\/\/secure.gravatar.com\/avatar\/?s=96&d=mm&r=g","caption":"giovanna.faria"}}]}},"rttpg_featured_image_url":{"full":["https:\/\/www.mpc.pr.gov.br\/wp-content\/uploads\/2020\/02\/REUNI\u00c3O-AMPCON-E-CNPGC.jpeg",300,225,false],"landscape":["https:\/\/www.mpc.pr.gov.br\/wp-content\/uploads\/2020\/02\/REUNI\u00c3O-AMPCON-E-CNPGC.jpeg",300,225,false],"portraits":["https:\/\/www.mpc.pr.gov.br\/wp-content\/uploads\/2020\/02\/REUNI\u00c3O-AMPCON-E-CNPGC.jpeg",300,225,false],"thumbnail":["https:\/\/www.mpc.pr.gov.br\/wp-content\/uploads\/2020\/02\/REUNI\u00c3O-AMPCON-E-CNPGC-150x150.jpeg",150,150,true],"medium":["https:\/\/www.mpc.pr.gov.br\/wp-content\/uploads\/2020\/02\/REUNI\u00c3O-AMPCON-E-CNPGC.jpeg",300,225,false],"large":["https:\/\/www.mpc.pr.gov.br\/wp-content\/uploads\/2020\/02\/REUNI\u00c3O-AMPCON-E-CNPGC.jpeg",300,225,false],"1536x1536":["https:\/\/www.mpc.pr.gov.br\/wp-content\/uploads\/2020\/02\/REUNI\u00c3O-AMPCON-E-CNPGC.jpeg",300,225,false],"2048x2048":["https:\/\/www.mpc.pr.gov.br\/wp-content\/uploads\/2020\/02\/REUNI\u00c3O-AMPCON-E-CNPGC.jpeg",300,225,false],"ocean-thumb-m":["https:\/\/www.mpc.pr.gov.br\/wp-content\/uploads\/2020\/02\/REUNI\u00c3O-AMPCON-E-CNPGC.jpeg",300,225,false],"ocean-thumb-ml":["https:\/\/www.mpc.pr.gov.br\/wp-content\/uploads\/2020\/02\/REUNI\u00c3O-AMPCON-E-CNPGC.jpeg",300,225,false],"ocean-thumb-l":["https:\/\/www.mpc.pr.gov.br\/wp-content\/uploads\/2020\/02\/REUNI\u00c3O-AMPCON-E-CNPGC.jpeg",300,225,false]},"rttpg_author":{"display_name":"giovanna.faria","author_link":"https:\/\/www.mpc.pr.gov.br\/index.php\/author\/giovanna-faria\/"},"rttpg_comment":0,"rttpg_category":"<a href=\"https:\/\/www.mpc.pr.gov.br\/index.php\/category\/todas-as-noticias\/\" rel=\"category tag\">Todas as not\u00edcias<\/a> <a href=\"https:\/\/www.mpc.pr.gov.br\/index.php\/category\/ultimas-noticias\/\" rel=\"category tag\">\u00daltimas not\u00edcias<\/a>","rttpg_excerpt":"No \u00faltimo dia 13, o Procurador do MP de Contas do Paran\u00e1 (MPC-PR), Gabriel Guy L\u00e9ger, participou de uma reuni\u00e3o entre a Associa\u00e7\u00e3o Nacional do Minist\u00e9rio P\u00fablico de Contas (AMPCON) e o Conselho Nacional de Procuradores-Gerais de Contas (CNPGC), realizada em Bel\u00e9m (PA). Durante o encontro, que teve como objetivo alinhar o Plano de gest\u00e3o&hellip;","_links":{"self":[{"href":"https:\/\/www.mpc.pr.gov.br\/index.php\/wp-json\/wp\/v2\/posts\/8526","targetHints":{"allow":["GET"]}}],"collection":[{"href":"https:\/\/www.mpc.pr.gov.br\/index.php\/wp-json\/wp\/v2\/posts"}],"about":[{"href":"https:\/\/www.mpc.pr.gov.br\/index.php\/wp-json\/wp\/v2\/types\/post"}],"author":[{"embeddable":true,"href":"https:\/\/www.mpc.pr.gov.br\/index.php\/wp-json\/wp\/v2\/users\/5"}],"replies":[{"embeddable":true,"href":"https:\/\/www.mpc.pr.gov.br\/index.php\/wp-json\/wp\/v2\/comments?post=8526"}],"version-history":[{"count":1,"href":"https:\/\/www.mpc.pr.gov.br\/index.php\/wp-json\/wp\/v2\/posts\/8526\/revisions"}],"predecessor-version":[{"id":9321,"href":"https:\/\/www.mpc.pr.gov.br\/index.php\/wp-json\/wp\/v2\/posts\/8526\/revisions\/9321"}],"wp:featuredmedia":[{"embeddable":true,"href":"https:\/\/www.mpc.pr.gov.br\/index.php\/wp-json\/wp\/v2\/media\/9320"}],"wp:attachment":[{"href":"https:\/\/www.mpc.pr.gov.br\/index.php\/wp-json\/wp\/v2\/media?parent=8526"}],"wp:term":[{"taxonomy":"category","embeddable":true,"href":"https:\/\/www.mpc.pr.gov.br\/index.php\/wp-json\/wp\/v2\/categories?post=8526"},{"taxonomy":"post_tag","embeddable":true,"href":"https:\/\/www.mpc.pr.gov.br\/index.php\/wp-json\/wp\/v2\/tags?post=8526"}],"curies":[{"name":"wp","href":"https:\/\/api.w.org\/{rel}","templated":true}]}}