{"id":8581,"date":"2020-02-27T13:56:57","date_gmt":"2020-02-27T16:56:57","guid":{"rendered":"http:\/\/www.mpc.pr.gov.br\/?p=8581"},"modified":"2020-07-10T14:30:52","modified_gmt":"2020-07-10T17:30:52","slug":"mp-de-contas-promove-seminario-sobre-controle-externo-da-administracao-publica-realidades-brasileira-e-italiana","status":"publish","type":"post","link":"https:\/\/www.mpc.pr.gov.br\/index.php\/mp-de-contas-promove-seminario-sobre-controle-externo-da-administracao-publica-realidades-brasileira-e-italiana\/","title":{"rendered":"MP de Contas promove Semin\u00e1rio sobre Controle Externo da Administra\u00e7\u00e3o P\u00fablica \u2013 Realidades Brasileira e Italiana"},"content":{"rendered":"\r\n<div class=\"wp-block-image\">\r\n<figure class=\"alignleft size-large is-resized\"><a href=\"http:\/\/www.mpc.pr.gov.br\/wp-content\/uploads\/2020\/02\/Folder_Semin\u00e1rio-Controle-Externo3-scaled.jpg\"><img fetchpriority=\"high\" decoding=\"async\" class=\"wp-image-8585\" src=\"http:\/\/www.mpc.pr.gov.br\/wp-content\/uploads\/2020\/02\/Folder_Semin\u00e1rio-Controle-Externo3-734x1024.jpg\" alt=\"\" width=\"381\" height=\"532\" \/><\/a><\/figure>\r\n<\/div>\r\n\r\n\r\n\r\n<p>O Centro de Estudos do MP de Contas do Paran\u00e1 (MPC-PR), em parceria com a Escola de Gest\u00e3o P\u00fablica (EGP) provem o <strong><em>Semin\u00e1rio sobre Controle Externo da Administra\u00e7\u00e3o P\u00fablica \u2013 Realidades Brasileira e Italiana<\/em><\/strong>, no dia 4 de mar\u00e7o, pr\u00f3xima quarta-feira. O evento ser\u00e1 realizado no Audit\u00f3rio do Tribunal de Contas do Paran\u00e1 (TCE-PR), das 9h \u00e0s 11h.<\/p>\r\n\r\n\r\n\r\n<p>O semin\u00e1rio contar\u00e1 com a presen\u00e7a de Ilton Robl Filho, professor de Direito da Universidade Federal do Paran\u00e1 (UFPR), que palestrar\u00e1 sobre <strong><em>Contratos de gest\u00e3o e fiscaliza\u00e7\u00e3o dos Tribunais de Contas<\/em><\/strong>. \u00c0s 10h10 ter\u00e1 in\u00edcio a segunda palestra do evento sobre <strong><em>A relev\u00e2ncia constitucional da responsabilidade gerencial por resultados no sistema jur\u00eddico italiano<\/em><\/strong>, ministrada por Cristiano Celone, professor de Direito da Universit\u00e0 degli studi di Palermo.<\/p>\r\n\r\n\r\n\r\n<p>Ap\u00f3s as palestras haver\u00e1 um debate sobre os temas abordados, presidido pelo Procurador-Geral do MP de Contas, Fl\u00e1vio Berti, e mediado pela professora da UFPR e procuradora aposentada do MPC-PR, Angela C\u00e1ssia Costaldello.<\/p>\r\n\r\n\r\n\r\n<p>As inscri\u00e7\u00f5es s\u00e3o gratuitas e podem ser feitas pelo site da EGP.<\/p>\r\n\r\n\r\n\r\n<div class=\"wp-block-group\">\r\n<div class=\"wp-block-group__inner-container is-layout-flow wp-block-group-is-layout-flow\">\r\n<blockquote class=\"wp-block-quote is-layout-flow wp-block-quote-is-layout-flow\">\r\n<p><strong>Servi\u00e7o<\/strong><\/p>\r\n<\/blockquote>\r\n\r\n\r\n\r\n<blockquote class=\"wp-block-quote is-layout-flow wp-block-quote-is-layout-flow\">\r\n<p><strong>Curso: <\/strong>Semin\u00e1rio sobre Controle Externo da Administra\u00e7\u00e3o P\u00fablica \u2013 Realidades Brasileira e Italiana<\/p>\r\n<\/blockquote>\r\n\r\n\r\n\r\n<blockquote class=\"wp-block-quote is-layout-flow wp-block-quote-is-layout-flow\">\r\n<p><strong>Data:<\/strong> 4 de mar\u00e7o (quarta-feira), das 9h \u00e0s 11h.<\/p>\r\n<\/blockquote>\r\n\r\n\r\n\r\n<blockquote class=\"wp-block-quote is-layout-flow wp-block-quote-is-layout-flow\">\r\n<p><strong>Local:<\/strong> Audit\u00f3rio do Tribunal de Contas do Paran\u00e1 \u2013 6\u00ba andar.<\/p>\r\n<\/blockquote>\r\n\r\n\r\n\r\n<blockquote class=\"wp-block-quote is-layout-flow wp-block-quote-is-layout-flow\">\r\n<p>Pra\u00e7a Nossa Senhora de Salete s\/n &#8211; Centro C\u00edvico.<\/p>\r\n<p><strong>Inscri\u00e7\u00f5es:<\/strong><a href=\"https:\/\/www1.tce.pr.gov.br\/conteudo\/presencial-seminario-sobre-controle-externo-da-adm-publica-realidade-brasileira-e-italiana-curitiba\/327275\/area\/59\">https:\/\/www1.tce.pr.gov.br\/conteudo\/presencial-seminario-sobre-controle-externo-da-adm-publica-realidade-brasileira-e-italiana-curitiba\/327275\/area\/59<\/a><\/p>\r\n<\/blockquote>\r\n<\/div>\r\n<\/div>\r\n","protected":false},"excerpt":{"rendered":"<p>O Centro de Estudos do MP de Contas do Paran\u00e1 (MPC-PR), em parceria com a Escola de Gest\u00e3o P\u00fablica (EGP) provem o Semin\u00e1rio sobre Controle Externo da Administra\u00e7\u00e3o P\u00fablica \u2013 Realidades Brasileira e Italiana, no dia 4 de mar\u00e7o, pr\u00f3xima quarta-feira. O evento ser\u00e1 realizado no Audit\u00f3rio do Tribunal de Contas do Paran\u00e1 (TCE-PR), das [&hellip;]<\/p>\n","protected":false},"author":5,"featured_media":9314,"comment_status":"open","ping_status":"open","sticky":false,"template":"","format":"standard","meta":{"_monsterinsights_skip_tracking":false,"_monsterinsights_sitenote_active":false,"_monsterinsights_sitenote_note":"","_monsterinsights_sitenote_category":0,"footnotes":""},"categories":[7,14],"tags":[],"class_list":["post-8581","post","type-post","status-publish","format-standard","has-post-thumbnail","hentry","category-todas-as-noticias","category-ultimas-noticias","entry","has-media"],"yoast_head":"<!-- This site is optimized with the Yoast SEO plugin v27.3 - https:\/\/yoast.com\/product\/yoast-seo-wordpress\/ -->\n<title>MP de Contas promove Semin\u00e1rio sobre Controle Externo da Administra\u00e7\u00e3o P\u00fablica \u2013 Realidades Brasileira e Italiana - Minist\u00e9rio P\u00fablico de Contas do Estado do Paran\u00e1<\/title>\n<meta name=\"robots\" content=\"index, follow, max-snippet:-1, max-image-preview:large, max-video-preview:-1\" \/>\n<link rel=\"canonical\" href=\"https:\/\/www.mpc.pr.gov.br\/index.php\/mp-de-contas-promove-seminario-sobre-controle-externo-da-administracao-publica-realidades-brasileira-e-italiana\/\" \/>\n<meta property=\"og:locale\" content=\"pt_BR\" \/>\n<meta property=\"og:type\" content=\"article\" \/>\n<meta property=\"og:title\" content=\"MP de Contas promove Semin\u00e1rio sobre Controle Externo da Administra\u00e7\u00e3o P\u00fablica \u2013 Realidades Brasileira e Italiana - Minist\u00e9rio P\u00fablico de Contas do Estado do Paran\u00e1\" \/>\n<meta property=\"og:description\" content=\"O Centro de Estudos do MP de Contas do Paran\u00e1 (MPC-PR), em parceria com a Escola de Gest\u00e3o P\u00fablica (EGP) provem o Semin\u00e1rio sobre Controle Externo da Administra\u00e7\u00e3o P\u00fablica \u2013 Realidades Brasileira e Italiana, no dia 4 de mar\u00e7o, pr\u00f3xima quarta-feira. O evento ser\u00e1 realizado no Audit\u00f3rio do Tribunal de Contas do Paran\u00e1 (TCE-PR), das [&hellip;]\" \/>\n<meta property=\"og:url\" content=\"https:\/\/www.mpc.pr.gov.br\/index.php\/mp-de-contas-promove-seminario-sobre-controle-externo-da-administracao-publica-realidades-brasileira-e-italiana\/\" \/>\n<meta property=\"og:site_name\" content=\"Minist\u00e9rio P\u00fablico de Contas do Estado do Paran\u00e1\" \/>\n<meta property=\"article:publisher\" content=\"https:\/\/www.facebook.com\/mpc.pr\" \/>\n<meta property=\"article:published_time\" content=\"2020-02-27T16:56:57+00:00\" \/>\n<meta property=\"article:modified_time\" content=\"2020-07-10T17:30:52+00:00\" \/>\n<meta property=\"og:image\" content=\"https:\/\/www.mpc.pr.gov.br\/wp-content\/uploads\/2020\/02\/BANNER-SEMIN\u00c1RIO-BRASILxIT\u00c1LIA-MPC.jpg\" \/>\n\t<meta property=\"og:image:width\" content=\"734\" \/>\n\t<meta property=\"og:image:height\" content=\"1024\" \/>\n\t<meta property=\"og:image:type\" content=\"image\/jpeg\" \/>\n<meta name=\"author\" content=\"giovanna.faria\" \/>\n<meta name=\"twitter:card\" content=\"summary_large_image\" \/>\n<meta name=\"twitter:label1\" content=\"Escrito por\" \/>\n\t<meta name=\"twitter:data1\" content=\"giovanna.faria\" \/>\n\t<meta name=\"twitter:label2\" content=\"Est. tempo de leitura\" \/>\n\t<meta name=\"twitter:data2\" content=\"1 minuto\" \/>\n<script type=\"application\/ld+json\" class=\"yoast-schema-graph\">{\"@context\":\"https:\\\/\\\/schema.org\",\"@graph\":[{\"@type\":\"Article\",\"@id\":\"https:\\\/\\\/www.mpc.pr.gov.br\\\/index.php\\\/mp-de-contas-promove-seminario-sobre-controle-externo-da-administracao-publica-realidades-brasileira-e-italiana\\\/#article\",\"isPartOf\":{\"@id\":\"https:\\\/\\\/www.mpc.pr.gov.br\\\/index.php\\\/mp-de-contas-promove-seminario-sobre-controle-externo-da-administracao-publica-realidades-brasileira-e-italiana\\\/\"},\"author\":{\"name\":\"giovanna.faria\",\"@id\":\"https:\\\/\\\/www.mpc.pr.gov.br\\\/#\\\/schema\\\/person\\\/d0c5cf9ebb4d8be833c419f3538cf751\"},\"headline\":\"MP de Contas promove Semin\u00e1rio sobre Controle Externo da Administra\u00e7\u00e3o P\u00fablica \u2013 Realidades Brasileira e Italiana\",\"datePublished\":\"2020-02-27T16:56:57+00:00\",\"dateModified\":\"2020-07-10T17:30:52+00:00\",\"mainEntityOfPage\":{\"@id\":\"https:\\\/\\\/www.mpc.pr.gov.br\\\/index.php\\\/mp-de-contas-promove-seminario-sobre-controle-externo-da-administracao-publica-realidades-brasileira-e-italiana\\\/\"},\"wordCount\":264,\"commentCount\":0,\"publisher\":{\"@id\":\"https:\\\/\\\/www.mpc.pr.gov.br\\\/#organization\"},\"image\":{\"@id\":\"https:\\\/\\\/www.mpc.pr.gov.br\\\/index.php\\\/mp-de-contas-promove-seminario-sobre-controle-externo-da-administracao-publica-realidades-brasileira-e-italiana\\\/#primaryimage\"},\"thumbnailUrl\":\"https:\\\/\\\/www.mpc.pr.gov.br\\\/wp-content\\\/uploads\\\/2020\\\/02\\\/BANNER-SEMIN\u00c1RIO-BRASILxIT\u00c1LIA-MPC.jpg\",\"articleSection\":[\"Todas as not\u00edcias\",\"\u00daltimas not\u00edcias\"],\"inLanguage\":\"pt-BR\",\"potentialAction\":[{\"@type\":\"CommentAction\",\"name\":\"Comment\",\"target\":[\"https:\\\/\\\/www.mpc.pr.gov.br\\\/index.php\\\/mp-de-contas-promove-seminario-sobre-controle-externo-da-administracao-publica-realidades-brasileira-e-italiana\\\/#respond\"]}]},{\"@type\":\"WebPage\",\"@id\":\"https:\\\/\\\/www.mpc.pr.gov.br\\\/index.php\\\/mp-de-contas-promove-seminario-sobre-controle-externo-da-administracao-publica-realidades-brasileira-e-italiana\\\/\",\"url\":\"https:\\\/\\\/www.mpc.pr.gov.br\\\/index.php\\\/mp-de-contas-promove-seminario-sobre-controle-externo-da-administracao-publica-realidades-brasileira-e-italiana\\\/\",\"name\":\"MP de Contas promove Semin\u00e1rio sobre Controle Externo da Administra\u00e7\u00e3o P\u00fablica \u2013 Realidades Brasileira e Italiana - Minist\u00e9rio P\u00fablico de Contas do Estado do Paran\u00e1\",\"isPartOf\":{\"@id\":\"https:\\\/\\\/www.mpc.pr.gov.br\\\/#website\"},\"primaryImageOfPage\":{\"@id\":\"https:\\\/\\\/www.mpc.pr.gov.br\\\/index.php\\\/mp-de-contas-promove-seminario-sobre-controle-externo-da-administracao-publica-realidades-brasileira-e-italiana\\\/#primaryimage\"},\"image\":{\"@id\":\"https:\\\/\\\/www.mpc.pr.gov.br\\\/index.php\\\/mp-de-contas-promove-seminario-sobre-controle-externo-da-administracao-publica-realidades-brasileira-e-italiana\\\/#primaryimage\"},\"thumbnailUrl\":\"https:\\\/\\\/www.mpc.pr.gov.br\\\/wp-content\\\/uploads\\\/2020\\\/02\\\/BANNER-SEMIN\u00c1RIO-BRASILxIT\u00c1LIA-MPC.jpg\",\"datePublished\":\"2020-02-27T16:56:57+00:00\",\"dateModified\":\"2020-07-10T17:30:52+00:00\",\"breadcrumb\":{\"@id\":\"https:\\\/\\\/www.mpc.pr.gov.br\\\/index.php\\\/mp-de-contas-promove-seminario-sobre-controle-externo-da-administracao-publica-realidades-brasileira-e-italiana\\\/#breadcrumb\"},\"inLanguage\":\"pt-BR\",\"potentialAction\":[{\"@type\":\"ReadAction\",\"target\":[\"https:\\\/\\\/www.mpc.pr.gov.br\\\/index.php\\\/mp-de-contas-promove-seminario-sobre-controle-externo-da-administracao-publica-realidades-brasileira-e-italiana\\\/\"]}]},{\"@type\":\"ImageObject\",\"inLanguage\":\"pt-BR\",\"@id\":\"https:\\\/\\\/www.mpc.pr.gov.br\\\/index.php\\\/mp-de-contas-promove-seminario-sobre-controle-externo-da-administracao-publica-realidades-brasileira-e-italiana\\\/#primaryimage\",\"url\":\"https:\\\/\\\/www.mpc.pr.gov.br\\\/wp-content\\\/uploads\\\/2020\\\/02\\\/BANNER-SEMIN\u00c1RIO-BRASILxIT\u00c1LIA-MPC.jpg\",\"contentUrl\":\"https:\\\/\\\/www.mpc.pr.gov.br\\\/wp-content\\\/uploads\\\/2020\\\/02\\\/BANNER-SEMIN\u00c1RIO-BRASILxIT\u00c1LIA-MPC.jpg\",\"width\":734,\"height\":1024},{\"@type\":\"BreadcrumbList\",\"@id\":\"https:\\\/\\\/www.mpc.pr.gov.br\\\/index.php\\\/mp-de-contas-promove-seminario-sobre-controle-externo-da-administracao-publica-realidades-brasileira-e-italiana\\\/#breadcrumb\",\"itemListElement\":[{\"@type\":\"ListItem\",\"position\":1,\"name\":\"In\u00edcio\",\"item\":\"https:\\\/\\\/www.mpc.pr.gov.br\\\/\"},{\"@type\":\"ListItem\",\"position\":2,\"name\":\"MP de Contas promove Semin\u00e1rio sobre Controle Externo da Administra\u00e7\u00e3o P\u00fablica \u2013 Realidades Brasileira e Italiana\"}]},{\"@type\":\"WebSite\",\"@id\":\"https:\\\/\\\/www.mpc.pr.gov.br\\\/#website\",\"url\":\"https:\\\/\\\/www.mpc.pr.gov.br\\\/\",\"name\":\"Minist\u00e9rio P\u00fablico de Contas do Estado do Paran\u00e1\",\"description\":\"\",\"publisher\":{\"@id\":\"https:\\\/\\\/www.mpc.pr.gov.br\\\/#organization\"},\"potentialAction\":[{\"@type\":\"SearchAction\",\"target\":{\"@type\":\"EntryPoint\",\"urlTemplate\":\"https:\\\/\\\/www.mpc.pr.gov.br\\\/?s={search_term_string}\"},\"query-input\":{\"@type\":\"PropertyValueSpecification\",\"valueRequired\":true,\"valueName\":\"search_term_string\"}}],\"inLanguage\":\"pt-BR\"},{\"@type\":\"Organization\",\"@id\":\"https:\\\/\\\/www.mpc.pr.gov.br\\\/#organization\",\"name\":\"Minist\u00e9rio P\u00fablico de Contas do Estado do Paran\u00e1\",\"url\":\"https:\\\/\\\/www.mpc.pr.gov.br\\\/\",\"logo\":{\"@type\":\"ImageObject\",\"inLanguage\":\"pt-BR\",\"@id\":\"https:\\\/\\\/www.mpc.pr.gov.br\\\/#\\\/schema\\\/logo\\\/image\\\/\",\"url\":\"https:\\\/\\\/www.mpc.pr.gov.br\\\/wp-content\\\/uploads\\\/2020\\\/06\\\/99423647_1593460364143890_6706793420720963584_n-1-e1591387983167.png\",\"contentUrl\":\"https:\\\/\\\/www.mpc.pr.gov.br\\\/wp-content\\\/uploads\\\/2020\\\/06\\\/99423647_1593460364143890_6706793420720963584_n-1-e1591387983167.png\",\"width\":243,\"height\":73,\"caption\":\"Minist\u00e9rio P\u00fablico de Contas do Estado do Paran\u00e1\"},\"image\":{\"@id\":\"https:\\\/\\\/www.mpc.pr.gov.br\\\/#\\\/schema\\\/logo\\\/image\\\/\"},\"sameAs\":[\"https:\\\/\\\/www.facebook.com\\\/mpc.pr\",\"https:\\\/\\\/www.instagram.com\\\/mpc.pr\\\/?hl=pt-br\",\"https:\\\/\\\/www.youtube.com\\\/channel\\\/UCHri5oEM8DV0ztX57E0sBSw\"]},{\"@type\":\"Person\",\"@id\":\"https:\\\/\\\/www.mpc.pr.gov.br\\\/#\\\/schema\\\/person\\\/d0c5cf9ebb4d8be833c419f3538cf751\",\"name\":\"giovanna.faria\",\"image\":{\"@type\":\"ImageObject\",\"inLanguage\":\"pt-BR\",\"@id\":\"https:\\\/\\\/secure.gravatar.com\\\/avatar\\\/?s=96&d=mm&r=g\",\"url\":\"https:\\\/\\\/secure.gravatar.com\\\/avatar\\\/?s=96&d=mm&r=g\",\"contentUrl\":\"https:\\\/\\\/secure.gravatar.com\\\/avatar\\\/?s=96&d=mm&r=g\",\"caption\":\"giovanna.faria\"}}]}<\/script>\n<!-- \/ Yoast SEO plugin. -->","yoast_head_json":{"title":"MP de Contas promove Semin\u00e1rio sobre Controle Externo da Administra\u00e7\u00e3o P\u00fablica \u2013 Realidades Brasileira e Italiana - Minist\u00e9rio P\u00fablico de Contas do Estado do Paran\u00e1","robots":{"index":"index","follow":"follow","max-snippet":"max-snippet:-1","max-image-preview":"max-image-preview:large","max-video-preview":"max-video-preview:-1"},"canonical":"https:\/\/www.mpc.pr.gov.br\/index.php\/mp-de-contas-promove-seminario-sobre-controle-externo-da-administracao-publica-realidades-brasileira-e-italiana\/","og_locale":"pt_BR","og_type":"article","og_title":"MP de Contas promove Semin\u00e1rio sobre Controle Externo da Administra\u00e7\u00e3o P\u00fablica \u2013 Realidades Brasileira e Italiana - Minist\u00e9rio P\u00fablico de Contas do Estado do Paran\u00e1","og_description":"O Centro de Estudos do MP de Contas do Paran\u00e1 (MPC-PR), em parceria com a Escola de Gest\u00e3o P\u00fablica (EGP) provem o Semin\u00e1rio sobre Controle Externo da Administra\u00e7\u00e3o P\u00fablica \u2013 Realidades Brasileira e Italiana, no dia 4 de mar\u00e7o, pr\u00f3xima quarta-feira. O evento ser\u00e1 realizado no Audit\u00f3rio do Tribunal de Contas do Paran\u00e1 (TCE-PR), das [&hellip;]","og_url":"https:\/\/www.mpc.pr.gov.br\/index.php\/mp-de-contas-promove-seminario-sobre-controle-externo-da-administracao-publica-realidades-brasileira-e-italiana\/","og_site_name":"Minist\u00e9rio P\u00fablico de Contas do Estado do Paran\u00e1","article_publisher":"https:\/\/www.facebook.com\/mpc.pr","article_published_time":"2020-02-27T16:56:57+00:00","article_modified_time":"2020-07-10T17:30:52+00:00","og_image":[{"width":734,"height":1024,"url":"https:\/\/www.mpc.pr.gov.br\/wp-content\/uploads\/2020\/02\/BANNER-SEMIN\u00c1RIO-BRASILxIT\u00c1LIA-MPC.jpg","type":"image\/jpeg"}],"author":"giovanna.faria","twitter_card":"summary_large_image","twitter_misc":{"Escrito por":"giovanna.faria","Est. tempo de leitura":"1 minuto"},"schema":{"@context":"https:\/\/schema.org","@graph":[{"@type":"Article","@id":"https:\/\/www.mpc.pr.gov.br\/index.php\/mp-de-contas-promove-seminario-sobre-controle-externo-da-administracao-publica-realidades-brasileira-e-italiana\/#article","isPartOf":{"@id":"https:\/\/www.mpc.pr.gov.br\/index.php\/mp-de-contas-promove-seminario-sobre-controle-externo-da-administracao-publica-realidades-brasileira-e-italiana\/"},"author":{"name":"giovanna.faria","@id":"https:\/\/www.mpc.pr.gov.br\/#\/schema\/person\/d0c5cf9ebb4d8be833c419f3538cf751"},"headline":"MP de Contas promove Semin\u00e1rio sobre Controle Externo da Administra\u00e7\u00e3o P\u00fablica \u2013 Realidades Brasileira e Italiana","datePublished":"2020-02-27T16:56:57+00:00","dateModified":"2020-07-10T17:30:52+00:00","mainEntityOfPage":{"@id":"https:\/\/www.mpc.pr.gov.br\/index.php\/mp-de-contas-promove-seminario-sobre-controle-externo-da-administracao-publica-realidades-brasileira-e-italiana\/"},"wordCount":264,"commentCount":0,"publisher":{"@id":"https:\/\/www.mpc.pr.gov.br\/#organization"},"image":{"@id":"https:\/\/www.mpc.pr.gov.br\/index.php\/mp-de-contas-promove-seminario-sobre-controle-externo-da-administracao-publica-realidades-brasileira-e-italiana\/#primaryimage"},"thumbnailUrl":"https:\/\/www.mpc.pr.gov.br\/wp-content\/uploads\/2020\/02\/BANNER-SEMIN\u00c1RIO-BRASILxIT\u00c1LIA-MPC.jpg","articleSection":["Todas as not\u00edcias","\u00daltimas not\u00edcias"],"inLanguage":"pt-BR","potentialAction":[{"@type":"CommentAction","name":"Comment","target":["https:\/\/www.mpc.pr.gov.br\/index.php\/mp-de-contas-promove-seminario-sobre-controle-externo-da-administracao-publica-realidades-brasileira-e-italiana\/#respond"]}]},{"@type":"WebPage","@id":"https:\/\/www.mpc.pr.gov.br\/index.php\/mp-de-contas-promove-seminario-sobre-controle-externo-da-administracao-publica-realidades-brasileira-e-italiana\/","url":"https:\/\/www.mpc.pr.gov.br\/index.php\/mp-de-contas-promove-seminario-sobre-controle-externo-da-administracao-publica-realidades-brasileira-e-italiana\/","name":"MP de Contas promove Semin\u00e1rio sobre Controle Externo da Administra\u00e7\u00e3o P\u00fablica \u2013 Realidades Brasileira e Italiana - Minist\u00e9rio P\u00fablico de Contas do Estado do Paran\u00e1","isPartOf":{"@id":"https:\/\/www.mpc.pr.gov.br\/#website"},"primaryImageOfPage":{"@id":"https:\/\/www.mpc.pr.gov.br\/index.php\/mp-de-contas-promove-seminario-sobre-controle-externo-da-administracao-publica-realidades-brasileira-e-italiana\/#primaryimage"},"image":{"@id":"https:\/\/www.mpc.pr.gov.br\/index.php\/mp-de-contas-promove-seminario-sobre-controle-externo-da-administracao-publica-realidades-brasileira-e-italiana\/#primaryimage"},"thumbnailUrl":"https:\/\/www.mpc.pr.gov.br\/wp-content\/uploads\/2020\/02\/BANNER-SEMIN\u00c1RIO-BRASILxIT\u00c1LIA-MPC.jpg","datePublished":"2020-02-27T16:56:57+00:00","dateModified":"2020-07-10T17:30:52+00:00","breadcrumb":{"@id":"https:\/\/www.mpc.pr.gov.br\/index.php\/mp-de-contas-promove-seminario-sobre-controle-externo-da-administracao-publica-realidades-brasileira-e-italiana\/#breadcrumb"},"inLanguage":"pt-BR","potentialAction":[{"@type":"ReadAction","target":["https:\/\/www.mpc.pr.gov.br\/index.php\/mp-de-contas-promove-seminario-sobre-controle-externo-da-administracao-publica-realidades-brasileira-e-italiana\/"]}]},{"@type":"ImageObject","inLanguage":"pt-BR","@id":"https:\/\/www.mpc.pr.gov.br\/index.php\/mp-de-contas-promove-seminario-sobre-controle-externo-da-administracao-publica-realidades-brasileira-e-italiana\/#primaryimage","url":"https:\/\/www.mpc.pr.gov.br\/wp-content\/uploads\/2020\/02\/BANNER-SEMIN\u00c1RIO-BRASILxIT\u00c1LIA-MPC.jpg","contentUrl":"https:\/\/www.mpc.pr.gov.br\/wp-content\/uploads\/2020\/02\/BANNER-SEMIN\u00c1RIO-BRASILxIT\u00c1LIA-MPC.jpg","width":734,"height":1024},{"@type":"BreadcrumbList","@id":"https:\/\/www.mpc.pr.gov.br\/index.php\/mp-de-contas-promove-seminario-sobre-controle-externo-da-administracao-publica-realidades-brasileira-e-italiana\/#breadcrumb","itemListElement":[{"@type":"ListItem","position":1,"name":"In\u00edcio","item":"https:\/\/www.mpc.pr.gov.br\/"},{"@type":"ListItem","position":2,"name":"MP de Contas promove Semin\u00e1rio sobre Controle Externo da Administra\u00e7\u00e3o P\u00fablica \u2013 Realidades Brasileira e Italiana"}]},{"@type":"WebSite","@id":"https:\/\/www.mpc.pr.gov.br\/#website","url":"https:\/\/www.mpc.pr.gov.br\/","name":"Minist\u00e9rio P\u00fablico de Contas do Estado do Paran\u00e1","description":"","publisher":{"@id":"https:\/\/www.mpc.pr.gov.br\/#organization"},"potentialAction":[{"@type":"SearchAction","target":{"@type":"EntryPoint","urlTemplate":"https:\/\/www.mpc.pr.gov.br\/?s={search_term_string}"},"query-input":{"@type":"PropertyValueSpecification","valueRequired":true,"valueName":"search_term_string"}}],"inLanguage":"pt-BR"},{"@type":"Organization","@id":"https:\/\/www.mpc.pr.gov.br\/#organization","name":"Minist\u00e9rio P\u00fablico de Contas do Estado do Paran\u00e1","url":"https:\/\/www.mpc.pr.gov.br\/","logo":{"@type":"ImageObject","inLanguage":"pt-BR","@id":"https:\/\/www.mpc.pr.gov.br\/#\/schema\/logo\/image\/","url":"https:\/\/www.mpc.pr.gov.br\/wp-content\/uploads\/2020\/06\/99423647_1593460364143890_6706793420720963584_n-1-e1591387983167.png","contentUrl":"https:\/\/www.mpc.pr.gov.br\/wp-content\/uploads\/2020\/06\/99423647_1593460364143890_6706793420720963584_n-1-e1591387983167.png","width":243,"height":73,"caption":"Minist\u00e9rio P\u00fablico de Contas do Estado do Paran\u00e1"},"image":{"@id":"https:\/\/www.mpc.pr.gov.br\/#\/schema\/logo\/image\/"},"sameAs":["https:\/\/www.facebook.com\/mpc.pr","https:\/\/www.instagram.com\/mpc.pr\/?hl=pt-br","https:\/\/www.youtube.com\/channel\/UCHri5oEM8DV0ztX57E0sBSw"]},{"@type":"Person","@id":"https:\/\/www.mpc.pr.gov.br\/#\/schema\/person\/d0c5cf9ebb4d8be833c419f3538cf751","name":"giovanna.faria","image":{"@type":"ImageObject","inLanguage":"pt-BR","@id":"https:\/\/secure.gravatar.com\/avatar\/?s=96&d=mm&r=g","url":"https:\/\/secure.gravatar.com\/avatar\/?s=96&d=mm&r=g","contentUrl":"https:\/\/secure.gravatar.com\/avatar\/?s=96&d=mm&r=g","caption":"giovanna.faria"}}]}},"rttpg_featured_image_url":{"full":["https:\/\/www.mpc.pr.gov.br\/wp-content\/uploads\/2020\/02\/BANNER-SEMIN\u00c1RIO-BRASILxIT\u00c1LIA-MPC.jpg",734,1024,false],"landscape":["https:\/\/www.mpc.pr.gov.br\/wp-content\/uploads\/2020\/02\/BANNER-SEMIN\u00c1RIO-BRASILxIT\u00c1LIA-MPC.jpg",734,1024,false],"portraits":["https:\/\/www.mpc.pr.gov.br\/wp-content\/uploads\/2020\/02\/BANNER-SEMIN\u00c1RIO-BRASILxIT\u00c1LIA-MPC.jpg",734,1024,false],"thumbnail":["https:\/\/www.mpc.pr.gov.br\/wp-content\/uploads\/2020\/02\/BANNER-SEMIN\u00c1RIO-BRASILxIT\u00c1LIA-MPC-150x150.jpg",150,150,true],"medium":["https:\/\/www.mpc.pr.gov.br\/wp-content\/uploads\/2020\/02\/BANNER-SEMIN\u00c1RIO-BRASILxIT\u00c1LIA-MPC-215x300.jpg",215,300,true],"large":["https:\/\/www.mpc.pr.gov.br\/wp-content\/uploads\/2020\/02\/BANNER-SEMIN\u00c1RIO-BRASILxIT\u00c1LIA-MPC.jpg",734,1024,false],"1536x1536":["https:\/\/www.mpc.pr.gov.br\/wp-content\/uploads\/2020\/02\/BANNER-SEMIN\u00c1RIO-BRASILxIT\u00c1LIA-MPC.jpg",734,1024,false],"2048x2048":["https:\/\/www.mpc.pr.gov.br\/wp-content\/uploads\/2020\/02\/BANNER-SEMIN\u00c1RIO-BRASILxIT\u00c1LIA-MPC.jpg",734,1024,false],"ocean-thumb-m":["https:\/\/www.mpc.pr.gov.br\/wp-content\/uploads\/2020\/02\/BANNER-SEMIN\u00c1RIO-BRASILxIT\u00c1LIA-MPC.jpg",430,600,false],"ocean-thumb-ml":["https:\/\/www.mpc.pr.gov.br\/wp-content\/uploads\/2020\/02\/BANNER-SEMIN\u00c1RIO-BRASILxIT\u00c1LIA-MPC.jpg",323,450,false],"ocean-thumb-l":["https:\/\/www.mpc.pr.gov.br\/wp-content\/uploads\/2020\/02\/BANNER-SEMIN\u00c1RIO-BRASILxIT\u00c1LIA-MPC.jpg",502,700,false]},"rttpg_author":{"display_name":"giovanna.faria","author_link":"https:\/\/www.mpc.pr.gov.br\/index.php\/author\/giovanna-faria\/"},"rttpg_comment":0,"rttpg_category":"<a href=\"https:\/\/www.mpc.pr.gov.br\/index.php\/category\/todas-as-noticias\/\" rel=\"category tag\">Todas as not\u00edcias<\/a> <a href=\"https:\/\/www.mpc.pr.gov.br\/index.php\/category\/ultimas-noticias\/\" rel=\"category tag\">\u00daltimas not\u00edcias<\/a>","rttpg_excerpt":"O Centro de Estudos do MP de Contas do Paran\u00e1 (MPC-PR), em parceria com a Escola de Gest\u00e3o P\u00fablica (EGP) provem o Semin\u00e1rio sobre Controle Externo da Administra\u00e7\u00e3o P\u00fablica \u2013 Realidades Brasileira e Italiana, no dia 4 de mar\u00e7o, pr\u00f3xima quarta-feira. O evento ser\u00e1 realizado no Audit\u00f3rio do Tribunal de Contas do Paran\u00e1 (TCE-PR), das&hellip;","_links":{"self":[{"href":"https:\/\/www.mpc.pr.gov.br\/index.php\/wp-json\/wp\/v2\/posts\/8581","targetHints":{"allow":["GET"]}}],"collection":[{"href":"https:\/\/www.mpc.pr.gov.br\/index.php\/wp-json\/wp\/v2\/posts"}],"about":[{"href":"https:\/\/www.mpc.pr.gov.br\/index.php\/wp-json\/wp\/v2\/types\/post"}],"author":[{"embeddable":true,"href":"https:\/\/www.mpc.pr.gov.br\/index.php\/wp-json\/wp\/v2\/users\/5"}],"replies":[{"embeddable":true,"href":"https:\/\/www.mpc.pr.gov.br\/index.php\/wp-json\/wp\/v2\/comments?post=8581"}],"version-history":[{"count":1,"href":"https:\/\/www.mpc.pr.gov.br\/index.php\/wp-json\/wp\/v2\/posts\/8581\/revisions"}],"predecessor-version":[{"id":9315,"href":"https:\/\/www.mpc.pr.gov.br\/index.php\/wp-json\/wp\/v2\/posts\/8581\/revisions\/9315"}],"wp:featuredmedia":[{"embeddable":true,"href":"https:\/\/www.mpc.pr.gov.br\/index.php\/wp-json\/wp\/v2\/media\/9314"}],"wp:attachment":[{"href":"https:\/\/www.mpc.pr.gov.br\/index.php\/wp-json\/wp\/v2\/media?parent=8581"}],"wp:term":[{"taxonomy":"category","embeddable":true,"href":"https:\/\/www.mpc.pr.gov.br\/index.php\/wp-json\/wp\/v2\/categories?post=8581"},{"taxonomy":"post_tag","embeddable":true,"href":"https:\/\/www.mpc.pr.gov.br\/index.php\/wp-json\/wp\/v2\/tags?post=8581"}],"curies":[{"name":"wp","href":"https:\/\/api.w.org\/{rel}","templated":true}]}}