{"id":8669,"date":"2020-03-02T16:14:31","date_gmt":"2020-03-02T19:14:31","guid":{"rendered":"http:\/\/www.mpc.pr.gov.br\/?p=8669"},"modified":"2020-07-10T14:29:25","modified_gmt":"2020-07-10T17:29:25","slug":"stf-reconhece-autonomia-institucional-e-funcional-do-mp-de-contas","status":"publish","type":"post","link":"https:\/\/www.mpc.pr.gov.br\/index.php\/stf-reconhece-autonomia-institucional-e-funcional-do-mp-de-contas\/","title":{"rendered":"STF reconhece autonomia institucional e funcional do MP de Contas"},"content":{"rendered":"<figure id=\"attachment_8670\" aria-describedby=\"caption-attachment-8670\" style=\"width: 300px\" class=\"wp-caption alignleft\"><a href=\"http:\/\/www.mpc.pr.gov.br\/stf-reconhece-autonomia-institucional-e-funcional-do-mp-de-contas\/bancoimagemfotoaudiencia_ap_430817\/\" rel=\"attachment wp-att-8670\"><img fetchpriority=\"high\" decoding=\"async\" class=\"wp-image-8670 size-medium\" src=\"http:\/\/www.mpc.pr.gov.br\/wp-content\/uploads\/2020\/03\/bancoImagemFotoAudiencia_AP_430817-300x200.jpg\" alt=\"\" width=\"300\" height=\"200\" \/><\/a><figcaption id=\"caption-attachment-8670\" class=\"wp-caption-text\">Sess\u00e3o da Primeira Turma do STF. Foto: Carlos Moura\/SCO\/STF (26\/11\/2019).<\/figcaption><\/figure>\n<p>Por unanimidade, a Primeira Turma do Supremo Tribunal Federal (STF) negou provimento ao agravo regimental no Recurso Extraordin\u00e1rio com Agravo (ARE) \u00a0n\u00b0 955.220, interposto pelo Estado do Paran\u00e1 no \u00e2mbito do Mandado de Seguran\u00e7a impetrado pelo MP de Contas do Paran\u00e1 (MPC-PR) contra Resolu\u00e7\u00e3o do Tribunal de Contas do Paran\u00e1 (TCE-PR), na qual se feria a independ\u00eancia funcional dos membros do \u00f3rg\u00e3o ministerial.<\/p>\n<p>Na decis\u00e3o, o Ministro Marco Aur\u00e9lio, relator do processo, destacou trecho do assentado pela Colegiado de Origem onde reafirmado que a Lei Complementar Estadual n\u00b0 113\/2005 \u2013 Lei Org\u00e2nica do Tribunal de Contas do Estado do Paran\u00e1 \u2013, disciplina em cap\u00edtulo pr\u00f3prio o Minist\u00e9rio P\u00fablico junto ao Tribunal de Contas (artigos 148 a 152), no qual fica expressamente resguardada a independ\u00eancia funcional de seus membros, assim como a autonomia institucional para o MP de Contas deliberar sobre seu regimento interno.<\/p>\n<p>Dessa forma, o relator confirmou o entendimento pela impossibilidade da submiss\u00e3o do regimento interno do MPC-PR \u00e0 aprova\u00e7\u00e3o da Corte de Contas, bem como pela impossibilidade de se impor restri\u00e7\u00f5es de compet\u00eancia recursal ou de representa\u00e7\u00e3o ao Procurador-Geral e demais Procuradores.<\/p>\n<p>Conforme destacou o Ministro Marco Aur\u00e9lio, correta a decis\u00e3o do Poder Judici\u00e1rio Paranaense que se manifestou pela impossibilidade de submiss\u00e3o dos Procuradores do MPC-PR \u00e0 Comiss\u00e3o de \u00c9tica do Tribunal de Contas, uma vez que n\u00e3o s\u00e3o membros do Tribunal de Contas, e n\u00e3o est\u00e3o subordinados hierarquicamente aos Conselheiros e Auditores. Cabe ao Conselho Superior do Minist\u00e9rio P\u00fablico de Contas, ou ao Procurador-Geral, ao qual do ponto de vista administrativo os demais membros est\u00e3o subordinados, o dever de exercer a atividade correcional.<\/p>\n<p>O relator opinou pelo desprovimento do agravo e imposi\u00e7\u00e3o de multa de 5% ao Estado do Paran\u00e1, sobre o valor da causa devidamente corrigido, nos termos do artigo 1.021, \u00a7 4\u00ba, do C\u00f3digo de Processo Civil, dado a automaticidade na interposi\u00e7\u00e3o de recursos, em preju\u00edzo da sociedade e dos jurisdicionados. Os demais ministros da Primeira Turma do STF, presentes na sess\u00e3o do dia 8 de outubro de 2019, acompanharam o voto do relator.<\/p>\n<p>A \u00edntegra da decis\u00e3o est\u00e1 dispon\u00edvel <a href=\"http:\/\/www.mpc.pr.gov.br\/wp-content\/uploads\/2020\/03\/ac\u00f3rd\u00e3o-da-1\u00aa-Turma-do-STF-que-confirmou-decis\u00e3o-do-TJPR-a-prop\u00f3sito-da-n\u00e3o-sujei\u00e7\u00e3o-nossa-\u00e0-Corregedoria-do-TCEPR-para-fins-disciplinares.pdf\">aqui<\/a>.<\/p>\n","protected":false},"excerpt":{"rendered":"<p>Por unanimidade, a Primeira Turma do Supremo Tribunal Federal (STF) negou provimento ao agravo regimental no Recurso Extraordin\u00e1rio com Agravo (ARE) \u00a0n\u00b0 955.220, interposto pelo Estado do Paran\u00e1 no \u00e2mbito do Mandado de Seguran\u00e7a impetrado pelo MP de Contas do Paran\u00e1 (MPC-PR) contra Resolu\u00e7\u00e3o do Tribunal de Contas do Paran\u00e1 (TCE-PR), na qual se feria [&hellip;]<\/p>\n","protected":false},"author":5,"featured_media":9311,"comment_status":"open","ping_status":"open","sticky":false,"template":"","format":"standard","meta":{"_monsterinsights_skip_tracking":false,"_monsterinsights_sitenote_active":false,"_monsterinsights_sitenote_note":"","_monsterinsights_sitenote_category":0,"footnotes":""},"categories":[7,14],"tags":[],"class_list":["post-8669","post","type-post","status-publish","format-standard","has-post-thumbnail","hentry","category-todas-as-noticias","category-ultimas-noticias","entry","has-media"],"yoast_head":"<!-- This site is optimized with the Yoast SEO plugin v27.3 - https:\/\/yoast.com\/product\/yoast-seo-wordpress\/ -->\n<title>STF reconhece autonomia institucional e funcional do MP de Contas - Minist\u00e9rio P\u00fablico de Contas do Estado do Paran\u00e1<\/title>\n<meta name=\"robots\" content=\"index, follow, max-snippet:-1, max-image-preview:large, max-video-preview:-1\" \/>\n<link rel=\"canonical\" href=\"https:\/\/www.mpc.pr.gov.br\/index.php\/stf-reconhece-autonomia-institucional-e-funcional-do-mp-de-contas\/\" \/>\n<meta property=\"og:locale\" content=\"pt_BR\" \/>\n<meta property=\"og:type\" content=\"article\" \/>\n<meta property=\"og:title\" content=\"STF reconhece autonomia institucional e funcional do MP de Contas - Minist\u00e9rio P\u00fablico de Contas do Estado do Paran\u00e1\" \/>\n<meta property=\"og:description\" content=\"Por unanimidade, a Primeira Turma do Supremo Tribunal Federal (STF) negou provimento ao agravo regimental no Recurso Extraordin\u00e1rio com Agravo (ARE) \u00a0n\u00b0 955.220, interposto pelo Estado do Paran\u00e1 no \u00e2mbito do Mandado de Seguran\u00e7a impetrado pelo MP de Contas do Paran\u00e1 (MPC-PR) contra Resolu\u00e7\u00e3o do Tribunal de Contas do Paran\u00e1 (TCE-PR), na qual se feria [&hellip;]\" \/>\n<meta property=\"og:url\" content=\"https:\/\/www.mpc.pr.gov.br\/index.php\/stf-reconhece-autonomia-institucional-e-funcional-do-mp-de-contas\/\" \/>\n<meta property=\"og:site_name\" content=\"Minist\u00e9rio P\u00fablico de Contas do Estado do Paran\u00e1\" \/>\n<meta property=\"article:publisher\" content=\"https:\/\/www.facebook.com\/mpc.pr\" \/>\n<meta property=\"article:published_time\" content=\"2020-03-02T19:14:31+00:00\" \/>\n<meta property=\"article:modified_time\" content=\"2020-07-10T17:29:25+00:00\" \/>\n<meta property=\"og:image\" content=\"https:\/\/www.mpc.pr.gov.br\/wp-content\/uploads\/2020\/03\/STF.jpg\" \/>\n\t<meta property=\"og:image:width\" content=\"300\" \/>\n\t<meta property=\"og:image:height\" content=\"200\" \/>\n\t<meta property=\"og:image:type\" content=\"image\/jpeg\" \/>\n<meta name=\"author\" content=\"giovanna.faria\" \/>\n<meta name=\"twitter:card\" content=\"summary_large_image\" \/>\n<meta name=\"twitter:label1\" content=\"Escrito por\" \/>\n\t<meta name=\"twitter:data1\" content=\"giovanna.faria\" \/>\n\t<meta name=\"twitter:label2\" content=\"Est. tempo de leitura\" \/>\n\t<meta name=\"twitter:data2\" content=\"2 minutos\" \/>\n<script type=\"application\/ld+json\" class=\"yoast-schema-graph\">{\"@context\":\"https:\\\/\\\/schema.org\",\"@graph\":[{\"@type\":\"Article\",\"@id\":\"https:\\\/\\\/www.mpc.pr.gov.br\\\/index.php\\\/stf-reconhece-autonomia-institucional-e-funcional-do-mp-de-contas\\\/#article\",\"isPartOf\":{\"@id\":\"https:\\\/\\\/www.mpc.pr.gov.br\\\/index.php\\\/stf-reconhece-autonomia-institucional-e-funcional-do-mp-de-contas\\\/\"},\"author\":{\"name\":\"giovanna.faria\",\"@id\":\"https:\\\/\\\/www.mpc.pr.gov.br\\\/#\\\/schema\\\/person\\\/d0c5cf9ebb4d8be833c419f3538cf751\"},\"headline\":\"STF reconhece autonomia institucional e funcional do MP de Contas\",\"datePublished\":\"2020-03-02T19:14:31+00:00\",\"dateModified\":\"2020-07-10T17:29:25+00:00\",\"mainEntityOfPage\":{\"@id\":\"https:\\\/\\\/www.mpc.pr.gov.br\\\/index.php\\\/stf-reconhece-autonomia-institucional-e-funcional-do-mp-de-contas\\\/\"},\"wordCount\":398,\"commentCount\":0,\"publisher\":{\"@id\":\"https:\\\/\\\/www.mpc.pr.gov.br\\\/#organization\"},\"image\":{\"@id\":\"https:\\\/\\\/www.mpc.pr.gov.br\\\/index.php\\\/stf-reconhece-autonomia-institucional-e-funcional-do-mp-de-contas\\\/#primaryimage\"},\"thumbnailUrl\":\"https:\\\/\\\/www.mpc.pr.gov.br\\\/wp-content\\\/uploads\\\/2020\\\/03\\\/STF.jpg\",\"articleSection\":[\"Todas as not\u00edcias\",\"\u00daltimas not\u00edcias\"],\"inLanguage\":\"pt-BR\",\"potentialAction\":[{\"@type\":\"CommentAction\",\"name\":\"Comment\",\"target\":[\"https:\\\/\\\/www.mpc.pr.gov.br\\\/index.php\\\/stf-reconhece-autonomia-institucional-e-funcional-do-mp-de-contas\\\/#respond\"]}]},{\"@type\":\"WebPage\",\"@id\":\"https:\\\/\\\/www.mpc.pr.gov.br\\\/index.php\\\/stf-reconhece-autonomia-institucional-e-funcional-do-mp-de-contas\\\/\",\"url\":\"https:\\\/\\\/www.mpc.pr.gov.br\\\/index.php\\\/stf-reconhece-autonomia-institucional-e-funcional-do-mp-de-contas\\\/\",\"name\":\"STF reconhece autonomia institucional e funcional do MP de Contas - Minist\u00e9rio P\u00fablico de Contas do Estado do Paran\u00e1\",\"isPartOf\":{\"@id\":\"https:\\\/\\\/www.mpc.pr.gov.br\\\/#website\"},\"primaryImageOfPage\":{\"@id\":\"https:\\\/\\\/www.mpc.pr.gov.br\\\/index.php\\\/stf-reconhece-autonomia-institucional-e-funcional-do-mp-de-contas\\\/#primaryimage\"},\"image\":{\"@id\":\"https:\\\/\\\/www.mpc.pr.gov.br\\\/index.php\\\/stf-reconhece-autonomia-institucional-e-funcional-do-mp-de-contas\\\/#primaryimage\"},\"thumbnailUrl\":\"https:\\\/\\\/www.mpc.pr.gov.br\\\/wp-content\\\/uploads\\\/2020\\\/03\\\/STF.jpg\",\"datePublished\":\"2020-03-02T19:14:31+00:00\",\"dateModified\":\"2020-07-10T17:29:25+00:00\",\"breadcrumb\":{\"@id\":\"https:\\\/\\\/www.mpc.pr.gov.br\\\/index.php\\\/stf-reconhece-autonomia-institucional-e-funcional-do-mp-de-contas\\\/#breadcrumb\"},\"inLanguage\":\"pt-BR\",\"potentialAction\":[{\"@type\":\"ReadAction\",\"target\":[\"https:\\\/\\\/www.mpc.pr.gov.br\\\/index.php\\\/stf-reconhece-autonomia-institucional-e-funcional-do-mp-de-contas\\\/\"]}]},{\"@type\":\"ImageObject\",\"inLanguage\":\"pt-BR\",\"@id\":\"https:\\\/\\\/www.mpc.pr.gov.br\\\/index.php\\\/stf-reconhece-autonomia-institucional-e-funcional-do-mp-de-contas\\\/#primaryimage\",\"url\":\"https:\\\/\\\/www.mpc.pr.gov.br\\\/wp-content\\\/uploads\\\/2020\\\/03\\\/STF.jpg\",\"contentUrl\":\"https:\\\/\\\/www.mpc.pr.gov.br\\\/wp-content\\\/uploads\\\/2020\\\/03\\\/STF.jpg\",\"width\":300,\"height\":200},{\"@type\":\"BreadcrumbList\",\"@id\":\"https:\\\/\\\/www.mpc.pr.gov.br\\\/index.php\\\/stf-reconhece-autonomia-institucional-e-funcional-do-mp-de-contas\\\/#breadcrumb\",\"itemListElement\":[{\"@type\":\"ListItem\",\"position\":1,\"name\":\"In\u00edcio\",\"item\":\"https:\\\/\\\/www.mpc.pr.gov.br\\\/\"},{\"@type\":\"ListItem\",\"position\":2,\"name\":\"STF reconhece autonomia institucional e funcional do MP de Contas\"}]},{\"@type\":\"WebSite\",\"@id\":\"https:\\\/\\\/www.mpc.pr.gov.br\\\/#website\",\"url\":\"https:\\\/\\\/www.mpc.pr.gov.br\\\/\",\"name\":\"Minist\u00e9rio P\u00fablico de Contas do Estado do Paran\u00e1\",\"description\":\"\",\"publisher\":{\"@id\":\"https:\\\/\\\/www.mpc.pr.gov.br\\\/#organization\"},\"potentialAction\":[{\"@type\":\"SearchAction\",\"target\":{\"@type\":\"EntryPoint\",\"urlTemplate\":\"https:\\\/\\\/www.mpc.pr.gov.br\\\/?s={search_term_string}\"},\"query-input\":{\"@type\":\"PropertyValueSpecification\",\"valueRequired\":true,\"valueName\":\"search_term_string\"}}],\"inLanguage\":\"pt-BR\"},{\"@type\":\"Organization\",\"@id\":\"https:\\\/\\\/www.mpc.pr.gov.br\\\/#organization\",\"name\":\"Minist\u00e9rio P\u00fablico de Contas do Estado do Paran\u00e1\",\"url\":\"https:\\\/\\\/www.mpc.pr.gov.br\\\/\",\"logo\":{\"@type\":\"ImageObject\",\"inLanguage\":\"pt-BR\",\"@id\":\"https:\\\/\\\/www.mpc.pr.gov.br\\\/#\\\/schema\\\/logo\\\/image\\\/\",\"url\":\"https:\\\/\\\/www.mpc.pr.gov.br\\\/wp-content\\\/uploads\\\/2020\\\/06\\\/99423647_1593460364143890_6706793420720963584_n-1-e1591387983167.png\",\"contentUrl\":\"https:\\\/\\\/www.mpc.pr.gov.br\\\/wp-content\\\/uploads\\\/2020\\\/06\\\/99423647_1593460364143890_6706793420720963584_n-1-e1591387983167.png\",\"width\":243,\"height\":73,\"caption\":\"Minist\u00e9rio P\u00fablico de Contas do Estado do Paran\u00e1\"},\"image\":{\"@id\":\"https:\\\/\\\/www.mpc.pr.gov.br\\\/#\\\/schema\\\/logo\\\/image\\\/\"},\"sameAs\":[\"https:\\\/\\\/www.facebook.com\\\/mpc.pr\",\"https:\\\/\\\/www.instagram.com\\\/mpc.pr\\\/?hl=pt-br\",\"https:\\\/\\\/www.youtube.com\\\/channel\\\/UCHri5oEM8DV0ztX57E0sBSw\"]},{\"@type\":\"Person\",\"@id\":\"https:\\\/\\\/www.mpc.pr.gov.br\\\/#\\\/schema\\\/person\\\/d0c5cf9ebb4d8be833c419f3538cf751\",\"name\":\"giovanna.faria\",\"image\":{\"@type\":\"ImageObject\",\"inLanguage\":\"pt-BR\",\"@id\":\"https:\\\/\\\/secure.gravatar.com\\\/avatar\\\/?s=96&d=mm&r=g\",\"url\":\"https:\\\/\\\/secure.gravatar.com\\\/avatar\\\/?s=96&d=mm&r=g\",\"contentUrl\":\"https:\\\/\\\/secure.gravatar.com\\\/avatar\\\/?s=96&d=mm&r=g\",\"caption\":\"giovanna.faria\"}}]}<\/script>\n<!-- \/ Yoast SEO plugin. -->","yoast_head_json":{"title":"STF reconhece autonomia institucional e funcional do MP de Contas - Minist\u00e9rio P\u00fablico de Contas do Estado do Paran\u00e1","robots":{"index":"index","follow":"follow","max-snippet":"max-snippet:-1","max-image-preview":"max-image-preview:large","max-video-preview":"max-video-preview:-1"},"canonical":"https:\/\/www.mpc.pr.gov.br\/index.php\/stf-reconhece-autonomia-institucional-e-funcional-do-mp-de-contas\/","og_locale":"pt_BR","og_type":"article","og_title":"STF reconhece autonomia institucional e funcional do MP de Contas - Minist\u00e9rio P\u00fablico de Contas do Estado do Paran\u00e1","og_description":"Por unanimidade, a Primeira Turma do Supremo Tribunal Federal (STF) negou provimento ao agravo regimental no Recurso Extraordin\u00e1rio com Agravo (ARE) \u00a0n\u00b0 955.220, interposto pelo Estado do Paran\u00e1 no \u00e2mbito do Mandado de Seguran\u00e7a impetrado pelo MP de Contas do Paran\u00e1 (MPC-PR) contra Resolu\u00e7\u00e3o do Tribunal de Contas do Paran\u00e1 (TCE-PR), na qual se feria [&hellip;]","og_url":"https:\/\/www.mpc.pr.gov.br\/index.php\/stf-reconhece-autonomia-institucional-e-funcional-do-mp-de-contas\/","og_site_name":"Minist\u00e9rio P\u00fablico de Contas do Estado do Paran\u00e1","article_publisher":"https:\/\/www.facebook.com\/mpc.pr","article_published_time":"2020-03-02T19:14:31+00:00","article_modified_time":"2020-07-10T17:29:25+00:00","og_image":[{"width":300,"height":200,"url":"https:\/\/www.mpc.pr.gov.br\/wp-content\/uploads\/2020\/03\/STF.jpg","type":"image\/jpeg"}],"author":"giovanna.faria","twitter_card":"summary_large_image","twitter_misc":{"Escrito por":"giovanna.faria","Est. tempo de leitura":"2 minutos"},"schema":{"@context":"https:\/\/schema.org","@graph":[{"@type":"Article","@id":"https:\/\/www.mpc.pr.gov.br\/index.php\/stf-reconhece-autonomia-institucional-e-funcional-do-mp-de-contas\/#article","isPartOf":{"@id":"https:\/\/www.mpc.pr.gov.br\/index.php\/stf-reconhece-autonomia-institucional-e-funcional-do-mp-de-contas\/"},"author":{"name":"giovanna.faria","@id":"https:\/\/www.mpc.pr.gov.br\/#\/schema\/person\/d0c5cf9ebb4d8be833c419f3538cf751"},"headline":"STF reconhece autonomia institucional e funcional do MP de Contas","datePublished":"2020-03-02T19:14:31+00:00","dateModified":"2020-07-10T17:29:25+00:00","mainEntityOfPage":{"@id":"https:\/\/www.mpc.pr.gov.br\/index.php\/stf-reconhece-autonomia-institucional-e-funcional-do-mp-de-contas\/"},"wordCount":398,"commentCount":0,"publisher":{"@id":"https:\/\/www.mpc.pr.gov.br\/#organization"},"image":{"@id":"https:\/\/www.mpc.pr.gov.br\/index.php\/stf-reconhece-autonomia-institucional-e-funcional-do-mp-de-contas\/#primaryimage"},"thumbnailUrl":"https:\/\/www.mpc.pr.gov.br\/wp-content\/uploads\/2020\/03\/STF.jpg","articleSection":["Todas as not\u00edcias","\u00daltimas not\u00edcias"],"inLanguage":"pt-BR","potentialAction":[{"@type":"CommentAction","name":"Comment","target":["https:\/\/www.mpc.pr.gov.br\/index.php\/stf-reconhece-autonomia-institucional-e-funcional-do-mp-de-contas\/#respond"]}]},{"@type":"WebPage","@id":"https:\/\/www.mpc.pr.gov.br\/index.php\/stf-reconhece-autonomia-institucional-e-funcional-do-mp-de-contas\/","url":"https:\/\/www.mpc.pr.gov.br\/index.php\/stf-reconhece-autonomia-institucional-e-funcional-do-mp-de-contas\/","name":"STF reconhece autonomia institucional e funcional do MP de Contas - Minist\u00e9rio P\u00fablico de Contas do Estado do Paran\u00e1","isPartOf":{"@id":"https:\/\/www.mpc.pr.gov.br\/#website"},"primaryImageOfPage":{"@id":"https:\/\/www.mpc.pr.gov.br\/index.php\/stf-reconhece-autonomia-institucional-e-funcional-do-mp-de-contas\/#primaryimage"},"image":{"@id":"https:\/\/www.mpc.pr.gov.br\/index.php\/stf-reconhece-autonomia-institucional-e-funcional-do-mp-de-contas\/#primaryimage"},"thumbnailUrl":"https:\/\/www.mpc.pr.gov.br\/wp-content\/uploads\/2020\/03\/STF.jpg","datePublished":"2020-03-02T19:14:31+00:00","dateModified":"2020-07-10T17:29:25+00:00","breadcrumb":{"@id":"https:\/\/www.mpc.pr.gov.br\/index.php\/stf-reconhece-autonomia-institucional-e-funcional-do-mp-de-contas\/#breadcrumb"},"inLanguage":"pt-BR","potentialAction":[{"@type":"ReadAction","target":["https:\/\/www.mpc.pr.gov.br\/index.php\/stf-reconhece-autonomia-institucional-e-funcional-do-mp-de-contas\/"]}]},{"@type":"ImageObject","inLanguage":"pt-BR","@id":"https:\/\/www.mpc.pr.gov.br\/index.php\/stf-reconhece-autonomia-institucional-e-funcional-do-mp-de-contas\/#primaryimage","url":"https:\/\/www.mpc.pr.gov.br\/wp-content\/uploads\/2020\/03\/STF.jpg","contentUrl":"https:\/\/www.mpc.pr.gov.br\/wp-content\/uploads\/2020\/03\/STF.jpg","width":300,"height":200},{"@type":"BreadcrumbList","@id":"https:\/\/www.mpc.pr.gov.br\/index.php\/stf-reconhece-autonomia-institucional-e-funcional-do-mp-de-contas\/#breadcrumb","itemListElement":[{"@type":"ListItem","position":1,"name":"In\u00edcio","item":"https:\/\/www.mpc.pr.gov.br\/"},{"@type":"ListItem","position":2,"name":"STF reconhece autonomia institucional e funcional do MP de Contas"}]},{"@type":"WebSite","@id":"https:\/\/www.mpc.pr.gov.br\/#website","url":"https:\/\/www.mpc.pr.gov.br\/","name":"Minist\u00e9rio P\u00fablico de Contas do Estado do Paran\u00e1","description":"","publisher":{"@id":"https:\/\/www.mpc.pr.gov.br\/#organization"},"potentialAction":[{"@type":"SearchAction","target":{"@type":"EntryPoint","urlTemplate":"https:\/\/www.mpc.pr.gov.br\/?s={search_term_string}"},"query-input":{"@type":"PropertyValueSpecification","valueRequired":true,"valueName":"search_term_string"}}],"inLanguage":"pt-BR"},{"@type":"Organization","@id":"https:\/\/www.mpc.pr.gov.br\/#organization","name":"Minist\u00e9rio P\u00fablico de Contas do Estado do Paran\u00e1","url":"https:\/\/www.mpc.pr.gov.br\/","logo":{"@type":"ImageObject","inLanguage":"pt-BR","@id":"https:\/\/www.mpc.pr.gov.br\/#\/schema\/logo\/image\/","url":"https:\/\/www.mpc.pr.gov.br\/wp-content\/uploads\/2020\/06\/99423647_1593460364143890_6706793420720963584_n-1-e1591387983167.png","contentUrl":"https:\/\/www.mpc.pr.gov.br\/wp-content\/uploads\/2020\/06\/99423647_1593460364143890_6706793420720963584_n-1-e1591387983167.png","width":243,"height":73,"caption":"Minist\u00e9rio P\u00fablico de Contas do Estado do Paran\u00e1"},"image":{"@id":"https:\/\/www.mpc.pr.gov.br\/#\/schema\/logo\/image\/"},"sameAs":["https:\/\/www.facebook.com\/mpc.pr","https:\/\/www.instagram.com\/mpc.pr\/?hl=pt-br","https:\/\/www.youtube.com\/channel\/UCHri5oEM8DV0ztX57E0sBSw"]},{"@type":"Person","@id":"https:\/\/www.mpc.pr.gov.br\/#\/schema\/person\/d0c5cf9ebb4d8be833c419f3538cf751","name":"giovanna.faria","image":{"@type":"ImageObject","inLanguage":"pt-BR","@id":"https:\/\/secure.gravatar.com\/avatar\/?s=96&d=mm&r=g","url":"https:\/\/secure.gravatar.com\/avatar\/?s=96&d=mm&r=g","contentUrl":"https:\/\/secure.gravatar.com\/avatar\/?s=96&d=mm&r=g","caption":"giovanna.faria"}}]}},"rttpg_featured_image_url":{"full":["https:\/\/www.mpc.pr.gov.br\/wp-content\/uploads\/2020\/03\/STF.jpg",300,200,false],"landscape":["https:\/\/www.mpc.pr.gov.br\/wp-content\/uploads\/2020\/03\/STF.jpg",300,200,false],"portraits":["https:\/\/www.mpc.pr.gov.br\/wp-content\/uploads\/2020\/03\/STF.jpg",300,200,false],"thumbnail":["https:\/\/www.mpc.pr.gov.br\/wp-content\/uploads\/2020\/03\/STF-150x150.jpg",150,150,true],"medium":["https:\/\/www.mpc.pr.gov.br\/wp-content\/uploads\/2020\/03\/STF.jpg",300,200,false],"large":["https:\/\/www.mpc.pr.gov.br\/wp-content\/uploads\/2020\/03\/STF.jpg",300,200,false],"1536x1536":["https:\/\/www.mpc.pr.gov.br\/wp-content\/uploads\/2020\/03\/STF.jpg",300,200,false],"2048x2048":["https:\/\/www.mpc.pr.gov.br\/wp-content\/uploads\/2020\/03\/STF.jpg",300,200,false],"ocean-thumb-m":["https:\/\/www.mpc.pr.gov.br\/wp-content\/uploads\/2020\/03\/STF.jpg",300,200,false],"ocean-thumb-ml":["https:\/\/www.mpc.pr.gov.br\/wp-content\/uploads\/2020\/03\/STF.jpg",300,200,false],"ocean-thumb-l":["https:\/\/www.mpc.pr.gov.br\/wp-content\/uploads\/2020\/03\/STF.jpg",300,200,false]},"rttpg_author":{"display_name":"giovanna.faria","author_link":"https:\/\/www.mpc.pr.gov.br\/index.php\/author\/giovanna-faria\/"},"rttpg_comment":0,"rttpg_category":"<a href=\"https:\/\/www.mpc.pr.gov.br\/index.php\/category\/todas-as-noticias\/\" rel=\"category tag\">Todas as not\u00edcias<\/a> <a href=\"https:\/\/www.mpc.pr.gov.br\/index.php\/category\/ultimas-noticias\/\" rel=\"category tag\">\u00daltimas not\u00edcias<\/a>","rttpg_excerpt":"Por unanimidade, a Primeira Turma do Supremo Tribunal Federal (STF) negou provimento ao agravo regimental no Recurso Extraordin\u00e1rio com Agravo (ARE) \u00a0n\u00b0 955.220, interposto pelo Estado do Paran\u00e1 no \u00e2mbito do Mandado de Seguran\u00e7a impetrado pelo MP de Contas do Paran\u00e1 (MPC-PR) contra Resolu\u00e7\u00e3o do Tribunal de Contas do Paran\u00e1 (TCE-PR), na qual se feria&hellip;","_links":{"self":[{"href":"https:\/\/www.mpc.pr.gov.br\/index.php\/wp-json\/wp\/v2\/posts\/8669","targetHints":{"allow":["GET"]}}],"collection":[{"href":"https:\/\/www.mpc.pr.gov.br\/index.php\/wp-json\/wp\/v2\/posts"}],"about":[{"href":"https:\/\/www.mpc.pr.gov.br\/index.php\/wp-json\/wp\/v2\/types\/post"}],"author":[{"embeddable":true,"href":"https:\/\/www.mpc.pr.gov.br\/index.php\/wp-json\/wp\/v2\/users\/5"}],"replies":[{"embeddable":true,"href":"https:\/\/www.mpc.pr.gov.br\/index.php\/wp-json\/wp\/v2\/comments?post=8669"}],"version-history":[{"count":1,"href":"https:\/\/www.mpc.pr.gov.br\/index.php\/wp-json\/wp\/v2\/posts\/8669\/revisions"}],"predecessor-version":[{"id":9312,"href":"https:\/\/www.mpc.pr.gov.br\/index.php\/wp-json\/wp\/v2\/posts\/8669\/revisions\/9312"}],"wp:featuredmedia":[{"embeddable":true,"href":"https:\/\/www.mpc.pr.gov.br\/index.php\/wp-json\/wp\/v2\/media\/9311"}],"wp:attachment":[{"href":"https:\/\/www.mpc.pr.gov.br\/index.php\/wp-json\/wp\/v2\/media?parent=8669"}],"wp:term":[{"taxonomy":"category","embeddable":true,"href":"https:\/\/www.mpc.pr.gov.br\/index.php\/wp-json\/wp\/v2\/categories?post=8669"},{"taxonomy":"post_tag","embeddable":true,"href":"https:\/\/www.mpc.pr.gov.br\/index.php\/wp-json\/wp\/v2\/tags?post=8669"}],"curies":[{"name":"wp","href":"https:\/\/api.w.org\/{rel}","templated":true}]}}