{"id":8716,"date":"2020-03-05T13:50:55","date_gmt":"2020-03-05T16:50:55","guid":{"rendered":"http:\/\/www.mpc.pr.gov.br\/?p=8716"},"modified":"2020-07-10T12:30:27","modified_gmt":"2020-07-10T15:30:27","slug":"mp-de-contas-participa-do-6o-forum-de-direito-da-saude-da-femipa","status":"publish","type":"post","link":"https:\/\/www.mpc.pr.gov.br\/index.php\/mp-de-contas-participa-do-6o-forum-de-direito-da-saude-da-femipa\/","title":{"rendered":"MP de Contas participa do 6\u00ba F\u00f3rum de Direito da Sa\u00fade da Femipa"},"content":{"rendered":"<figure id=\"attachment_8718\" aria-describedby=\"caption-attachment-8718\" style=\"width: 300px\" class=\"wp-caption alignleft\"><a href=\"http:\/\/www.mpc.pr.gov.br\/direito-saude-foto-divulgacao-conselho-nacional-de-justica\/\"><img fetchpriority=\"high\" decoding=\"async\" class=\"wp-image-8718 size-medium\" src=\"http:\/\/www.mpc.pr.gov.br\/wp-content\/uploads\/2020\/03\/Direito-sa\u00fade-Foto-Divulga\u00e7\u00e3o-Conselho-Nacional-de-Justi\u00e7a-300x215.jpg\" alt=\"\" width=\"300\" height=\"215\" \/><\/a><figcaption id=\"caption-attachment-8718\" class=\"wp-caption-text\">Foto: Divulga\u00e7\u00e3o\/Conselho Nacional de Justi\u00e7a (CNJ).<\/figcaption><\/figure>\n<p>No pr\u00f3xima quarta-feira (11), o Procurador Gabriel Guy L\u00e9ger do MP de Conta do Paran\u00e1 (MPC-PR) participa do <strong>6\u00ba F\u00f3rum de Direito da Sa\u00fade da Federa\u00e7\u00e3o das Santas Casas de Miseric\u00f3rdia e Hospitais Beneficentes do Estado do Paran\u00e1 (Femipa)<\/strong>. O evento ser\u00e1 realizado na Associa\u00e7\u00e3o M\u00e9dica do Paran\u00e1, das 9h \u00e0s 17h30 e \u00e9 co-realizado pela Unimed-PR.<\/p>\n<p>A programa\u00e7\u00e3o do evento ser\u00e1 dividida em quatro palestras, com a participa\u00e7\u00e3o de dois palestrantes e um moderador para cada apresenta\u00e7\u00e3o. Das 14h \u00e0s 15h30, o Procurador do MPC-PR abordar\u00e1 o tema <strong><em>A fun\u00e7\u00e3o do controle externo sobre contratos e conv\u00eanios celebrados com particulares<\/em><\/strong><em>. <\/em><\/p>\n<p>Junto a esse painel, tamb\u00e9m palestrar\u00e1 o Analista de Controle do Tribunal de Contas do Paran\u00e1 (TCE-PR), Aldenor Fernandes dos Santos, que tratar\u00e1 sobre as <strong><em>Peculiaridades do processo de presta\u00e7\u00e3o de contas de conv\u00eanios perante o TCE-PR<\/em><\/strong>. As palestras ainda contar\u00e3o com a participa\u00e7\u00e3o do Dr. Lincon Vieira Magalh\u00e3es, que ser\u00e1 o moderador das discuss\u00f5es.<\/p>\n<p>Outros temas que ser\u00e3o abordados no evento \u00e9 a <strong><em>Lei Geral de Prote\u00e7\u00e3o de Dados: aspectos gerais, impactos na sa\u00fade e aplica\u00e7\u00e3o nos hospitais<\/em><\/strong> e a <strong><em>Filantropia: dificuldades relacionadas \u00e0 contabilidade e aos processos administrativos envolvendo o CEBAS<\/em><\/strong>.<\/p>\n<p>O 6\u00ba F\u00f3rum de Direito da Sa\u00fade da Femipa faz parte dos pr\u00e9-eventos ao <strong><em>13\u00ba Semin\u00e1rio Femipa<\/em><\/strong>, que ser\u00e1 realizado nos dias 12 e 13 de mar\u00e7o. As informa\u00e7\u00f5es sobre as inscri\u00e7\u00f5es e detalhes da programa\u00e7\u00e3o est\u00e3o dispon\u00edveis no <em>site<\/em> do evento, e podem ser acessados clicando aqui.<\/p>\n<p><strong><u>Servi\u00e7o<\/u><\/strong><\/p>\n<p><strong>Evento: <\/strong>6\u00ba F\u00f3rum de Direito da Sa\u00fade da Femipa<\/p>\n<p><strong>Data: <\/strong>11 de mar\u00e7o, das 9h \u00e0s 17h30.<\/p>\n<p><strong>Local: <\/strong>Mini Audit\u00f3rio II da Associa\u00e7\u00e3o M\u00e9dica do Paran\u00e1<\/p>\n<p>Rua C\u00e2ndido Xavier, 575 \u2013 \u00c1gua Verde.<\/p>\n<p><strong>Informa\u00e7\u00f5es: <\/strong>\u00a0<a href=\"http:\/\/www.seminariofemipa.org.br\/\">http:\/\/www.seminariofemipa.org.br\/<\/a><\/p>\n<p><a href=\"http:\/\/www.mpc.pr.gov.br\/programacao-6-forum-de-direito-da-saude-femipa\/\"><img decoding=\"async\" class=\" wp-image-8717 alignnone\" src=\"http:\/\/www.mpc.pr.gov.br\/wp-content\/uploads\/2020\/03\/Programa\u00e7\u00e3o-6-F\u00f3rum-de-Direito-da-Sa\u00fade-Femipa.png\" alt=\"\" width=\"946\" height=\"783\" \/><\/a><\/p>\n<p>&nbsp;<\/p>\n","protected":false},"excerpt":{"rendered":"<p>No pr\u00f3xima quarta-feira (11), o Procurador Gabriel Guy L\u00e9ger do MP de Conta do Paran\u00e1 (MPC-PR) participa do 6\u00ba F\u00f3rum de Direito da Sa\u00fade da Federa\u00e7\u00e3o das Santas Casas de Miseric\u00f3rdia e Hospitais Beneficentes do Estado do Paran\u00e1 (Femipa). O evento ser\u00e1 realizado na Associa\u00e7\u00e3o M\u00e9dica do Paran\u00e1, das 9h \u00e0s 17h30 e \u00e9 co-realizado [&hellip;]<\/p>\n","protected":false},"author":5,"featured_media":9245,"comment_status":"open","ping_status":"open","sticky":false,"template":"","format":"standard","meta":{"_monsterinsights_skip_tracking":false,"_monsterinsights_sitenote_active":false,"_monsterinsights_sitenote_note":"","_monsterinsights_sitenote_category":0,"footnotes":""},"categories":[7,14],"tags":[],"class_list":["post-8716","post","type-post","status-publish","format-standard","has-post-thumbnail","hentry","category-todas-as-noticias","category-ultimas-noticias","entry","has-media"],"yoast_head":"<!-- This site is optimized with the Yoast SEO plugin v27.3 - https:\/\/yoast.com\/product\/yoast-seo-wordpress\/ -->\n<title>MP de Contas participa do 6\u00ba F\u00f3rum de Direito da Sa\u00fade da Femipa - Minist\u00e9rio P\u00fablico de Contas do Estado do Paran\u00e1<\/title>\n<meta name=\"robots\" content=\"index, follow, max-snippet:-1, max-image-preview:large, max-video-preview:-1\" \/>\n<link rel=\"canonical\" href=\"https:\/\/www.mpc.pr.gov.br\/index.php\/mp-de-contas-participa-do-6o-forum-de-direito-da-saude-da-femipa\/\" \/>\n<meta property=\"og:locale\" content=\"pt_BR\" \/>\n<meta property=\"og:type\" content=\"article\" \/>\n<meta property=\"og:title\" content=\"MP de Contas participa do 6\u00ba F\u00f3rum de Direito da Sa\u00fade da Femipa - Minist\u00e9rio P\u00fablico de Contas do Estado do Paran\u00e1\" \/>\n<meta property=\"og:description\" content=\"No pr\u00f3xima quarta-feira (11), o Procurador Gabriel Guy L\u00e9ger do MP de Conta do Paran\u00e1 (MPC-PR) participa do 6\u00ba F\u00f3rum de Direito da Sa\u00fade da Federa\u00e7\u00e3o das Santas Casas de Miseric\u00f3rdia e Hospitais Beneficentes do Estado do Paran\u00e1 (Femipa). O evento ser\u00e1 realizado na Associa\u00e7\u00e3o M\u00e9dica do Paran\u00e1, das 9h \u00e0s 17h30 e \u00e9 co-realizado [&hellip;]\" \/>\n<meta property=\"og:url\" content=\"https:\/\/www.mpc.pr.gov.br\/index.php\/mp-de-contas-participa-do-6o-forum-de-direito-da-saude-da-femipa\/\" \/>\n<meta property=\"og:site_name\" content=\"Minist\u00e9rio P\u00fablico de Contas do Estado do Paran\u00e1\" \/>\n<meta property=\"article:publisher\" content=\"https:\/\/www.facebook.com\/mpc.pr\" \/>\n<meta property=\"article:published_time\" content=\"2020-03-05T16:50:55+00:00\" \/>\n<meta property=\"article:modified_time\" content=\"2020-07-10T15:30:27+00:00\" \/>\n<meta property=\"og:image\" content=\"https:\/\/www.mpc.pr.gov.br\/wp-content\/uploads\/2020\/04\/SA\u00daDE.jpg\" \/>\n\t<meta property=\"og:image:width\" content=\"400\" \/>\n\t<meta property=\"og:image:height\" content=\"286\" \/>\n\t<meta property=\"og:image:type\" content=\"image\/jpeg\" \/>\n<meta name=\"author\" content=\"giovanna.faria\" \/>\n<meta name=\"twitter:card\" content=\"summary_large_image\" \/>\n<meta name=\"twitter:label1\" content=\"Escrito por\" \/>\n\t<meta name=\"twitter:data1\" content=\"giovanna.faria\" \/>\n\t<meta name=\"twitter:label2\" content=\"Est. tempo de leitura\" \/>\n\t<meta name=\"twitter:data2\" content=\"2 minutos\" \/>\n<script type=\"application\/ld+json\" class=\"yoast-schema-graph\">{\"@context\":\"https:\\\/\\\/schema.org\",\"@graph\":[{\"@type\":\"Article\",\"@id\":\"https:\\\/\\\/www.mpc.pr.gov.br\\\/index.php\\\/mp-de-contas-participa-do-6o-forum-de-direito-da-saude-da-femipa\\\/#article\",\"isPartOf\":{\"@id\":\"https:\\\/\\\/www.mpc.pr.gov.br\\\/index.php\\\/mp-de-contas-participa-do-6o-forum-de-direito-da-saude-da-femipa\\\/\"},\"author\":{\"name\":\"giovanna.faria\",\"@id\":\"https:\\\/\\\/www.mpc.pr.gov.br\\\/#\\\/schema\\\/person\\\/d0c5cf9ebb4d8be833c419f3538cf751\"},\"headline\":\"MP de Contas participa do 6\u00ba F\u00f3rum de Direito da Sa\u00fade da Femipa\",\"datePublished\":\"2020-03-05T16:50:55+00:00\",\"dateModified\":\"2020-07-10T15:30:27+00:00\",\"mainEntityOfPage\":{\"@id\":\"https:\\\/\\\/www.mpc.pr.gov.br\\\/index.php\\\/mp-de-contas-participa-do-6o-forum-de-direito-da-saude-da-femipa\\\/\"},\"wordCount\":343,\"commentCount\":0,\"publisher\":{\"@id\":\"https:\\\/\\\/www.mpc.pr.gov.br\\\/#organization\"},\"image\":{\"@id\":\"https:\\\/\\\/www.mpc.pr.gov.br\\\/index.php\\\/mp-de-contas-participa-do-6o-forum-de-direito-da-saude-da-femipa\\\/#primaryimage\"},\"thumbnailUrl\":\"https:\\\/\\\/www.mpc.pr.gov.br\\\/wp-content\\\/uploads\\\/2020\\\/04\\\/SA\u00daDE.jpg\",\"articleSection\":[\"Todas as not\u00edcias\",\"\u00daltimas not\u00edcias\"],\"inLanguage\":\"pt-BR\",\"potentialAction\":[{\"@type\":\"CommentAction\",\"name\":\"Comment\",\"target\":[\"https:\\\/\\\/www.mpc.pr.gov.br\\\/index.php\\\/mp-de-contas-participa-do-6o-forum-de-direito-da-saude-da-femipa\\\/#respond\"]}]},{\"@type\":\"WebPage\",\"@id\":\"https:\\\/\\\/www.mpc.pr.gov.br\\\/index.php\\\/mp-de-contas-participa-do-6o-forum-de-direito-da-saude-da-femipa\\\/\",\"url\":\"https:\\\/\\\/www.mpc.pr.gov.br\\\/index.php\\\/mp-de-contas-participa-do-6o-forum-de-direito-da-saude-da-femipa\\\/\",\"name\":\"MP de Contas participa do 6\u00ba F\u00f3rum de Direito da Sa\u00fade da Femipa - Minist\u00e9rio P\u00fablico de Contas do Estado do Paran\u00e1\",\"isPartOf\":{\"@id\":\"https:\\\/\\\/www.mpc.pr.gov.br\\\/#website\"},\"primaryImageOfPage\":{\"@id\":\"https:\\\/\\\/www.mpc.pr.gov.br\\\/index.php\\\/mp-de-contas-participa-do-6o-forum-de-direito-da-saude-da-femipa\\\/#primaryimage\"},\"image\":{\"@id\":\"https:\\\/\\\/www.mpc.pr.gov.br\\\/index.php\\\/mp-de-contas-participa-do-6o-forum-de-direito-da-saude-da-femipa\\\/#primaryimage\"},\"thumbnailUrl\":\"https:\\\/\\\/www.mpc.pr.gov.br\\\/wp-content\\\/uploads\\\/2020\\\/04\\\/SA\u00daDE.jpg\",\"datePublished\":\"2020-03-05T16:50:55+00:00\",\"dateModified\":\"2020-07-10T15:30:27+00:00\",\"breadcrumb\":{\"@id\":\"https:\\\/\\\/www.mpc.pr.gov.br\\\/index.php\\\/mp-de-contas-participa-do-6o-forum-de-direito-da-saude-da-femipa\\\/#breadcrumb\"},\"inLanguage\":\"pt-BR\",\"potentialAction\":[{\"@type\":\"ReadAction\",\"target\":[\"https:\\\/\\\/www.mpc.pr.gov.br\\\/index.php\\\/mp-de-contas-participa-do-6o-forum-de-direito-da-saude-da-femipa\\\/\"]}]},{\"@type\":\"ImageObject\",\"inLanguage\":\"pt-BR\",\"@id\":\"https:\\\/\\\/www.mpc.pr.gov.br\\\/index.php\\\/mp-de-contas-participa-do-6o-forum-de-direito-da-saude-da-femipa\\\/#primaryimage\",\"url\":\"https:\\\/\\\/www.mpc.pr.gov.br\\\/wp-content\\\/uploads\\\/2020\\\/04\\\/SA\u00daDE.jpg\",\"contentUrl\":\"https:\\\/\\\/www.mpc.pr.gov.br\\\/wp-content\\\/uploads\\\/2020\\\/04\\\/SA\u00daDE.jpg\",\"width\":400,\"height\":286},{\"@type\":\"BreadcrumbList\",\"@id\":\"https:\\\/\\\/www.mpc.pr.gov.br\\\/index.php\\\/mp-de-contas-participa-do-6o-forum-de-direito-da-saude-da-femipa\\\/#breadcrumb\",\"itemListElement\":[{\"@type\":\"ListItem\",\"position\":1,\"name\":\"In\u00edcio\",\"item\":\"https:\\\/\\\/www.mpc.pr.gov.br\\\/\"},{\"@type\":\"ListItem\",\"position\":2,\"name\":\"MP de Contas participa do 6\u00ba F\u00f3rum de Direito da Sa\u00fade da Femipa\"}]},{\"@type\":\"WebSite\",\"@id\":\"https:\\\/\\\/www.mpc.pr.gov.br\\\/#website\",\"url\":\"https:\\\/\\\/www.mpc.pr.gov.br\\\/\",\"name\":\"Minist\u00e9rio P\u00fablico de Contas do Estado do Paran\u00e1\",\"description\":\"\",\"publisher\":{\"@id\":\"https:\\\/\\\/www.mpc.pr.gov.br\\\/#organization\"},\"potentialAction\":[{\"@type\":\"SearchAction\",\"target\":{\"@type\":\"EntryPoint\",\"urlTemplate\":\"https:\\\/\\\/www.mpc.pr.gov.br\\\/?s={search_term_string}\"},\"query-input\":{\"@type\":\"PropertyValueSpecification\",\"valueRequired\":true,\"valueName\":\"search_term_string\"}}],\"inLanguage\":\"pt-BR\"},{\"@type\":\"Organization\",\"@id\":\"https:\\\/\\\/www.mpc.pr.gov.br\\\/#organization\",\"name\":\"Minist\u00e9rio P\u00fablico de Contas do Estado do Paran\u00e1\",\"url\":\"https:\\\/\\\/www.mpc.pr.gov.br\\\/\",\"logo\":{\"@type\":\"ImageObject\",\"inLanguage\":\"pt-BR\",\"@id\":\"https:\\\/\\\/www.mpc.pr.gov.br\\\/#\\\/schema\\\/logo\\\/image\\\/\",\"url\":\"https:\\\/\\\/www.mpc.pr.gov.br\\\/wp-content\\\/uploads\\\/2020\\\/06\\\/99423647_1593460364143890_6706793420720963584_n-1-e1591387983167.png\",\"contentUrl\":\"https:\\\/\\\/www.mpc.pr.gov.br\\\/wp-content\\\/uploads\\\/2020\\\/06\\\/99423647_1593460364143890_6706793420720963584_n-1-e1591387983167.png\",\"width\":243,\"height\":73,\"caption\":\"Minist\u00e9rio P\u00fablico de Contas do Estado do Paran\u00e1\"},\"image\":{\"@id\":\"https:\\\/\\\/www.mpc.pr.gov.br\\\/#\\\/schema\\\/logo\\\/image\\\/\"},\"sameAs\":[\"https:\\\/\\\/www.facebook.com\\\/mpc.pr\",\"https:\\\/\\\/www.instagram.com\\\/mpc.pr\\\/?hl=pt-br\",\"https:\\\/\\\/www.youtube.com\\\/channel\\\/UCHri5oEM8DV0ztX57E0sBSw\"]},{\"@type\":\"Person\",\"@id\":\"https:\\\/\\\/www.mpc.pr.gov.br\\\/#\\\/schema\\\/person\\\/d0c5cf9ebb4d8be833c419f3538cf751\",\"name\":\"giovanna.faria\",\"image\":{\"@type\":\"ImageObject\",\"inLanguage\":\"pt-BR\",\"@id\":\"https:\\\/\\\/secure.gravatar.com\\\/avatar\\\/?s=96&d=mm&r=g\",\"url\":\"https:\\\/\\\/secure.gravatar.com\\\/avatar\\\/?s=96&d=mm&r=g\",\"contentUrl\":\"https:\\\/\\\/secure.gravatar.com\\\/avatar\\\/?s=96&d=mm&r=g\",\"caption\":\"giovanna.faria\"}}]}<\/script>\n<!-- \/ Yoast SEO plugin. -->","yoast_head_json":{"title":"MP de Contas participa do 6\u00ba F\u00f3rum de Direito da Sa\u00fade da Femipa - Minist\u00e9rio P\u00fablico de Contas do Estado do Paran\u00e1","robots":{"index":"index","follow":"follow","max-snippet":"max-snippet:-1","max-image-preview":"max-image-preview:large","max-video-preview":"max-video-preview:-1"},"canonical":"https:\/\/www.mpc.pr.gov.br\/index.php\/mp-de-contas-participa-do-6o-forum-de-direito-da-saude-da-femipa\/","og_locale":"pt_BR","og_type":"article","og_title":"MP de Contas participa do 6\u00ba F\u00f3rum de Direito da Sa\u00fade da Femipa - Minist\u00e9rio P\u00fablico de Contas do Estado do Paran\u00e1","og_description":"No pr\u00f3xima quarta-feira (11), o Procurador Gabriel Guy L\u00e9ger do MP de Conta do Paran\u00e1 (MPC-PR) participa do 6\u00ba F\u00f3rum de Direito da Sa\u00fade da Federa\u00e7\u00e3o das Santas Casas de Miseric\u00f3rdia e Hospitais Beneficentes do Estado do Paran\u00e1 (Femipa). O evento ser\u00e1 realizado na Associa\u00e7\u00e3o M\u00e9dica do Paran\u00e1, das 9h \u00e0s 17h30 e \u00e9 co-realizado [&hellip;]","og_url":"https:\/\/www.mpc.pr.gov.br\/index.php\/mp-de-contas-participa-do-6o-forum-de-direito-da-saude-da-femipa\/","og_site_name":"Minist\u00e9rio P\u00fablico de Contas do Estado do Paran\u00e1","article_publisher":"https:\/\/www.facebook.com\/mpc.pr","article_published_time":"2020-03-05T16:50:55+00:00","article_modified_time":"2020-07-10T15:30:27+00:00","og_image":[{"width":400,"height":286,"url":"https:\/\/www.mpc.pr.gov.br\/wp-content\/uploads\/2020\/04\/SA\u00daDE.jpg","type":"image\/jpeg"}],"author":"giovanna.faria","twitter_card":"summary_large_image","twitter_misc":{"Escrito por":"giovanna.faria","Est. tempo de leitura":"2 minutos"},"schema":{"@context":"https:\/\/schema.org","@graph":[{"@type":"Article","@id":"https:\/\/www.mpc.pr.gov.br\/index.php\/mp-de-contas-participa-do-6o-forum-de-direito-da-saude-da-femipa\/#article","isPartOf":{"@id":"https:\/\/www.mpc.pr.gov.br\/index.php\/mp-de-contas-participa-do-6o-forum-de-direito-da-saude-da-femipa\/"},"author":{"name":"giovanna.faria","@id":"https:\/\/www.mpc.pr.gov.br\/#\/schema\/person\/d0c5cf9ebb4d8be833c419f3538cf751"},"headline":"MP de Contas participa do 6\u00ba F\u00f3rum de Direito da Sa\u00fade da Femipa","datePublished":"2020-03-05T16:50:55+00:00","dateModified":"2020-07-10T15:30:27+00:00","mainEntityOfPage":{"@id":"https:\/\/www.mpc.pr.gov.br\/index.php\/mp-de-contas-participa-do-6o-forum-de-direito-da-saude-da-femipa\/"},"wordCount":343,"commentCount":0,"publisher":{"@id":"https:\/\/www.mpc.pr.gov.br\/#organization"},"image":{"@id":"https:\/\/www.mpc.pr.gov.br\/index.php\/mp-de-contas-participa-do-6o-forum-de-direito-da-saude-da-femipa\/#primaryimage"},"thumbnailUrl":"https:\/\/www.mpc.pr.gov.br\/wp-content\/uploads\/2020\/04\/SA\u00daDE.jpg","articleSection":["Todas as not\u00edcias","\u00daltimas not\u00edcias"],"inLanguage":"pt-BR","potentialAction":[{"@type":"CommentAction","name":"Comment","target":["https:\/\/www.mpc.pr.gov.br\/index.php\/mp-de-contas-participa-do-6o-forum-de-direito-da-saude-da-femipa\/#respond"]}]},{"@type":"WebPage","@id":"https:\/\/www.mpc.pr.gov.br\/index.php\/mp-de-contas-participa-do-6o-forum-de-direito-da-saude-da-femipa\/","url":"https:\/\/www.mpc.pr.gov.br\/index.php\/mp-de-contas-participa-do-6o-forum-de-direito-da-saude-da-femipa\/","name":"MP de Contas participa do 6\u00ba F\u00f3rum de Direito da Sa\u00fade da Femipa - Minist\u00e9rio P\u00fablico de Contas do Estado do Paran\u00e1","isPartOf":{"@id":"https:\/\/www.mpc.pr.gov.br\/#website"},"primaryImageOfPage":{"@id":"https:\/\/www.mpc.pr.gov.br\/index.php\/mp-de-contas-participa-do-6o-forum-de-direito-da-saude-da-femipa\/#primaryimage"},"image":{"@id":"https:\/\/www.mpc.pr.gov.br\/index.php\/mp-de-contas-participa-do-6o-forum-de-direito-da-saude-da-femipa\/#primaryimage"},"thumbnailUrl":"https:\/\/www.mpc.pr.gov.br\/wp-content\/uploads\/2020\/04\/SA\u00daDE.jpg","datePublished":"2020-03-05T16:50:55+00:00","dateModified":"2020-07-10T15:30:27+00:00","breadcrumb":{"@id":"https:\/\/www.mpc.pr.gov.br\/index.php\/mp-de-contas-participa-do-6o-forum-de-direito-da-saude-da-femipa\/#breadcrumb"},"inLanguage":"pt-BR","potentialAction":[{"@type":"ReadAction","target":["https:\/\/www.mpc.pr.gov.br\/index.php\/mp-de-contas-participa-do-6o-forum-de-direito-da-saude-da-femipa\/"]}]},{"@type":"ImageObject","inLanguage":"pt-BR","@id":"https:\/\/www.mpc.pr.gov.br\/index.php\/mp-de-contas-participa-do-6o-forum-de-direito-da-saude-da-femipa\/#primaryimage","url":"https:\/\/www.mpc.pr.gov.br\/wp-content\/uploads\/2020\/04\/SA\u00daDE.jpg","contentUrl":"https:\/\/www.mpc.pr.gov.br\/wp-content\/uploads\/2020\/04\/SA\u00daDE.jpg","width":400,"height":286},{"@type":"BreadcrumbList","@id":"https:\/\/www.mpc.pr.gov.br\/index.php\/mp-de-contas-participa-do-6o-forum-de-direito-da-saude-da-femipa\/#breadcrumb","itemListElement":[{"@type":"ListItem","position":1,"name":"In\u00edcio","item":"https:\/\/www.mpc.pr.gov.br\/"},{"@type":"ListItem","position":2,"name":"MP de Contas participa do 6\u00ba F\u00f3rum de Direito da Sa\u00fade da Femipa"}]},{"@type":"WebSite","@id":"https:\/\/www.mpc.pr.gov.br\/#website","url":"https:\/\/www.mpc.pr.gov.br\/","name":"Minist\u00e9rio P\u00fablico de Contas do Estado do Paran\u00e1","description":"","publisher":{"@id":"https:\/\/www.mpc.pr.gov.br\/#organization"},"potentialAction":[{"@type":"SearchAction","target":{"@type":"EntryPoint","urlTemplate":"https:\/\/www.mpc.pr.gov.br\/?s={search_term_string}"},"query-input":{"@type":"PropertyValueSpecification","valueRequired":true,"valueName":"search_term_string"}}],"inLanguage":"pt-BR"},{"@type":"Organization","@id":"https:\/\/www.mpc.pr.gov.br\/#organization","name":"Minist\u00e9rio P\u00fablico de Contas do Estado do Paran\u00e1","url":"https:\/\/www.mpc.pr.gov.br\/","logo":{"@type":"ImageObject","inLanguage":"pt-BR","@id":"https:\/\/www.mpc.pr.gov.br\/#\/schema\/logo\/image\/","url":"https:\/\/www.mpc.pr.gov.br\/wp-content\/uploads\/2020\/06\/99423647_1593460364143890_6706793420720963584_n-1-e1591387983167.png","contentUrl":"https:\/\/www.mpc.pr.gov.br\/wp-content\/uploads\/2020\/06\/99423647_1593460364143890_6706793420720963584_n-1-e1591387983167.png","width":243,"height":73,"caption":"Minist\u00e9rio P\u00fablico de Contas do Estado do Paran\u00e1"},"image":{"@id":"https:\/\/www.mpc.pr.gov.br\/#\/schema\/logo\/image\/"},"sameAs":["https:\/\/www.facebook.com\/mpc.pr","https:\/\/www.instagram.com\/mpc.pr\/?hl=pt-br","https:\/\/www.youtube.com\/channel\/UCHri5oEM8DV0ztX57E0sBSw"]},{"@type":"Person","@id":"https:\/\/www.mpc.pr.gov.br\/#\/schema\/person\/d0c5cf9ebb4d8be833c419f3538cf751","name":"giovanna.faria","image":{"@type":"ImageObject","inLanguage":"pt-BR","@id":"https:\/\/secure.gravatar.com\/avatar\/?s=96&d=mm&r=g","url":"https:\/\/secure.gravatar.com\/avatar\/?s=96&d=mm&r=g","contentUrl":"https:\/\/secure.gravatar.com\/avatar\/?s=96&d=mm&r=g","caption":"giovanna.faria"}}]}},"rttpg_featured_image_url":{"full":["https:\/\/www.mpc.pr.gov.br\/wp-content\/uploads\/2020\/04\/SA\u00daDE.jpg",400,286,false],"landscape":["https:\/\/www.mpc.pr.gov.br\/wp-content\/uploads\/2020\/04\/SA\u00daDE.jpg",400,286,false],"portraits":["https:\/\/www.mpc.pr.gov.br\/wp-content\/uploads\/2020\/04\/SA\u00daDE.jpg",400,286,false],"thumbnail":["https:\/\/www.mpc.pr.gov.br\/wp-content\/uploads\/2020\/04\/SA\u00daDE-150x150.jpg",150,150,true],"medium":["https:\/\/www.mpc.pr.gov.br\/wp-content\/uploads\/2020\/04\/SA\u00daDE-300x215.jpg",300,215,true],"large":["https:\/\/www.mpc.pr.gov.br\/wp-content\/uploads\/2020\/04\/SA\u00daDE.jpg",400,286,false],"1536x1536":["https:\/\/www.mpc.pr.gov.br\/wp-content\/uploads\/2020\/04\/SA\u00daDE.jpg",400,286,false],"2048x2048":["https:\/\/www.mpc.pr.gov.br\/wp-content\/uploads\/2020\/04\/SA\u00daDE.jpg",400,286,false],"ocean-thumb-m":["https:\/\/www.mpc.pr.gov.br\/wp-content\/uploads\/2020\/04\/SA\u00daDE.jpg",400,286,false],"ocean-thumb-ml":["https:\/\/www.mpc.pr.gov.br\/wp-content\/uploads\/2020\/04\/SA\u00daDE.jpg",400,286,false],"ocean-thumb-l":["https:\/\/www.mpc.pr.gov.br\/wp-content\/uploads\/2020\/04\/SA\u00daDE.jpg",400,286,false]},"rttpg_author":{"display_name":"giovanna.faria","author_link":"https:\/\/www.mpc.pr.gov.br\/index.php\/author\/giovanna-faria\/"},"rttpg_comment":0,"rttpg_category":"<a href=\"https:\/\/www.mpc.pr.gov.br\/index.php\/category\/todas-as-noticias\/\" rel=\"category tag\">Todas as not\u00edcias<\/a> <a href=\"https:\/\/www.mpc.pr.gov.br\/index.php\/category\/ultimas-noticias\/\" rel=\"category tag\">\u00daltimas not\u00edcias<\/a>","rttpg_excerpt":"No pr\u00f3xima quarta-feira (11), o Procurador Gabriel Guy L\u00e9ger do MP de Conta do Paran\u00e1 (MPC-PR) participa do 6\u00ba F\u00f3rum de Direito da Sa\u00fade da Federa\u00e7\u00e3o das Santas Casas de Miseric\u00f3rdia e Hospitais Beneficentes do Estado do Paran\u00e1 (Femipa). O evento ser\u00e1 realizado na Associa\u00e7\u00e3o M\u00e9dica do Paran\u00e1, das 9h \u00e0s 17h30 e \u00e9 co-realizado&hellip;","_links":{"self":[{"href":"https:\/\/www.mpc.pr.gov.br\/index.php\/wp-json\/wp\/v2\/posts\/8716","targetHints":{"allow":["GET"]}}],"collection":[{"href":"https:\/\/www.mpc.pr.gov.br\/index.php\/wp-json\/wp\/v2\/posts"}],"about":[{"href":"https:\/\/www.mpc.pr.gov.br\/index.php\/wp-json\/wp\/v2\/types\/post"}],"author":[{"embeddable":true,"href":"https:\/\/www.mpc.pr.gov.br\/index.php\/wp-json\/wp\/v2\/users\/5"}],"replies":[{"embeddable":true,"href":"https:\/\/www.mpc.pr.gov.br\/index.php\/wp-json\/wp\/v2\/comments?post=8716"}],"version-history":[{"count":1,"href":"https:\/\/www.mpc.pr.gov.br\/index.php\/wp-json\/wp\/v2\/posts\/8716\/revisions"}],"predecessor-version":[{"id":9304,"href":"https:\/\/www.mpc.pr.gov.br\/index.php\/wp-json\/wp\/v2\/posts\/8716\/revisions\/9304"}],"wp:featuredmedia":[{"embeddable":true,"href":"https:\/\/www.mpc.pr.gov.br\/index.php\/wp-json\/wp\/v2\/media\/9245"}],"wp:attachment":[{"href":"https:\/\/www.mpc.pr.gov.br\/index.php\/wp-json\/wp\/v2\/media?parent=8716"}],"wp:term":[{"taxonomy":"category","embeddable":true,"href":"https:\/\/www.mpc.pr.gov.br\/index.php\/wp-json\/wp\/v2\/categories?post=8716"},{"taxonomy":"post_tag","embeddable":true,"href":"https:\/\/www.mpc.pr.gov.br\/index.php\/wp-json\/wp\/v2\/tags?post=8716"}],"curies":[{"name":"wp","href":"https:\/\/api.w.org\/{rel}","templated":true}]}}