{"id":8769,"date":"2020-03-10T13:16:06","date_gmt":"2020-03-10T16:16:06","guid":{"rendered":"http:\/\/www.mpc.pr.gov.br\/?p=8769"},"modified":"2020-07-10T12:19:18","modified_gmt":"2020-07-10T15:19:18","slug":"a-inviabilidade-fiscal-de-pequenos-municipios","status":"publish","type":"post","link":"https:\/\/www.mpc.pr.gov.br\/index.php\/a-inviabilidade-fiscal-de-pequenos-municipios\/","title":{"rendered":"A inviabilidade fiscal de pequenos munic\u00edpios"},"content":{"rendered":"<p style=\"text-align: right;\"><a href=\"https:\/\/www.gazetadopovo.com.br\/opiniao\/artigos\/a-inviabilidade-fiscal-de-pequenos-municipios\/\"><span style=\"font-size: 10pt;\"><strong>*Artigo publicado da edi\u00e7\u00e3o impressa da revista Gazeta do Povo Semanal de 8 de mar\u00e7o de 2020.<\/strong><\/span><\/a><\/p>\n<figure id=\"attachment_8770\" aria-describedby=\"caption-attachment-8770\" style=\"width: 300px\" class=\"wp-caption alignleft\"><a href=\"http:\/\/www.mpc.pr.gov.br\/a-inviabilidade-fiscal-de-pequenos-municipios\/foto-felipe-lima-gazeta-do-povo\/\" rel=\"attachment wp-att-8770\"><img fetchpriority=\"high\" decoding=\"async\" class=\"wp-image-8770 size-medium\" src=\"http:\/\/www.mpc.pr.gov.br\/wp-content\/uploads\/2020\/03\/Foto-Felipe-Lima-Gazeta-do-Povo-300x169.jpg\" alt=\"\" width=\"300\" height=\"169\" \/><\/a><figcaption id=\"caption-attachment-8770\" class=\"wp-caption-text\">Foto: Felipe Lima\/Gazeta do Povo.<\/figcaption><\/figure>\n<p>O contexto atual \u00e9 fruto de um jogo de interesses decorrente de olhos grandes que tomaram dimens\u00e3o desproporcional no Brasil durante as discuss\u00f5es que antecederam a promulga\u00e7\u00e3o da Constitui\u00e7\u00e3o Federal de 1988, olhos grandes estes voltados para milhares de novos cargos pol\u00edticos no Executivo e Legislativo locais, bem como da distribui\u00e7\u00e3o e loteamento de escrivanias de cart\u00f3rios em ofensa \u00e0 regra do concurso p\u00fablico para estas \u00faltimas, a partir da possibilidade de cria\u00e7\u00e3o de uma enxurrada de novos munic\u00edpios.<\/p>\n<p>A consequ\u00eancia nefasta foi a expans\u00e3o exagerada do n\u00famero de municipalidades em todas as regi\u00f5es do Brasil, com o consequente aumento de despesas em raz\u00e3o das estruturas burocr\u00e1ticas necess\u00e1rias a partir das emancipa\u00e7\u00f5es de distritos, desacompanhada de fontes de receitas pr\u00f3prias, em especial as chamadas receitas tribut\u00e1rias.<\/p>\n<p>Dados recentes da Secretaria do Tesouro Nacional demonstram que pouco mais de 6% de toda a arrecada\u00e7\u00e3o tribut\u00e1ria no Brasil pertence aos munic\u00edpios. Sob a perspectiva fiscal, este nem \u00e9 o maior problema. Para tomar como exemplo o estado do Paran\u00e1, o Sistema de Informa\u00e7\u00f5es do Tribunal de Contas paranaense, chamado de SIM-AM, aponta que nos munic\u00edpios com popula\u00e7\u00e3o inferior a 5 mil habitantes a receita tribut\u00e1ria decorrente do Imposto de Renda de servidores da prefeitura e da C\u00e2mara (imposto federal, mas que, no caso desses servidores, tem seu produto de arrecada\u00e7\u00e3o cobrado pela Uni\u00e3o, mas com garantia de perman\u00eancia nos cofres do munic\u00edpio) \u00e9 maior que a receita do ISS e do IPTU, ambos impostos cuja legisla\u00e7\u00e3o, cobran\u00e7a e arrecada\u00e7\u00e3o cabem ao pr\u00f3prio munic\u00edpio.<\/p>\n<p>Quando se consideram munic\u00edpios com popula\u00e7\u00e3o at\u00e9 10 mil habitantes, a receita do IRPF dos servidores p\u00fablicos da prefeitura e da C\u00e2mara, embora seja menor que a do ISS municipal, ainda assim supera a arrecada\u00e7\u00e3o do IPTU municipal. E o que isso significa, sob a perspectiva f\u00e1tica em tempos de PEC que objetiva, ou ao menos aparenta objetivar, extinguir pequenas municipalidades no Brasil? Que essas pequenas municipalidades, al\u00e9m de serem invi\u00e1veis sob o ponto de vista fiscal e financeiro, n\u00e3o t\u00eam nem sequer uma estrutura m\u00ednima para lan\u00e7ar, cobrar e arrecadar seus pr\u00f3prios tributos, dependendo de repasses federais e estaduais via fundos de participa\u00e7\u00e3o (FPM) e\/ou via transfer\u00eancias volunt\u00e1rias a partir de conv\u00eanios para financiarem, com dinheiro do estado no qual est\u00e3o situados, itens b\u00e1sicos como transporte escolar, merenda, manuten\u00e7\u00e3o de asfalto etc.<\/p>\n<p>Parece ser l\u00f3gico defender a extin\u00e7\u00e3o dessas pequenas municipalidades com sua incorpora\u00e7\u00e3o a outros maiores, ou sua jun\u00e7\u00e3o. Ocorre que, lamentavelmente, o processo de decis\u00e3o pol\u00edtica n\u00e3o \u00e9 t\u00e3o racional quanto a expectativa do pa\u00eds. Isso explica em boa parte a falta de uma discuss\u00e3o s\u00e9ria sobre o assunto. E assim vamos trope\u00e7ando em nosso pr\u00f3prio sistema federativo, combalido e afastado sob a perspectiva jur\u00eddico-pol\u00edtica daquilo que a racionalidade administrativa e fiscal imp\u00f5e.<\/p>\n<div id=\"post-6973\" class=\"post\">\n<div id=\"mycontent2\">\n<p><strong><em>Autor: Fl\u00e1vio Berti, doutor em Direito do Estado e Procurador-Geral do Minist\u00e9rio P\u00fablico de Contas do Paran\u00e1, \u00e9 professor do curso de Direito e coordenador da p\u00f3s-gradua\u00e7\u00e3o em Direito Tribut\u00e1rio da Universidade Positivo.<\/em><\/strong><\/p>\n<\/div>\n<\/div>\n","protected":false},"excerpt":{"rendered":"<p>*Artigo publicado da edi\u00e7\u00e3o impressa da revista Gazeta do Povo Semanal de 8 de mar\u00e7o de 2020. O contexto atual \u00e9 fruto de um jogo de interesses decorrente de olhos grandes que tomaram dimens\u00e3o desproporcional no Brasil durante as discuss\u00f5es que antecederam a promulga\u00e7\u00e3o da Constitui\u00e7\u00e3o Federal de 1988, olhos grandes estes voltados para milhares [&hellip;]<\/p>\n","protected":false},"author":5,"featured_media":9292,"comment_status":"open","ping_status":"open","sticky":false,"template":"","format":"standard","meta":{"_monsterinsights_skip_tracking":false,"_monsterinsights_sitenote_active":false,"_monsterinsights_sitenote_note":"","_monsterinsights_sitenote_category":0,"footnotes":""},"categories":[7,14],"tags":[],"class_list":["post-8769","post","type-post","status-publish","format-standard","has-post-thumbnail","hentry","category-todas-as-noticias","category-ultimas-noticias","entry","has-media"],"yoast_head":"<!-- This site is optimized with the Yoast SEO plugin v27.3 - https:\/\/yoast.com\/product\/yoast-seo-wordpress\/ -->\n<title>A inviabilidade fiscal de pequenos munic\u00edpios - Minist\u00e9rio P\u00fablico de Contas do Estado do Paran\u00e1<\/title>\n<meta name=\"robots\" content=\"index, follow, max-snippet:-1, max-image-preview:large, max-video-preview:-1\" \/>\n<link rel=\"canonical\" href=\"https:\/\/www.mpc.pr.gov.br\/index.php\/a-inviabilidade-fiscal-de-pequenos-municipios\/\" \/>\n<meta property=\"og:locale\" content=\"pt_BR\" \/>\n<meta property=\"og:type\" content=\"article\" \/>\n<meta property=\"og:title\" content=\"A inviabilidade fiscal de pequenos munic\u00edpios - Minist\u00e9rio P\u00fablico de Contas do Estado do Paran\u00e1\" \/>\n<meta property=\"og:description\" content=\"*Artigo publicado da edi\u00e7\u00e3o impressa da revista Gazeta do Povo Semanal de 8 de mar\u00e7o de 2020. O contexto atual \u00e9 fruto de um jogo de interesses decorrente de olhos grandes que tomaram dimens\u00e3o desproporcional no Brasil durante as discuss\u00f5es que antecederam a promulga\u00e7\u00e3o da Constitui\u00e7\u00e3o Federal de 1988, olhos grandes estes voltados para milhares [&hellip;]\" \/>\n<meta property=\"og:url\" content=\"https:\/\/www.mpc.pr.gov.br\/index.php\/a-inviabilidade-fiscal-de-pequenos-municipios\/\" \/>\n<meta property=\"og:site_name\" content=\"Minist\u00e9rio P\u00fablico de Contas do Estado do Paran\u00e1\" \/>\n<meta property=\"article:publisher\" content=\"https:\/\/www.facebook.com\/mpc.pr\" \/>\n<meta property=\"article:published_time\" content=\"2020-03-10T16:16:06+00:00\" \/>\n<meta property=\"article:modified_time\" content=\"2020-07-10T15:19:18+00:00\" \/>\n<meta property=\"og:image\" content=\"https:\/\/www.mpc.pr.gov.br\/wp-content\/uploads\/2020\/03\/Foto-Felipe-Lima-Gazeta-do-PovO-1.jpg\" \/>\n\t<meta property=\"og:image:width\" content=\"300\" \/>\n\t<meta property=\"og:image:height\" content=\"169\" \/>\n\t<meta property=\"og:image:type\" content=\"image\/jpeg\" \/>\n<meta name=\"author\" content=\"giovanna.faria\" \/>\n<meta name=\"twitter:card\" content=\"summary_large_image\" \/>\n<meta name=\"twitter:label1\" content=\"Escrito por\" \/>\n\t<meta name=\"twitter:data1\" content=\"giovanna.faria\" \/>\n\t<meta name=\"twitter:label2\" content=\"Est. tempo de leitura\" \/>\n\t<meta name=\"twitter:data2\" content=\"3 minutos\" \/>\n<script type=\"application\/ld+json\" class=\"yoast-schema-graph\">{\"@context\":\"https:\\\/\\\/schema.org\",\"@graph\":[{\"@type\":\"Article\",\"@id\":\"https:\\\/\\\/www.mpc.pr.gov.br\\\/index.php\\\/a-inviabilidade-fiscal-de-pequenos-municipios\\\/#article\",\"isPartOf\":{\"@id\":\"https:\\\/\\\/www.mpc.pr.gov.br\\\/index.php\\\/a-inviabilidade-fiscal-de-pequenos-municipios\\\/\"},\"author\":{\"name\":\"giovanna.faria\",\"@id\":\"https:\\\/\\\/www.mpc.pr.gov.br\\\/#\\\/schema\\\/person\\\/d0c5cf9ebb4d8be833c419f3538cf751\"},\"headline\":\"A inviabilidade fiscal de pequenos munic\u00edpios\",\"datePublished\":\"2020-03-10T16:16:06+00:00\",\"dateModified\":\"2020-07-10T15:19:18+00:00\",\"mainEntityOfPage\":{\"@id\":\"https:\\\/\\\/www.mpc.pr.gov.br\\\/index.php\\\/a-inviabilidade-fiscal-de-pequenos-municipios\\\/\"},\"wordCount\":597,\"commentCount\":0,\"publisher\":{\"@id\":\"https:\\\/\\\/www.mpc.pr.gov.br\\\/#organization\"},\"image\":{\"@id\":\"https:\\\/\\\/www.mpc.pr.gov.br\\\/index.php\\\/a-inviabilidade-fiscal-de-pequenos-municipios\\\/#primaryimage\"},\"thumbnailUrl\":\"https:\\\/\\\/www.mpc.pr.gov.br\\\/wp-content\\\/uploads\\\/2020\\\/03\\\/Foto-Felipe-Lima-Gazeta-do-PovO-1.jpg\",\"articleSection\":[\"Todas as not\u00edcias\",\"\u00daltimas not\u00edcias\"],\"inLanguage\":\"pt-BR\",\"potentialAction\":[{\"@type\":\"CommentAction\",\"name\":\"Comment\",\"target\":[\"https:\\\/\\\/www.mpc.pr.gov.br\\\/index.php\\\/a-inviabilidade-fiscal-de-pequenos-municipios\\\/#respond\"]}]},{\"@type\":\"WebPage\",\"@id\":\"https:\\\/\\\/www.mpc.pr.gov.br\\\/index.php\\\/a-inviabilidade-fiscal-de-pequenos-municipios\\\/\",\"url\":\"https:\\\/\\\/www.mpc.pr.gov.br\\\/index.php\\\/a-inviabilidade-fiscal-de-pequenos-municipios\\\/\",\"name\":\"A inviabilidade fiscal de pequenos munic\u00edpios - Minist\u00e9rio P\u00fablico de Contas do Estado do Paran\u00e1\",\"isPartOf\":{\"@id\":\"https:\\\/\\\/www.mpc.pr.gov.br\\\/#website\"},\"primaryImageOfPage\":{\"@id\":\"https:\\\/\\\/www.mpc.pr.gov.br\\\/index.php\\\/a-inviabilidade-fiscal-de-pequenos-municipios\\\/#primaryimage\"},\"image\":{\"@id\":\"https:\\\/\\\/www.mpc.pr.gov.br\\\/index.php\\\/a-inviabilidade-fiscal-de-pequenos-municipios\\\/#primaryimage\"},\"thumbnailUrl\":\"https:\\\/\\\/www.mpc.pr.gov.br\\\/wp-content\\\/uploads\\\/2020\\\/03\\\/Foto-Felipe-Lima-Gazeta-do-PovO-1.jpg\",\"datePublished\":\"2020-03-10T16:16:06+00:00\",\"dateModified\":\"2020-07-10T15:19:18+00:00\",\"breadcrumb\":{\"@id\":\"https:\\\/\\\/www.mpc.pr.gov.br\\\/index.php\\\/a-inviabilidade-fiscal-de-pequenos-municipios\\\/#breadcrumb\"},\"inLanguage\":\"pt-BR\",\"potentialAction\":[{\"@type\":\"ReadAction\",\"target\":[\"https:\\\/\\\/www.mpc.pr.gov.br\\\/index.php\\\/a-inviabilidade-fiscal-de-pequenos-municipios\\\/\"]}]},{\"@type\":\"ImageObject\",\"inLanguage\":\"pt-BR\",\"@id\":\"https:\\\/\\\/www.mpc.pr.gov.br\\\/index.php\\\/a-inviabilidade-fiscal-de-pequenos-municipios\\\/#primaryimage\",\"url\":\"https:\\\/\\\/www.mpc.pr.gov.br\\\/wp-content\\\/uploads\\\/2020\\\/03\\\/Foto-Felipe-Lima-Gazeta-do-PovO-1.jpg\",\"contentUrl\":\"https:\\\/\\\/www.mpc.pr.gov.br\\\/wp-content\\\/uploads\\\/2020\\\/03\\\/Foto-Felipe-Lima-Gazeta-do-PovO-1.jpg\",\"width\":300,\"height\":169},{\"@type\":\"BreadcrumbList\",\"@id\":\"https:\\\/\\\/www.mpc.pr.gov.br\\\/index.php\\\/a-inviabilidade-fiscal-de-pequenos-municipios\\\/#breadcrumb\",\"itemListElement\":[{\"@type\":\"ListItem\",\"position\":1,\"name\":\"In\u00edcio\",\"item\":\"https:\\\/\\\/www.mpc.pr.gov.br\\\/\"},{\"@type\":\"ListItem\",\"position\":2,\"name\":\"A inviabilidade fiscal de pequenos munic\u00edpios\"}]},{\"@type\":\"WebSite\",\"@id\":\"https:\\\/\\\/www.mpc.pr.gov.br\\\/#website\",\"url\":\"https:\\\/\\\/www.mpc.pr.gov.br\\\/\",\"name\":\"Minist\u00e9rio P\u00fablico de Contas do Estado do Paran\u00e1\",\"description\":\"\",\"publisher\":{\"@id\":\"https:\\\/\\\/www.mpc.pr.gov.br\\\/#organization\"},\"potentialAction\":[{\"@type\":\"SearchAction\",\"target\":{\"@type\":\"EntryPoint\",\"urlTemplate\":\"https:\\\/\\\/www.mpc.pr.gov.br\\\/?s={search_term_string}\"},\"query-input\":{\"@type\":\"PropertyValueSpecification\",\"valueRequired\":true,\"valueName\":\"search_term_string\"}}],\"inLanguage\":\"pt-BR\"},{\"@type\":\"Organization\",\"@id\":\"https:\\\/\\\/www.mpc.pr.gov.br\\\/#organization\",\"name\":\"Minist\u00e9rio P\u00fablico de Contas do Estado do Paran\u00e1\",\"url\":\"https:\\\/\\\/www.mpc.pr.gov.br\\\/\",\"logo\":{\"@type\":\"ImageObject\",\"inLanguage\":\"pt-BR\",\"@id\":\"https:\\\/\\\/www.mpc.pr.gov.br\\\/#\\\/schema\\\/logo\\\/image\\\/\",\"url\":\"https:\\\/\\\/www.mpc.pr.gov.br\\\/wp-content\\\/uploads\\\/2020\\\/06\\\/99423647_1593460364143890_6706793420720963584_n-1-e1591387983167.png\",\"contentUrl\":\"https:\\\/\\\/www.mpc.pr.gov.br\\\/wp-content\\\/uploads\\\/2020\\\/06\\\/99423647_1593460364143890_6706793420720963584_n-1-e1591387983167.png\",\"width\":243,\"height\":73,\"caption\":\"Minist\u00e9rio P\u00fablico de Contas do Estado do Paran\u00e1\"},\"image\":{\"@id\":\"https:\\\/\\\/www.mpc.pr.gov.br\\\/#\\\/schema\\\/logo\\\/image\\\/\"},\"sameAs\":[\"https:\\\/\\\/www.facebook.com\\\/mpc.pr\",\"https:\\\/\\\/www.instagram.com\\\/mpc.pr\\\/?hl=pt-br\",\"https:\\\/\\\/www.youtube.com\\\/channel\\\/UCHri5oEM8DV0ztX57E0sBSw\"]},{\"@type\":\"Person\",\"@id\":\"https:\\\/\\\/www.mpc.pr.gov.br\\\/#\\\/schema\\\/person\\\/d0c5cf9ebb4d8be833c419f3538cf751\",\"name\":\"giovanna.faria\",\"image\":{\"@type\":\"ImageObject\",\"inLanguage\":\"pt-BR\",\"@id\":\"https:\\\/\\\/secure.gravatar.com\\\/avatar\\\/?s=96&d=mm&r=g\",\"url\":\"https:\\\/\\\/secure.gravatar.com\\\/avatar\\\/?s=96&d=mm&r=g\",\"contentUrl\":\"https:\\\/\\\/secure.gravatar.com\\\/avatar\\\/?s=96&d=mm&r=g\",\"caption\":\"giovanna.faria\"}}]}<\/script>\n<!-- \/ Yoast SEO plugin. -->","yoast_head_json":{"title":"A inviabilidade fiscal de pequenos munic\u00edpios - Minist\u00e9rio P\u00fablico de Contas do Estado do Paran\u00e1","robots":{"index":"index","follow":"follow","max-snippet":"max-snippet:-1","max-image-preview":"max-image-preview:large","max-video-preview":"max-video-preview:-1"},"canonical":"https:\/\/www.mpc.pr.gov.br\/index.php\/a-inviabilidade-fiscal-de-pequenos-municipios\/","og_locale":"pt_BR","og_type":"article","og_title":"A inviabilidade fiscal de pequenos munic\u00edpios - Minist\u00e9rio P\u00fablico de Contas do Estado do Paran\u00e1","og_description":"*Artigo publicado da edi\u00e7\u00e3o impressa da revista Gazeta do Povo Semanal de 8 de mar\u00e7o de 2020. O contexto atual \u00e9 fruto de um jogo de interesses decorrente de olhos grandes que tomaram dimens\u00e3o desproporcional no Brasil durante as discuss\u00f5es que antecederam a promulga\u00e7\u00e3o da Constitui\u00e7\u00e3o Federal de 1988, olhos grandes estes voltados para milhares [&hellip;]","og_url":"https:\/\/www.mpc.pr.gov.br\/index.php\/a-inviabilidade-fiscal-de-pequenos-municipios\/","og_site_name":"Minist\u00e9rio P\u00fablico de Contas do Estado do Paran\u00e1","article_publisher":"https:\/\/www.facebook.com\/mpc.pr","article_published_time":"2020-03-10T16:16:06+00:00","article_modified_time":"2020-07-10T15:19:18+00:00","og_image":[{"width":300,"height":169,"url":"https:\/\/www.mpc.pr.gov.br\/wp-content\/uploads\/2020\/03\/Foto-Felipe-Lima-Gazeta-do-PovO-1.jpg","type":"image\/jpeg"}],"author":"giovanna.faria","twitter_card":"summary_large_image","twitter_misc":{"Escrito por":"giovanna.faria","Est. tempo de leitura":"3 minutos"},"schema":{"@context":"https:\/\/schema.org","@graph":[{"@type":"Article","@id":"https:\/\/www.mpc.pr.gov.br\/index.php\/a-inviabilidade-fiscal-de-pequenos-municipios\/#article","isPartOf":{"@id":"https:\/\/www.mpc.pr.gov.br\/index.php\/a-inviabilidade-fiscal-de-pequenos-municipios\/"},"author":{"name":"giovanna.faria","@id":"https:\/\/www.mpc.pr.gov.br\/#\/schema\/person\/d0c5cf9ebb4d8be833c419f3538cf751"},"headline":"A inviabilidade fiscal de pequenos munic\u00edpios","datePublished":"2020-03-10T16:16:06+00:00","dateModified":"2020-07-10T15:19:18+00:00","mainEntityOfPage":{"@id":"https:\/\/www.mpc.pr.gov.br\/index.php\/a-inviabilidade-fiscal-de-pequenos-municipios\/"},"wordCount":597,"commentCount":0,"publisher":{"@id":"https:\/\/www.mpc.pr.gov.br\/#organization"},"image":{"@id":"https:\/\/www.mpc.pr.gov.br\/index.php\/a-inviabilidade-fiscal-de-pequenos-municipios\/#primaryimage"},"thumbnailUrl":"https:\/\/www.mpc.pr.gov.br\/wp-content\/uploads\/2020\/03\/Foto-Felipe-Lima-Gazeta-do-PovO-1.jpg","articleSection":["Todas as not\u00edcias","\u00daltimas not\u00edcias"],"inLanguage":"pt-BR","potentialAction":[{"@type":"CommentAction","name":"Comment","target":["https:\/\/www.mpc.pr.gov.br\/index.php\/a-inviabilidade-fiscal-de-pequenos-municipios\/#respond"]}]},{"@type":"WebPage","@id":"https:\/\/www.mpc.pr.gov.br\/index.php\/a-inviabilidade-fiscal-de-pequenos-municipios\/","url":"https:\/\/www.mpc.pr.gov.br\/index.php\/a-inviabilidade-fiscal-de-pequenos-municipios\/","name":"A inviabilidade fiscal de pequenos munic\u00edpios - Minist\u00e9rio P\u00fablico de Contas do Estado do Paran\u00e1","isPartOf":{"@id":"https:\/\/www.mpc.pr.gov.br\/#website"},"primaryImageOfPage":{"@id":"https:\/\/www.mpc.pr.gov.br\/index.php\/a-inviabilidade-fiscal-de-pequenos-municipios\/#primaryimage"},"image":{"@id":"https:\/\/www.mpc.pr.gov.br\/index.php\/a-inviabilidade-fiscal-de-pequenos-municipios\/#primaryimage"},"thumbnailUrl":"https:\/\/www.mpc.pr.gov.br\/wp-content\/uploads\/2020\/03\/Foto-Felipe-Lima-Gazeta-do-PovO-1.jpg","datePublished":"2020-03-10T16:16:06+00:00","dateModified":"2020-07-10T15:19:18+00:00","breadcrumb":{"@id":"https:\/\/www.mpc.pr.gov.br\/index.php\/a-inviabilidade-fiscal-de-pequenos-municipios\/#breadcrumb"},"inLanguage":"pt-BR","potentialAction":[{"@type":"ReadAction","target":["https:\/\/www.mpc.pr.gov.br\/index.php\/a-inviabilidade-fiscal-de-pequenos-municipios\/"]}]},{"@type":"ImageObject","inLanguage":"pt-BR","@id":"https:\/\/www.mpc.pr.gov.br\/index.php\/a-inviabilidade-fiscal-de-pequenos-municipios\/#primaryimage","url":"https:\/\/www.mpc.pr.gov.br\/wp-content\/uploads\/2020\/03\/Foto-Felipe-Lima-Gazeta-do-PovO-1.jpg","contentUrl":"https:\/\/www.mpc.pr.gov.br\/wp-content\/uploads\/2020\/03\/Foto-Felipe-Lima-Gazeta-do-PovO-1.jpg","width":300,"height":169},{"@type":"BreadcrumbList","@id":"https:\/\/www.mpc.pr.gov.br\/index.php\/a-inviabilidade-fiscal-de-pequenos-municipios\/#breadcrumb","itemListElement":[{"@type":"ListItem","position":1,"name":"In\u00edcio","item":"https:\/\/www.mpc.pr.gov.br\/"},{"@type":"ListItem","position":2,"name":"A inviabilidade fiscal de pequenos munic\u00edpios"}]},{"@type":"WebSite","@id":"https:\/\/www.mpc.pr.gov.br\/#website","url":"https:\/\/www.mpc.pr.gov.br\/","name":"Minist\u00e9rio P\u00fablico de Contas do Estado do Paran\u00e1","description":"","publisher":{"@id":"https:\/\/www.mpc.pr.gov.br\/#organization"},"potentialAction":[{"@type":"SearchAction","target":{"@type":"EntryPoint","urlTemplate":"https:\/\/www.mpc.pr.gov.br\/?s={search_term_string}"},"query-input":{"@type":"PropertyValueSpecification","valueRequired":true,"valueName":"search_term_string"}}],"inLanguage":"pt-BR"},{"@type":"Organization","@id":"https:\/\/www.mpc.pr.gov.br\/#organization","name":"Minist\u00e9rio P\u00fablico de Contas do Estado do Paran\u00e1","url":"https:\/\/www.mpc.pr.gov.br\/","logo":{"@type":"ImageObject","inLanguage":"pt-BR","@id":"https:\/\/www.mpc.pr.gov.br\/#\/schema\/logo\/image\/","url":"https:\/\/www.mpc.pr.gov.br\/wp-content\/uploads\/2020\/06\/99423647_1593460364143890_6706793420720963584_n-1-e1591387983167.png","contentUrl":"https:\/\/www.mpc.pr.gov.br\/wp-content\/uploads\/2020\/06\/99423647_1593460364143890_6706793420720963584_n-1-e1591387983167.png","width":243,"height":73,"caption":"Minist\u00e9rio P\u00fablico de Contas do Estado do Paran\u00e1"},"image":{"@id":"https:\/\/www.mpc.pr.gov.br\/#\/schema\/logo\/image\/"},"sameAs":["https:\/\/www.facebook.com\/mpc.pr","https:\/\/www.instagram.com\/mpc.pr\/?hl=pt-br","https:\/\/www.youtube.com\/channel\/UCHri5oEM8DV0ztX57E0sBSw"]},{"@type":"Person","@id":"https:\/\/www.mpc.pr.gov.br\/#\/schema\/person\/d0c5cf9ebb4d8be833c419f3538cf751","name":"giovanna.faria","image":{"@type":"ImageObject","inLanguage":"pt-BR","@id":"https:\/\/secure.gravatar.com\/avatar\/?s=96&d=mm&r=g","url":"https:\/\/secure.gravatar.com\/avatar\/?s=96&d=mm&r=g","contentUrl":"https:\/\/secure.gravatar.com\/avatar\/?s=96&d=mm&r=g","caption":"giovanna.faria"}}]}},"rttpg_featured_image_url":{"full":["https:\/\/www.mpc.pr.gov.br\/wp-content\/uploads\/2020\/03\/Foto-Felipe-Lima-Gazeta-do-PovO-1.jpg",300,169,false],"landscape":["https:\/\/www.mpc.pr.gov.br\/wp-content\/uploads\/2020\/03\/Foto-Felipe-Lima-Gazeta-do-PovO-1.jpg",300,169,false],"portraits":["https:\/\/www.mpc.pr.gov.br\/wp-content\/uploads\/2020\/03\/Foto-Felipe-Lima-Gazeta-do-PovO-1.jpg",300,169,false],"thumbnail":["https:\/\/www.mpc.pr.gov.br\/wp-content\/uploads\/2020\/03\/Foto-Felipe-Lima-Gazeta-do-PovO-1-150x150.jpg",150,150,true],"medium":["https:\/\/www.mpc.pr.gov.br\/wp-content\/uploads\/2020\/03\/Foto-Felipe-Lima-Gazeta-do-PovO-1.jpg",300,169,false],"large":["https:\/\/www.mpc.pr.gov.br\/wp-content\/uploads\/2020\/03\/Foto-Felipe-Lima-Gazeta-do-PovO-1.jpg",300,169,false],"1536x1536":["https:\/\/www.mpc.pr.gov.br\/wp-content\/uploads\/2020\/03\/Foto-Felipe-Lima-Gazeta-do-PovO-1.jpg",300,169,false],"2048x2048":["https:\/\/www.mpc.pr.gov.br\/wp-content\/uploads\/2020\/03\/Foto-Felipe-Lima-Gazeta-do-PovO-1.jpg",300,169,false],"ocean-thumb-m":["https:\/\/www.mpc.pr.gov.br\/wp-content\/uploads\/2020\/03\/Foto-Felipe-Lima-Gazeta-do-PovO-1.jpg",300,169,false],"ocean-thumb-ml":["https:\/\/www.mpc.pr.gov.br\/wp-content\/uploads\/2020\/03\/Foto-Felipe-Lima-Gazeta-do-PovO-1.jpg",300,169,false],"ocean-thumb-l":["https:\/\/www.mpc.pr.gov.br\/wp-content\/uploads\/2020\/03\/Foto-Felipe-Lima-Gazeta-do-PovO-1.jpg",300,169,false]},"rttpg_author":{"display_name":"giovanna.faria","author_link":"https:\/\/www.mpc.pr.gov.br\/index.php\/author\/giovanna-faria\/"},"rttpg_comment":0,"rttpg_category":"<a href=\"https:\/\/www.mpc.pr.gov.br\/index.php\/category\/todas-as-noticias\/\" rel=\"category tag\">Todas as not\u00edcias<\/a> <a href=\"https:\/\/www.mpc.pr.gov.br\/index.php\/category\/ultimas-noticias\/\" rel=\"category tag\">\u00daltimas not\u00edcias<\/a>","rttpg_excerpt":"*Artigo publicado da edi\u00e7\u00e3o impressa da revista Gazeta do Povo Semanal de 8 de mar\u00e7o de 2020. O contexto atual \u00e9 fruto de um jogo de interesses decorrente de olhos grandes que tomaram dimens\u00e3o desproporcional no Brasil durante as discuss\u00f5es que antecederam a promulga\u00e7\u00e3o da Constitui\u00e7\u00e3o Federal de 1988, olhos grandes estes voltados para milhares&hellip;","_links":{"self":[{"href":"https:\/\/www.mpc.pr.gov.br\/index.php\/wp-json\/wp\/v2\/posts\/8769","targetHints":{"allow":["GET"]}}],"collection":[{"href":"https:\/\/www.mpc.pr.gov.br\/index.php\/wp-json\/wp\/v2\/posts"}],"about":[{"href":"https:\/\/www.mpc.pr.gov.br\/index.php\/wp-json\/wp\/v2\/types\/post"}],"author":[{"embeddable":true,"href":"https:\/\/www.mpc.pr.gov.br\/index.php\/wp-json\/wp\/v2\/users\/5"}],"replies":[{"embeddable":true,"href":"https:\/\/www.mpc.pr.gov.br\/index.php\/wp-json\/wp\/v2\/comments?post=8769"}],"version-history":[{"count":1,"href":"https:\/\/www.mpc.pr.gov.br\/index.php\/wp-json\/wp\/v2\/posts\/8769\/revisions"}],"predecessor-version":[{"id":9293,"href":"https:\/\/www.mpc.pr.gov.br\/index.php\/wp-json\/wp\/v2\/posts\/8769\/revisions\/9293"}],"wp:featuredmedia":[{"embeddable":true,"href":"https:\/\/www.mpc.pr.gov.br\/index.php\/wp-json\/wp\/v2\/media\/9292"}],"wp:attachment":[{"href":"https:\/\/www.mpc.pr.gov.br\/index.php\/wp-json\/wp\/v2\/media?parent=8769"}],"wp:term":[{"taxonomy":"category","embeddable":true,"href":"https:\/\/www.mpc.pr.gov.br\/index.php\/wp-json\/wp\/v2\/categories?post=8769"},{"taxonomy":"post_tag","embeddable":true,"href":"https:\/\/www.mpc.pr.gov.br\/index.php\/wp-json\/wp\/v2\/tags?post=8769"}],"curies":[{"name":"wp","href":"https:\/\/api.w.org\/{rel}","templated":true}]}}