{"id":8803,"date":"2020-03-16T11:14:50","date_gmt":"2020-03-16T14:14:50","guid":{"rendered":"http:\/\/www.mpc.pr.gov.br\/?p=8803"},"modified":"2020-11-24T08:19:21","modified_gmt":"2020-11-24T11:19:21","slug":"conselho-de-controle-das-empresas-estaduais-solicita-que-dirigentes-atendam-as-recomendacoes-do-mp-de-contas","status":"publish","type":"post","link":"https:\/\/www.mpc.pr.gov.br\/index.php\/conselho-de-controle-das-empresas-estaduais-solicita-que-dirigentes-atendam-as-recomendacoes-do-mp-de-contas\/","title":{"rendered":"Conselho de Controle das Empresas Estaduais solicita que dirigentes atendam as recomenda\u00e7\u00f5es do MP de Contas"},"content":{"rendered":"<p><a href=\"http:\/\/www.mpc.pr.gov.br\/mp-de-contas-recomenda-que-camara-municipal-de-reserva-realize-melhorias-em-seu-portal-da-transparencia\/attachment\/00301335\/\" rel=\"attachment wp-att-7808\"><img fetchpriority=\"high\" decoding=\"async\" class=\"alignleft wp-image-7808 size-medium\" src=\"http:\/\/www.mpc.pr.gov.br\/wp-content\/uploads\/2019\/10\/00301335-300x195.jpg\" alt=\"\" width=\"300\" height=\"195\" \/><\/a>O Conselho de Controle das Empresas Estaduais (CCEE) encaminhou of\u00edcio para todas as empresas estaduais do Paran\u00e1, a fim de refor\u00e7ar as solicita\u00e7\u00f5es feitas pelo MP de Contas do Paran\u00e1 (MPC-PR), por meio da <a href=\"http:\/\/www.mpc.pr.gov.br\/wp-content\/uploads\/2019\/12\/Recomenda%C3%A7%C3%A3o-administrativa-n%C2%BA-203-2019.pdf\">Recomenda\u00e7\u00e3o Administrativa n\u00b0 203\/2019<\/a>. No documento, o \u00f3rg\u00e3o ministerial requereu que fossem disponibilizados nos portais da transpar\u00eancia os formul\u00e1rios cadastrais e informa\u00e7\u00f5es sobre os atuais administradores e conselheiros fiscais.<\/p>\n<p>Al\u00e9m disso, o CCEE tamb\u00e9m solicitou a devida regulariza\u00e7\u00e3o e esclarecimentos quanto as impropriedades identificadas pelo MPC-PR, ap\u00f3s uma verifica\u00e7\u00e3o do cumprimento das normas de governan\u00e7a aplic\u00e1veis \u00e0 nomea\u00e7\u00e3o de administradores (diretores e membros do conselho de administra\u00e7\u00e3o) e conselheiros fiscais das estatais, e o atendimento ao princ\u00edpio da publicidade quanto \u00e0 demonstra\u00e7\u00e3o do preenchimento dos requisitos normativos.<\/p>\n<p>Ao todo forma investigadas 11 empresas, entre elas a APPA, FOMENTO PARAN\u00c1, CEASA, CODAPAR, COHAPAR, SANEPAR, CELEPAR, COMPAG\u00c1S, COPEL, FERROESTE e TECPAR, em raz\u00e3o da relev\u00e2ncia da participa\u00e7\u00e3o acion\u00e1rio do Estado.\u00a0 Para tanto, foram verificadas as informa\u00e7\u00f5es disponibilizadas nos respectivos portais da transpar\u00eancia, em bancos de dados p\u00fablicos e, tamb\u00e9m, mediante of\u00edcio e requisi\u00e7\u00f5es \u00e0s pr\u00f3prias empresas e ao CCEE.<\/p>\n<p><strong>Irregularidades<\/strong><\/p>\n<p>Entre as irregularidades identificadas, o MP de Contas apontou que a CEASA, COPEL e FERROESTE n\u00e3o responderam \u00e0 solicita\u00e7\u00e3o ministerial, o que inviabilizou a investiga\u00e7\u00e3o. J\u00e1 APPA n\u00e3o possui previs\u00e3o estatu\u00e1ria do comit\u00ea de indica\u00e7\u00e3o e avalia\u00e7\u00e3o, e um de seus administradores apresenta situa\u00e7\u00e3o de incompatibilidade.<\/p>\n<p>Identificou-se tamb\u00e9m a aus\u00eancia de informa\u00e7\u00f5es no portal da transpar\u00eancia na CODAPAR e FERROESTE, as quais n\u00e3o divulgam os nomes dos membros da Diretoria e do Conselho de Administra\u00e7\u00e3o e na CELEPAR, COMPAG\u00c1S, COPEL e TECPAR, que n\u00e3o publicam as atas de reuni\u00f5es do comit\u00ea estatut\u00e1rio de indica\u00e7\u00e3o e avalia\u00e7\u00e3o.<\/p>\n<p>Outro ponto verificado pelo MPC-PR, foram os formul\u00e1rios cadastrais anexos \u00e0 Delibera\u00e7\u00e3o Normativa CCEE n\u00b0 002\/2017. Nesse sentido, verificou-se que na CODAPAR, COHAPAR e SANEPAR houve aparente manipula\u00e7\u00e3o dos quesitos constantes nos formul\u00e1rios, haja vista a car\u00eancia de todos os campos previstos no regulamento. J\u00e1 na APPA, CELEPAR, CODAPAR, SANEPAR e TECPAR h\u00e1 falhas no preenchimento dos formul\u00e1rios, sendo que a TECPAR nem mesmo encaminhou os documentos de todos os administradores indicados no site da entidade.<\/p>\n<p><strong>Atendimento da Recomenda\u00e7\u00e3o Ministerial<\/strong><\/p>\n<p>Em resposta a Recomenda\u00e7\u00e3o n\u00b0 203\/2019, as empresas SANEPAR, CODAPAR, a Ag\u00eancia de Fomento do Paran\u00e1, CEASA-PR, COMPAGAS e TECPAR informaram que acolheram integralmente as solicita\u00e7\u00f5es proferidas pelo MP de Contas.<\/p>\n","protected":false},"excerpt":{"rendered":"<p>O Conselho de Controle das Empresas Estaduais (CCEE) encaminhou of\u00edcio para todas as empresas estaduais do Paran\u00e1, a fim de refor\u00e7ar as solicita\u00e7\u00f5es feitas pelo MP de Contas do Paran\u00e1 (MPC-PR), por meio da Recomenda\u00e7\u00e3o Administrativa n\u00b0 203\/2019. No documento, o \u00f3rg\u00e3o ministerial requereu que fossem disponibilizados nos portais da transpar\u00eancia os formul\u00e1rios cadastrais e [&hellip;]<\/p>\n","protected":false},"author":5,"featured_media":9212,"comment_status":"open","ping_status":"open","sticky":false,"template":"","format":"standard","meta":{"_monsterinsights_skip_tracking":false,"_monsterinsights_sitenote_active":false,"_monsterinsights_sitenote_note":"","_monsterinsights_sitenote_category":0,"footnotes":""},"categories":[7,14],"tags":[162],"class_list":["post-8803","post","type-post","status-publish","format-standard","has-post-thumbnail","hentry","category-todas-as-noticias","category-ultimas-noticias","tag-empresas-estatais","entry","has-media"],"yoast_head":"<!-- This site is optimized with the Yoast SEO plugin v27.3 - https:\/\/yoast.com\/product\/yoast-seo-wordpress\/ -->\n<title>Conselho de Controle das Empresas Estaduais solicita que dirigentes atendam as recomenda\u00e7\u00f5es do MP de Contas - Minist\u00e9rio P\u00fablico de Contas do Estado do Paran\u00e1<\/title>\n<meta name=\"robots\" content=\"index, follow, max-snippet:-1, max-image-preview:large, max-video-preview:-1\" \/>\n<link rel=\"canonical\" href=\"https:\/\/www.mpc.pr.gov.br\/index.php\/conselho-de-controle-das-empresas-estaduais-solicita-que-dirigentes-atendam-as-recomendacoes-do-mp-de-contas\/\" \/>\n<meta property=\"og:locale\" content=\"pt_BR\" \/>\n<meta property=\"og:type\" content=\"article\" \/>\n<meta property=\"og:title\" content=\"Conselho de Controle das Empresas Estaduais solicita que dirigentes atendam as recomenda\u00e7\u00f5es do MP de Contas - Minist\u00e9rio P\u00fablico de Contas do Estado do Paran\u00e1\" \/>\n<meta property=\"og:description\" content=\"O Conselho de Controle das Empresas Estaduais (CCEE) encaminhou of\u00edcio para todas as empresas estaduais do Paran\u00e1, a fim de refor\u00e7ar as solicita\u00e7\u00f5es feitas pelo MP de Contas do Paran\u00e1 (MPC-PR), por meio da Recomenda\u00e7\u00e3o Administrativa n\u00b0 203\/2019. No documento, o \u00f3rg\u00e3o ministerial requereu que fossem disponibilizados nos portais da transpar\u00eancia os formul\u00e1rios cadastrais e [&hellip;]\" \/>\n<meta property=\"og:url\" content=\"https:\/\/www.mpc.pr.gov.br\/index.php\/conselho-de-controle-das-empresas-estaduais-solicita-que-dirigentes-atendam-as-recomendacoes-do-mp-de-contas\/\" \/>\n<meta property=\"og:site_name\" content=\"Minist\u00e9rio P\u00fablico de Contas do Estado do Paran\u00e1\" \/>\n<meta property=\"article:publisher\" content=\"https:\/\/www.facebook.com\/mpc.pr\" \/>\n<meta property=\"article:published_time\" content=\"2020-03-16T14:14:50+00:00\" \/>\n<meta property=\"article:modified_time\" content=\"2020-11-24T11:19:21+00:00\" \/>\n<meta property=\"og:image\" content=\"https:\/\/www.mpc.pr.gov.br\/wp-content\/uploads\/2020\/05\/Tranaspar\u00eancia-00.jpg\" \/>\n\t<meta property=\"og:image:width\" content=\"300\" \/>\n\t<meta property=\"og:image:height\" content=\"195\" \/>\n\t<meta property=\"og:image:type\" content=\"image\/jpeg\" \/>\n<meta name=\"author\" content=\"giovanna.faria\" \/>\n<meta name=\"twitter:card\" content=\"summary_large_image\" \/>\n<meta name=\"twitter:label1\" content=\"Escrito por\" \/>\n\t<meta name=\"twitter:data1\" content=\"giovanna.faria\" \/>\n\t<meta name=\"twitter:label2\" content=\"Est. tempo de leitura\" \/>\n\t<meta name=\"twitter:data2\" content=\"2 minutos\" \/>\n<script type=\"application\/ld+json\" class=\"yoast-schema-graph\">{\"@context\":\"https:\\\/\\\/schema.org\",\"@graph\":[{\"@type\":\"Article\",\"@id\":\"https:\\\/\\\/www.mpc.pr.gov.br\\\/index.php\\\/conselho-de-controle-das-empresas-estaduais-solicita-que-dirigentes-atendam-as-recomendacoes-do-mp-de-contas\\\/#article\",\"isPartOf\":{\"@id\":\"https:\\\/\\\/www.mpc.pr.gov.br\\\/index.php\\\/conselho-de-controle-das-empresas-estaduais-solicita-que-dirigentes-atendam-as-recomendacoes-do-mp-de-contas\\\/\"},\"author\":{\"name\":\"giovanna.faria\",\"@id\":\"https:\\\/\\\/www.mpc.pr.gov.br\\\/#\\\/schema\\\/person\\\/d0c5cf9ebb4d8be833c419f3538cf751\"},\"headline\":\"Conselho de Controle das Empresas Estaduais solicita que dirigentes atendam as recomenda\u00e7\u00f5es do MP de Contas\",\"datePublished\":\"2020-03-16T14:14:50+00:00\",\"dateModified\":\"2020-11-24T11:19:21+00:00\",\"mainEntityOfPage\":{\"@id\":\"https:\\\/\\\/www.mpc.pr.gov.br\\\/index.php\\\/conselho-de-controle-das-empresas-estaduais-solicita-que-dirigentes-atendam-as-recomendacoes-do-mp-de-contas\\\/\"},\"wordCount\":460,\"commentCount\":0,\"publisher\":{\"@id\":\"https:\\\/\\\/www.mpc.pr.gov.br\\\/#organization\"},\"image\":{\"@id\":\"https:\\\/\\\/www.mpc.pr.gov.br\\\/index.php\\\/conselho-de-controle-das-empresas-estaduais-solicita-que-dirigentes-atendam-as-recomendacoes-do-mp-de-contas\\\/#primaryimage\"},\"thumbnailUrl\":\"https:\\\/\\\/www.mpc.pr.gov.br\\\/wp-content\\\/uploads\\\/2020\\\/05\\\/Tranaspar\u00eancia-00.jpg\",\"keywords\":[\"Empresas Estatais\"],\"articleSection\":[\"Todas as not\u00edcias\",\"\u00daltimas not\u00edcias\"],\"inLanguage\":\"pt-BR\",\"potentialAction\":[{\"@type\":\"CommentAction\",\"name\":\"Comment\",\"target\":[\"https:\\\/\\\/www.mpc.pr.gov.br\\\/index.php\\\/conselho-de-controle-das-empresas-estaduais-solicita-que-dirigentes-atendam-as-recomendacoes-do-mp-de-contas\\\/#respond\"]}]},{\"@type\":\"WebPage\",\"@id\":\"https:\\\/\\\/www.mpc.pr.gov.br\\\/index.php\\\/conselho-de-controle-das-empresas-estaduais-solicita-que-dirigentes-atendam-as-recomendacoes-do-mp-de-contas\\\/\",\"url\":\"https:\\\/\\\/www.mpc.pr.gov.br\\\/index.php\\\/conselho-de-controle-das-empresas-estaduais-solicita-que-dirigentes-atendam-as-recomendacoes-do-mp-de-contas\\\/\",\"name\":\"Conselho de Controle das Empresas Estaduais solicita que dirigentes atendam as recomenda\u00e7\u00f5es do MP de Contas - Minist\u00e9rio P\u00fablico de Contas do Estado do Paran\u00e1\",\"isPartOf\":{\"@id\":\"https:\\\/\\\/www.mpc.pr.gov.br\\\/#website\"},\"primaryImageOfPage\":{\"@id\":\"https:\\\/\\\/www.mpc.pr.gov.br\\\/index.php\\\/conselho-de-controle-das-empresas-estaduais-solicita-que-dirigentes-atendam-as-recomendacoes-do-mp-de-contas\\\/#primaryimage\"},\"image\":{\"@id\":\"https:\\\/\\\/www.mpc.pr.gov.br\\\/index.php\\\/conselho-de-controle-das-empresas-estaduais-solicita-que-dirigentes-atendam-as-recomendacoes-do-mp-de-contas\\\/#primaryimage\"},\"thumbnailUrl\":\"https:\\\/\\\/www.mpc.pr.gov.br\\\/wp-content\\\/uploads\\\/2020\\\/05\\\/Tranaspar\u00eancia-00.jpg\",\"datePublished\":\"2020-03-16T14:14:50+00:00\",\"dateModified\":\"2020-11-24T11:19:21+00:00\",\"breadcrumb\":{\"@id\":\"https:\\\/\\\/www.mpc.pr.gov.br\\\/index.php\\\/conselho-de-controle-das-empresas-estaduais-solicita-que-dirigentes-atendam-as-recomendacoes-do-mp-de-contas\\\/#breadcrumb\"},\"inLanguage\":\"pt-BR\",\"potentialAction\":[{\"@type\":\"ReadAction\",\"target\":[\"https:\\\/\\\/www.mpc.pr.gov.br\\\/index.php\\\/conselho-de-controle-das-empresas-estaduais-solicita-que-dirigentes-atendam-as-recomendacoes-do-mp-de-contas\\\/\"]}]},{\"@type\":\"ImageObject\",\"inLanguage\":\"pt-BR\",\"@id\":\"https:\\\/\\\/www.mpc.pr.gov.br\\\/index.php\\\/conselho-de-controle-das-empresas-estaduais-solicita-que-dirigentes-atendam-as-recomendacoes-do-mp-de-contas\\\/#primaryimage\",\"url\":\"https:\\\/\\\/www.mpc.pr.gov.br\\\/wp-content\\\/uploads\\\/2020\\\/05\\\/Tranaspar\u00eancia-00.jpg\",\"contentUrl\":\"https:\\\/\\\/www.mpc.pr.gov.br\\\/wp-content\\\/uploads\\\/2020\\\/05\\\/Tranaspar\u00eancia-00.jpg\",\"width\":300,\"height\":195},{\"@type\":\"BreadcrumbList\",\"@id\":\"https:\\\/\\\/www.mpc.pr.gov.br\\\/index.php\\\/conselho-de-controle-das-empresas-estaduais-solicita-que-dirigentes-atendam-as-recomendacoes-do-mp-de-contas\\\/#breadcrumb\",\"itemListElement\":[{\"@type\":\"ListItem\",\"position\":1,\"name\":\"In\u00edcio\",\"item\":\"https:\\\/\\\/www.mpc.pr.gov.br\\\/\"},{\"@type\":\"ListItem\",\"position\":2,\"name\":\"Conselho de Controle das Empresas Estaduais solicita que dirigentes atendam as recomenda\u00e7\u00f5es do MP de Contas\"}]},{\"@type\":\"WebSite\",\"@id\":\"https:\\\/\\\/www.mpc.pr.gov.br\\\/#website\",\"url\":\"https:\\\/\\\/www.mpc.pr.gov.br\\\/\",\"name\":\"Minist\u00e9rio P\u00fablico de Contas do Estado do Paran\u00e1\",\"description\":\"\",\"publisher\":{\"@id\":\"https:\\\/\\\/www.mpc.pr.gov.br\\\/#organization\"},\"potentialAction\":[{\"@type\":\"SearchAction\",\"target\":{\"@type\":\"EntryPoint\",\"urlTemplate\":\"https:\\\/\\\/www.mpc.pr.gov.br\\\/?s={search_term_string}\"},\"query-input\":{\"@type\":\"PropertyValueSpecification\",\"valueRequired\":true,\"valueName\":\"search_term_string\"}}],\"inLanguage\":\"pt-BR\"},{\"@type\":\"Organization\",\"@id\":\"https:\\\/\\\/www.mpc.pr.gov.br\\\/#organization\",\"name\":\"Minist\u00e9rio P\u00fablico de Contas do Estado do Paran\u00e1\",\"url\":\"https:\\\/\\\/www.mpc.pr.gov.br\\\/\",\"logo\":{\"@type\":\"ImageObject\",\"inLanguage\":\"pt-BR\",\"@id\":\"https:\\\/\\\/www.mpc.pr.gov.br\\\/#\\\/schema\\\/logo\\\/image\\\/\",\"url\":\"https:\\\/\\\/www.mpc.pr.gov.br\\\/wp-content\\\/uploads\\\/2020\\\/06\\\/99423647_1593460364143890_6706793420720963584_n-1-e1591387983167.png\",\"contentUrl\":\"https:\\\/\\\/www.mpc.pr.gov.br\\\/wp-content\\\/uploads\\\/2020\\\/06\\\/99423647_1593460364143890_6706793420720963584_n-1-e1591387983167.png\",\"width\":243,\"height\":73,\"caption\":\"Minist\u00e9rio P\u00fablico de Contas do Estado do Paran\u00e1\"},\"image\":{\"@id\":\"https:\\\/\\\/www.mpc.pr.gov.br\\\/#\\\/schema\\\/logo\\\/image\\\/\"},\"sameAs\":[\"https:\\\/\\\/www.facebook.com\\\/mpc.pr\",\"https:\\\/\\\/www.instagram.com\\\/mpc.pr\\\/?hl=pt-br\",\"https:\\\/\\\/www.youtube.com\\\/channel\\\/UCHri5oEM8DV0ztX57E0sBSw\"]},{\"@type\":\"Person\",\"@id\":\"https:\\\/\\\/www.mpc.pr.gov.br\\\/#\\\/schema\\\/person\\\/d0c5cf9ebb4d8be833c419f3538cf751\",\"name\":\"giovanna.faria\",\"image\":{\"@type\":\"ImageObject\",\"inLanguage\":\"pt-BR\",\"@id\":\"https:\\\/\\\/secure.gravatar.com\\\/avatar\\\/?s=96&d=mm&r=g\",\"url\":\"https:\\\/\\\/secure.gravatar.com\\\/avatar\\\/?s=96&d=mm&r=g\",\"contentUrl\":\"https:\\\/\\\/secure.gravatar.com\\\/avatar\\\/?s=96&d=mm&r=g\",\"caption\":\"giovanna.faria\"}}]}<\/script>\n<!-- \/ Yoast SEO plugin. -->","yoast_head_json":{"title":"Conselho de Controle das Empresas Estaduais solicita que dirigentes atendam as recomenda\u00e7\u00f5es do MP de Contas - Minist\u00e9rio P\u00fablico de Contas do Estado do Paran\u00e1","robots":{"index":"index","follow":"follow","max-snippet":"max-snippet:-1","max-image-preview":"max-image-preview:large","max-video-preview":"max-video-preview:-1"},"canonical":"https:\/\/www.mpc.pr.gov.br\/index.php\/conselho-de-controle-das-empresas-estaduais-solicita-que-dirigentes-atendam-as-recomendacoes-do-mp-de-contas\/","og_locale":"pt_BR","og_type":"article","og_title":"Conselho de Controle das Empresas Estaduais solicita que dirigentes atendam as recomenda\u00e7\u00f5es do MP de Contas - Minist\u00e9rio P\u00fablico de Contas do Estado do Paran\u00e1","og_description":"O Conselho de Controle das Empresas Estaduais (CCEE) encaminhou of\u00edcio para todas as empresas estaduais do Paran\u00e1, a fim de refor\u00e7ar as solicita\u00e7\u00f5es feitas pelo MP de Contas do Paran\u00e1 (MPC-PR), por meio da Recomenda\u00e7\u00e3o Administrativa n\u00b0 203\/2019. No documento, o \u00f3rg\u00e3o ministerial requereu que fossem disponibilizados nos portais da transpar\u00eancia os formul\u00e1rios cadastrais e [&hellip;]","og_url":"https:\/\/www.mpc.pr.gov.br\/index.php\/conselho-de-controle-das-empresas-estaduais-solicita-que-dirigentes-atendam-as-recomendacoes-do-mp-de-contas\/","og_site_name":"Minist\u00e9rio P\u00fablico de Contas do Estado do Paran\u00e1","article_publisher":"https:\/\/www.facebook.com\/mpc.pr","article_published_time":"2020-03-16T14:14:50+00:00","article_modified_time":"2020-11-24T11:19:21+00:00","og_image":[{"width":300,"height":195,"url":"https:\/\/www.mpc.pr.gov.br\/wp-content\/uploads\/2020\/05\/Tranaspar\u00eancia-00.jpg","type":"image\/jpeg"}],"author":"giovanna.faria","twitter_card":"summary_large_image","twitter_misc":{"Escrito por":"giovanna.faria","Est. tempo de leitura":"2 minutos"},"schema":{"@context":"https:\/\/schema.org","@graph":[{"@type":"Article","@id":"https:\/\/www.mpc.pr.gov.br\/index.php\/conselho-de-controle-das-empresas-estaduais-solicita-que-dirigentes-atendam-as-recomendacoes-do-mp-de-contas\/#article","isPartOf":{"@id":"https:\/\/www.mpc.pr.gov.br\/index.php\/conselho-de-controle-das-empresas-estaduais-solicita-que-dirigentes-atendam-as-recomendacoes-do-mp-de-contas\/"},"author":{"name":"giovanna.faria","@id":"https:\/\/www.mpc.pr.gov.br\/#\/schema\/person\/d0c5cf9ebb4d8be833c419f3538cf751"},"headline":"Conselho de Controle das Empresas Estaduais solicita que dirigentes atendam as recomenda\u00e7\u00f5es do MP de Contas","datePublished":"2020-03-16T14:14:50+00:00","dateModified":"2020-11-24T11:19:21+00:00","mainEntityOfPage":{"@id":"https:\/\/www.mpc.pr.gov.br\/index.php\/conselho-de-controle-das-empresas-estaduais-solicita-que-dirigentes-atendam-as-recomendacoes-do-mp-de-contas\/"},"wordCount":460,"commentCount":0,"publisher":{"@id":"https:\/\/www.mpc.pr.gov.br\/#organization"},"image":{"@id":"https:\/\/www.mpc.pr.gov.br\/index.php\/conselho-de-controle-das-empresas-estaduais-solicita-que-dirigentes-atendam-as-recomendacoes-do-mp-de-contas\/#primaryimage"},"thumbnailUrl":"https:\/\/www.mpc.pr.gov.br\/wp-content\/uploads\/2020\/05\/Tranaspar\u00eancia-00.jpg","keywords":["Empresas Estatais"],"articleSection":["Todas as not\u00edcias","\u00daltimas not\u00edcias"],"inLanguage":"pt-BR","potentialAction":[{"@type":"CommentAction","name":"Comment","target":["https:\/\/www.mpc.pr.gov.br\/index.php\/conselho-de-controle-das-empresas-estaduais-solicita-que-dirigentes-atendam-as-recomendacoes-do-mp-de-contas\/#respond"]}]},{"@type":"WebPage","@id":"https:\/\/www.mpc.pr.gov.br\/index.php\/conselho-de-controle-das-empresas-estaduais-solicita-que-dirigentes-atendam-as-recomendacoes-do-mp-de-contas\/","url":"https:\/\/www.mpc.pr.gov.br\/index.php\/conselho-de-controle-das-empresas-estaduais-solicita-que-dirigentes-atendam-as-recomendacoes-do-mp-de-contas\/","name":"Conselho de Controle das Empresas Estaduais solicita que dirigentes atendam as recomenda\u00e7\u00f5es do MP de Contas - Minist\u00e9rio P\u00fablico de Contas do Estado do Paran\u00e1","isPartOf":{"@id":"https:\/\/www.mpc.pr.gov.br\/#website"},"primaryImageOfPage":{"@id":"https:\/\/www.mpc.pr.gov.br\/index.php\/conselho-de-controle-das-empresas-estaduais-solicita-que-dirigentes-atendam-as-recomendacoes-do-mp-de-contas\/#primaryimage"},"image":{"@id":"https:\/\/www.mpc.pr.gov.br\/index.php\/conselho-de-controle-das-empresas-estaduais-solicita-que-dirigentes-atendam-as-recomendacoes-do-mp-de-contas\/#primaryimage"},"thumbnailUrl":"https:\/\/www.mpc.pr.gov.br\/wp-content\/uploads\/2020\/05\/Tranaspar\u00eancia-00.jpg","datePublished":"2020-03-16T14:14:50+00:00","dateModified":"2020-11-24T11:19:21+00:00","breadcrumb":{"@id":"https:\/\/www.mpc.pr.gov.br\/index.php\/conselho-de-controle-das-empresas-estaduais-solicita-que-dirigentes-atendam-as-recomendacoes-do-mp-de-contas\/#breadcrumb"},"inLanguage":"pt-BR","potentialAction":[{"@type":"ReadAction","target":["https:\/\/www.mpc.pr.gov.br\/index.php\/conselho-de-controle-das-empresas-estaduais-solicita-que-dirigentes-atendam-as-recomendacoes-do-mp-de-contas\/"]}]},{"@type":"ImageObject","inLanguage":"pt-BR","@id":"https:\/\/www.mpc.pr.gov.br\/index.php\/conselho-de-controle-das-empresas-estaduais-solicita-que-dirigentes-atendam-as-recomendacoes-do-mp-de-contas\/#primaryimage","url":"https:\/\/www.mpc.pr.gov.br\/wp-content\/uploads\/2020\/05\/Tranaspar\u00eancia-00.jpg","contentUrl":"https:\/\/www.mpc.pr.gov.br\/wp-content\/uploads\/2020\/05\/Tranaspar\u00eancia-00.jpg","width":300,"height":195},{"@type":"BreadcrumbList","@id":"https:\/\/www.mpc.pr.gov.br\/index.php\/conselho-de-controle-das-empresas-estaduais-solicita-que-dirigentes-atendam-as-recomendacoes-do-mp-de-contas\/#breadcrumb","itemListElement":[{"@type":"ListItem","position":1,"name":"In\u00edcio","item":"https:\/\/www.mpc.pr.gov.br\/"},{"@type":"ListItem","position":2,"name":"Conselho de Controle das Empresas Estaduais solicita que dirigentes atendam as recomenda\u00e7\u00f5es do MP de Contas"}]},{"@type":"WebSite","@id":"https:\/\/www.mpc.pr.gov.br\/#website","url":"https:\/\/www.mpc.pr.gov.br\/","name":"Minist\u00e9rio P\u00fablico de Contas do Estado do Paran\u00e1","description":"","publisher":{"@id":"https:\/\/www.mpc.pr.gov.br\/#organization"},"potentialAction":[{"@type":"SearchAction","target":{"@type":"EntryPoint","urlTemplate":"https:\/\/www.mpc.pr.gov.br\/?s={search_term_string}"},"query-input":{"@type":"PropertyValueSpecification","valueRequired":true,"valueName":"search_term_string"}}],"inLanguage":"pt-BR"},{"@type":"Organization","@id":"https:\/\/www.mpc.pr.gov.br\/#organization","name":"Minist\u00e9rio P\u00fablico de Contas do Estado do Paran\u00e1","url":"https:\/\/www.mpc.pr.gov.br\/","logo":{"@type":"ImageObject","inLanguage":"pt-BR","@id":"https:\/\/www.mpc.pr.gov.br\/#\/schema\/logo\/image\/","url":"https:\/\/www.mpc.pr.gov.br\/wp-content\/uploads\/2020\/06\/99423647_1593460364143890_6706793420720963584_n-1-e1591387983167.png","contentUrl":"https:\/\/www.mpc.pr.gov.br\/wp-content\/uploads\/2020\/06\/99423647_1593460364143890_6706793420720963584_n-1-e1591387983167.png","width":243,"height":73,"caption":"Minist\u00e9rio P\u00fablico de Contas do Estado do Paran\u00e1"},"image":{"@id":"https:\/\/www.mpc.pr.gov.br\/#\/schema\/logo\/image\/"},"sameAs":["https:\/\/www.facebook.com\/mpc.pr","https:\/\/www.instagram.com\/mpc.pr\/?hl=pt-br","https:\/\/www.youtube.com\/channel\/UCHri5oEM8DV0ztX57E0sBSw"]},{"@type":"Person","@id":"https:\/\/www.mpc.pr.gov.br\/#\/schema\/person\/d0c5cf9ebb4d8be833c419f3538cf751","name":"giovanna.faria","image":{"@type":"ImageObject","inLanguage":"pt-BR","@id":"https:\/\/secure.gravatar.com\/avatar\/?s=96&d=mm&r=g","url":"https:\/\/secure.gravatar.com\/avatar\/?s=96&d=mm&r=g","contentUrl":"https:\/\/secure.gravatar.com\/avatar\/?s=96&d=mm&r=g","caption":"giovanna.faria"}}]}},"rttpg_featured_image_url":{"full":["https:\/\/www.mpc.pr.gov.br\/wp-content\/uploads\/2020\/05\/Tranaspar\u00eancia-00.jpg",300,195,false],"landscape":["https:\/\/www.mpc.pr.gov.br\/wp-content\/uploads\/2020\/05\/Tranaspar\u00eancia-00.jpg",300,195,false],"portraits":["https:\/\/www.mpc.pr.gov.br\/wp-content\/uploads\/2020\/05\/Tranaspar\u00eancia-00.jpg",300,195,false],"thumbnail":["https:\/\/www.mpc.pr.gov.br\/wp-content\/uploads\/2020\/05\/Tranaspar\u00eancia-00-150x150.jpg",150,150,true],"medium":["https:\/\/www.mpc.pr.gov.br\/wp-content\/uploads\/2020\/05\/Tranaspar\u00eancia-00.jpg",300,195,false],"large":["https:\/\/www.mpc.pr.gov.br\/wp-content\/uploads\/2020\/05\/Tranaspar\u00eancia-00.jpg",300,195,false],"1536x1536":["https:\/\/www.mpc.pr.gov.br\/wp-content\/uploads\/2020\/05\/Tranaspar\u00eancia-00.jpg",300,195,false],"2048x2048":["https:\/\/www.mpc.pr.gov.br\/wp-content\/uploads\/2020\/05\/Tranaspar\u00eancia-00.jpg",300,195,false],"ocean-thumb-m":["https:\/\/www.mpc.pr.gov.br\/wp-content\/uploads\/2020\/05\/Tranaspar\u00eancia-00.jpg",300,195,false],"ocean-thumb-ml":["https:\/\/www.mpc.pr.gov.br\/wp-content\/uploads\/2020\/05\/Tranaspar\u00eancia-00.jpg",300,195,false],"ocean-thumb-l":["https:\/\/www.mpc.pr.gov.br\/wp-content\/uploads\/2020\/05\/Tranaspar\u00eancia-00.jpg",300,195,false]},"rttpg_author":{"display_name":"giovanna.faria","author_link":"https:\/\/www.mpc.pr.gov.br\/index.php\/author\/giovanna-faria\/"},"rttpg_comment":0,"rttpg_category":"<a href=\"https:\/\/www.mpc.pr.gov.br\/index.php\/category\/todas-as-noticias\/\" rel=\"category tag\">Todas as not\u00edcias<\/a> <a href=\"https:\/\/www.mpc.pr.gov.br\/index.php\/category\/ultimas-noticias\/\" rel=\"category tag\">\u00daltimas not\u00edcias<\/a>","rttpg_excerpt":"O Conselho de Controle das Empresas Estaduais (CCEE) encaminhou of\u00edcio para todas as empresas estaduais do Paran\u00e1, a fim de refor\u00e7ar as solicita\u00e7\u00f5es feitas pelo MP de Contas do Paran\u00e1 (MPC-PR), por meio da Recomenda\u00e7\u00e3o Administrativa n\u00b0 203\/2019. No documento, o \u00f3rg\u00e3o ministerial requereu que fossem disponibilizados nos portais da transpar\u00eancia os formul\u00e1rios cadastrais e&hellip;","_links":{"self":[{"href":"https:\/\/www.mpc.pr.gov.br\/index.php\/wp-json\/wp\/v2\/posts\/8803","targetHints":{"allow":["GET"]}}],"collection":[{"href":"https:\/\/www.mpc.pr.gov.br\/index.php\/wp-json\/wp\/v2\/posts"}],"about":[{"href":"https:\/\/www.mpc.pr.gov.br\/index.php\/wp-json\/wp\/v2\/types\/post"}],"author":[{"embeddable":true,"href":"https:\/\/www.mpc.pr.gov.br\/index.php\/wp-json\/wp\/v2\/users\/5"}],"replies":[{"embeddable":true,"href":"https:\/\/www.mpc.pr.gov.br\/index.php\/wp-json\/wp\/v2\/comments?post=8803"}],"version-history":[{"count":1,"href":"https:\/\/www.mpc.pr.gov.br\/index.php\/wp-json\/wp\/v2\/posts\/8803\/revisions"}],"predecessor-version":[{"id":9283,"href":"https:\/\/www.mpc.pr.gov.br\/index.php\/wp-json\/wp\/v2\/posts\/8803\/revisions\/9283"}],"wp:featuredmedia":[{"embeddable":true,"href":"https:\/\/www.mpc.pr.gov.br\/index.php\/wp-json\/wp\/v2\/media\/9212"}],"wp:attachment":[{"href":"https:\/\/www.mpc.pr.gov.br\/index.php\/wp-json\/wp\/v2\/media?parent=8803"}],"wp:term":[{"taxonomy":"category","embeddable":true,"href":"https:\/\/www.mpc.pr.gov.br\/index.php\/wp-json\/wp\/v2\/categories?post=8803"},{"taxonomy":"post_tag","embeddable":true,"href":"https:\/\/www.mpc.pr.gov.br\/index.php\/wp-json\/wp\/v2\/tags?post=8803"}],"curies":[{"name":"wp","href":"https:\/\/api.w.org\/{rel}","templated":true}]}}