{"id":8836,"date":"2020-03-27T14:30:26","date_gmt":"2020-03-27T17:30:26","guid":{"rendered":"http:\/\/www.mpc.pr.gov.br\/?p=8836"},"modified":"2020-07-10T12:07:46","modified_gmt":"2020-07-10T15:07:46","slug":"santa-cecilia-deve-comprovar-qualificacao-de-responsavel-pelo-controle-interno","status":"publish","type":"post","link":"https:\/\/www.mpc.pr.gov.br\/index.php\/santa-cecilia-deve-comprovar-qualificacao-de-responsavel-pelo-controle-interno\/","title":{"rendered":"Santa Cec\u00edlia deve comprovar qualifica\u00e7\u00e3o de respons\u00e1vel pelo controle interno"},"content":{"rendered":"<figure id=\"attachment_8837\" aria-describedby=\"caption-attachment-8837\" style=\"width: 300px\" class=\"wp-caption alignleft\"><a href=\"http:\/\/www.mpc.pr.gov.br\/santa-cecilia-deve-comprovar-qualificacao-de-responsavel-pelo-controle-interno\/investigar-tce\/\" rel=\"attachment wp-att-8837\"><img fetchpriority=\"high\" decoding=\"async\" class=\"wp-image-8837 size-medium\" src=\"http:\/\/www.mpc.pr.gov.br\/wp-content\/uploads\/2020\/03\/investigar-tce-300x238.jpg\" alt=\"\" width=\"300\" height=\"238\" \/><\/a><figcaption id=\"caption-attachment-8837\" class=\"wp-caption-text\">Sistema de controle interno \u00e9 obrigat\u00f3rio por lei em todos os \u00f3rg\u00e3os p\u00fablicos. Foto\u00c7 N\u00facleo de Imagem da Diretoria de Comunica\u00e7\u00e3o Social\/Divulga\u00e7\u00e3o TCE-PR.<\/figcaption><\/figure>\n<p>O Tribunal de Contas do Estado do Paran\u00e1 (TCE-PR) determinou que o atual prefeito de Santa Cec\u00edlia do Pav\u00e3o, Edimar Aparecido Pereira dos Santos (gest\u00e3o 2017-2020), comprove que a ocupante do cargo de controladora interna, Silvia Fernanda Nunes, possui qualifica\u00e7\u00e3o para a fun\u00e7\u00e3o &#8211; ela exerce o cargo efetivo de recepcionista no quadro de pessoal do munic\u00edpio. A decis\u00e3o, que determinou o prazo de 90 dias para comprovar a capacita\u00e7\u00e3o da servidora para o controle interno, foi baseada em parecer do Minist\u00e9rio P\u00fablico de Contas (MPC-PR), emitido no processo de Presta\u00e7\u00e3o de Contas Anual (PCA) de 2015 desse munic\u00edpio do Norte Pioneiro do Paran\u00e1.<\/p>\n<p>Os conselheiros que integram a Segunda C\u00e2mara do TCE-PR votaram pela emiss\u00e3o do Parecer Pr\u00e9vio de desaprova\u00e7\u00e3o das contas daquele ano do Munic\u00edpio de Santa Cec\u00edlia do Pav\u00e3o, sob responsabilidade do ex-prefeito Jos\u00e9 S\u00e9rgio Juventino (gest\u00e3o 2013-2016). O motivo foi a falta de aplica\u00e7\u00e3o de no m\u00ednimo 60% dos recursos do Fundo de Manuten\u00e7\u00e3o e Desenvolvimento da Educa\u00e7\u00e3o B\u00e1sica (Fundeb) na remunera\u00e7\u00e3o do magist\u00e9rio. A aplica\u00e7\u00e3o dos recursos deveria ser de R$ 941.540,03, mas foi comprovada a destina\u00e7\u00e3o de apenas R$ 796.280,15 (valor referente a 50,74% dos recursos), restando o repasse de R$ 145.259,88.<\/p>\n<p>Al\u00e9m da irregularidade, foi ressalvado, com a aplica\u00e7\u00e3o de multa, o atraso no envio de dados ao Sistema de Informa\u00e7\u00f5es Municipais &#8211; Acompanhamento Mensal (SIM-AM) do Tribunal. A Coordenadoria de Gest\u00e3o Municipal (CGM) do Tribunal e o MPC-PR se manifestaram pela desaprova\u00e7\u00e3o das contas do munic\u00edpio, com ressalva e aplica\u00e7\u00e3o de multas, bem como a determina\u00e7\u00e3o ao atual gestor, a fim de comprovar qualifica\u00e7\u00e3o para a fun\u00e7\u00e3o de controlador interno municipal. O prazo para o cumprimento da determina\u00e7\u00e3o passar\u00e1 a contar a partir do tr\u00e2nsito em julgado da decis\u00e3o.<\/p>\n<p>O relator do processo, conselheiro Artag\u00e3o de Mattos Le\u00e3o, concordou com a instru\u00e7\u00e3o da unidade t\u00e9cnica e o parecer ministerial. As duas multas aplicadas a Jos\u00e9 Juventino &#8211; uma pela irregularidade da PCA e a outra pelo atraso no SIM-AM &#8211; est\u00e3o previstas no artigo 87, incisos III e V, da Lei Org\u00e2nica do TCE-PR (Lei Complementar Estadual n\u00ba 113\/2005). Elas correspondem a 70 vezes o valor da Unidade Padr\u00e3o Fiscal do Estado do Paran\u00e1 (UPF-PR). O indexador, que tem atualiza\u00e7\u00e3o mensal, em mar\u00e7o vale R$ 106,33. Assim, as duas san\u00e7\u00f5es totalizam R$ 7.443,10 para pagamento neste m\u00eas.<\/p>\n<p>Os demais membros do Tribunal Pleno acompanharam, por unanimidade, o voto do relator, na sess\u00e3o de 28 de janeiro. Em 20 de fevereiro, o ex-prefeito Jos\u00e9 S\u00e9rgio Juventino ingressou com Recurso de Revista da decis\u00e3o expressa no Ac\u00f3rd\u00e3o de Parecer Pr\u00e9vio n\u00ba 15\/20 &#8211; Segunda C\u00e2mara, veiculado na\u00a0<a href=\"https:\/\/www1.tce.pr.gov.br\/conteudo\/diario-eletronico-2233-2020-de-04-02-2020\/326938\/area\/10\">edi\u00e7\u00e3o n\u00ba 2.233 do\u00a0<em>Di\u00e1rio Eletr\u00f4nico\u00a0<\/em>do TCE-PR (DETC)<\/a>. \u00a0Com relatoria do conselheiro Ivens Linhares, o recurso (Processo 115385\/20) ser\u00e1 julgado pelo Tribunal Pleno e, enquanto ele tramita, fica suspensa a execu\u00e7\u00e3o das multas impostas na decis\u00e3o original.<\/p>\n<p>Ap\u00f3s o tr\u00e2nsito em julgado do processo, o Parecer Pr\u00e9vio do TCE-PR ser\u00e1 encaminhado \u00e0 C\u00e2mara Municipal de Santa Cec\u00edlia do Pav\u00e3o. A legisla\u00e7\u00e3o determina que cabe aos vereadores o julgamento das contas do chefe do Poder Executivo municipal. Para desconsiderar a decis\u00e3o do Tribunal expressa no parecer t\u00e9cnico, s\u00e3o necess\u00e1rios dois ter\u00e7os dos votos dos parlamentares.<\/p>\n<p><strong><u>Servi\u00e7o<\/u><\/strong><\/p>\n<table border=\"0\" width=\"629\" cellspacing=\"0\" cellpadding=\"0\">\n<tbody>\n<tr>\n<td><strong>Processo<\/strong>\u00a0<strong>n\u00ba<\/strong>:<\/td>\n<td>\u00a0 261020\/16<\/td>\n<\/tr>\n<tr>\n<td><strong>Ac\u00f3rd\u00e3o de Parecer Pr\u00e9vio n\u00ba:<\/strong><\/td>\n<td>\u00a0 15\/20 &#8211; Segunda C\u00e2mara<\/td>\n<\/tr>\n<tr>\n<td><strong>Assunto<\/strong>:<\/td>\n<td>\u00a0 Presta\u00e7\u00e3o de Contas do Prefeito Municipal<\/td>\n<\/tr>\n<tr>\n<td><strong>Entidade<\/strong>:<\/td>\n<td>\u00a0 Munic\u00edpio de Santa Cec\u00edlia do Pav\u00e3o<\/td>\n<\/tr>\n<tr>\n<td><strong>Interessados<\/strong>:<\/td>\n<td>\u00a0 Edimar Aparecido Pereira dos Santos e Jos\u00e9 S\u00e9rgio Juventino<\/td>\n<\/tr>\n<tr>\n<td><strong>Relator<\/strong>:<\/td>\n<td>\u00a0 Conselheiro Artag\u00e3o de Mattos Le\u00e3o<\/td>\n<\/tr>\n<\/tbody>\n<\/table>\n<div id=\"post-8517\" class=\"post\">\n<div id=\"mycontent2\">\n<div id=\"post-8308\" class=\"post\">\n<div id=\"mycontent2\">\n<p>&nbsp;<\/p>\n<p><strong><em><cite><span id=\"cphMasterPortal_lblInicioAutor\">Fonte:\u00a0<\/span><span id=\"cphMasterPortal_lblAutor\">Diretoria de Comunica\u00e7\u00e3o Social \u2013\u00a0<\/span><\/cite><span id=\"cphMasterPortal_lblFonte\">TCE\/PR.<\/span><\/em><\/strong><\/p>\n<\/div>\n<\/div>\n<\/div>\n<\/div>\n","protected":false},"excerpt":{"rendered":"<p>O Tribunal de Contas do Estado do Paran\u00e1 (TCE-PR) determinou que o atual prefeito de Santa Cec\u00edlia do Pav\u00e3o, Edimar Aparecido Pereira dos Santos (gest\u00e3o 2017-2020), comprove que a ocupante do cargo de controladora interna, Silvia Fernanda Nunes, possui qualifica\u00e7\u00e3o para a fun\u00e7\u00e3o &#8211; ela exerce o cargo efetivo de recepcionista no quadro de pessoal [&hellip;]<\/p>\n","protected":false},"author":5,"featured_media":9272,"comment_status":"open","ping_status":"open","sticky":false,"template":"","format":"standard","meta":{"_monsterinsights_skip_tracking":false,"_monsterinsights_sitenote_active":false,"_monsterinsights_sitenote_note":"","_monsterinsights_sitenote_category":0,"footnotes":""},"categories":[15,7],"tags":[],"class_list":["post-8836","post","type-post","status-publish","format-standard","has-post-thumbnail","hentry","category-noticias-de-interesse","category-todas-as-noticias","entry","has-media"],"yoast_head":"<!-- This site is optimized with the Yoast SEO plugin v27.3 - https:\/\/yoast.com\/product\/yoast-seo-wordpress\/ -->\n<title>Santa Cec\u00edlia deve comprovar qualifica\u00e7\u00e3o de respons\u00e1vel pelo controle interno - Minist\u00e9rio P\u00fablico de Contas do Estado do Paran\u00e1<\/title>\n<meta name=\"robots\" content=\"index, follow, max-snippet:-1, max-image-preview:large, max-video-preview:-1\" \/>\n<link rel=\"canonical\" href=\"https:\/\/www.mpc.pr.gov.br\/index.php\/santa-cecilia-deve-comprovar-qualificacao-de-responsavel-pelo-controle-interno\/\" \/>\n<meta property=\"og:locale\" content=\"pt_BR\" \/>\n<meta property=\"og:type\" content=\"article\" \/>\n<meta property=\"og:title\" content=\"Santa Cec\u00edlia deve comprovar qualifica\u00e7\u00e3o de respons\u00e1vel pelo controle interno - Minist\u00e9rio P\u00fablico de Contas do Estado do Paran\u00e1\" \/>\n<meta property=\"og:description\" content=\"O Tribunal de Contas do Estado do Paran\u00e1 (TCE-PR) determinou que o atual prefeito de Santa Cec\u00edlia do Pav\u00e3o, Edimar Aparecido Pereira dos Santos (gest\u00e3o 2017-2020), comprove que a ocupante do cargo de controladora interna, Silvia Fernanda Nunes, possui qualifica\u00e7\u00e3o para a fun\u00e7\u00e3o &#8211; ela exerce o cargo efetivo de recepcionista no quadro de pessoal [&hellip;]\" \/>\n<meta property=\"og:url\" content=\"https:\/\/www.mpc.pr.gov.br\/index.php\/santa-cecilia-deve-comprovar-qualificacao-de-responsavel-pelo-controle-interno\/\" \/>\n<meta property=\"og:site_name\" content=\"Minist\u00e9rio P\u00fablico de Contas do Estado do Paran\u00e1\" \/>\n<meta property=\"article:publisher\" content=\"https:\/\/www.facebook.com\/mpc.pr\" \/>\n<meta property=\"article:published_time\" content=\"2020-03-27T17:30:26+00:00\" \/>\n<meta property=\"article:modified_time\" content=\"2020-07-10T15:07:46+00:00\" \/>\n<meta property=\"og:image\" content=\"https:\/\/www.mpc.pr.gov.br\/wp-content\/uploads\/2020\/03\/FISCALIZAR-02.jpg\" \/>\n\t<meta property=\"og:image:width\" content=\"300\" \/>\n\t<meta property=\"og:image:height\" content=\"238\" \/>\n\t<meta property=\"og:image:type\" content=\"image\/jpeg\" \/>\n<meta name=\"author\" content=\"giovanna.faria\" \/>\n<meta name=\"twitter:card\" content=\"summary_large_image\" \/>\n<meta name=\"twitter:label1\" content=\"Escrito por\" \/>\n\t<meta name=\"twitter:data1\" content=\"giovanna.faria\" \/>\n\t<meta name=\"twitter:label2\" content=\"Est. tempo de leitura\" \/>\n\t<meta name=\"twitter:data2\" content=\"3 minutos\" \/>\n<script type=\"application\/ld+json\" class=\"yoast-schema-graph\">{\"@context\":\"https:\\\/\\\/schema.org\",\"@graph\":[{\"@type\":\"Article\",\"@id\":\"https:\\\/\\\/www.mpc.pr.gov.br\\\/index.php\\\/santa-cecilia-deve-comprovar-qualificacao-de-responsavel-pelo-controle-interno\\\/#article\",\"isPartOf\":{\"@id\":\"https:\\\/\\\/www.mpc.pr.gov.br\\\/index.php\\\/santa-cecilia-deve-comprovar-qualificacao-de-responsavel-pelo-controle-interno\\\/\"},\"author\":{\"name\":\"giovanna.faria\",\"@id\":\"https:\\\/\\\/www.mpc.pr.gov.br\\\/#\\\/schema\\\/person\\\/d0c5cf9ebb4d8be833c419f3538cf751\"},\"headline\":\"Santa Cec\u00edlia deve comprovar qualifica\u00e7\u00e3o de respons\u00e1vel pelo controle interno\",\"datePublished\":\"2020-03-27T17:30:26+00:00\",\"dateModified\":\"2020-07-10T15:07:46+00:00\",\"mainEntityOfPage\":{\"@id\":\"https:\\\/\\\/www.mpc.pr.gov.br\\\/index.php\\\/santa-cecilia-deve-comprovar-qualificacao-de-responsavel-pelo-controle-interno\\\/\"},\"wordCount\":699,\"commentCount\":0,\"publisher\":{\"@id\":\"https:\\\/\\\/www.mpc.pr.gov.br\\\/#organization\"},\"image\":{\"@id\":\"https:\\\/\\\/www.mpc.pr.gov.br\\\/index.php\\\/santa-cecilia-deve-comprovar-qualificacao-de-responsavel-pelo-controle-interno\\\/#primaryimage\"},\"thumbnailUrl\":\"https:\\\/\\\/www.mpc.pr.gov.br\\\/wp-content\\\/uploads\\\/2020\\\/03\\\/FISCALIZAR-02.jpg\",\"articleSection\":[\"Not\u00edcias de Interesse\",\"Todas as not\u00edcias\"],\"inLanguage\":\"pt-BR\",\"potentialAction\":[{\"@type\":\"CommentAction\",\"name\":\"Comment\",\"target\":[\"https:\\\/\\\/www.mpc.pr.gov.br\\\/index.php\\\/santa-cecilia-deve-comprovar-qualificacao-de-responsavel-pelo-controle-interno\\\/#respond\"]}]},{\"@type\":\"WebPage\",\"@id\":\"https:\\\/\\\/www.mpc.pr.gov.br\\\/index.php\\\/santa-cecilia-deve-comprovar-qualificacao-de-responsavel-pelo-controle-interno\\\/\",\"url\":\"https:\\\/\\\/www.mpc.pr.gov.br\\\/index.php\\\/santa-cecilia-deve-comprovar-qualificacao-de-responsavel-pelo-controle-interno\\\/\",\"name\":\"Santa Cec\u00edlia deve comprovar qualifica\u00e7\u00e3o de respons\u00e1vel pelo controle interno - Minist\u00e9rio P\u00fablico de Contas do Estado do Paran\u00e1\",\"isPartOf\":{\"@id\":\"https:\\\/\\\/www.mpc.pr.gov.br\\\/#website\"},\"primaryImageOfPage\":{\"@id\":\"https:\\\/\\\/www.mpc.pr.gov.br\\\/index.php\\\/santa-cecilia-deve-comprovar-qualificacao-de-responsavel-pelo-controle-interno\\\/#primaryimage\"},\"image\":{\"@id\":\"https:\\\/\\\/www.mpc.pr.gov.br\\\/index.php\\\/santa-cecilia-deve-comprovar-qualificacao-de-responsavel-pelo-controle-interno\\\/#primaryimage\"},\"thumbnailUrl\":\"https:\\\/\\\/www.mpc.pr.gov.br\\\/wp-content\\\/uploads\\\/2020\\\/03\\\/FISCALIZAR-02.jpg\",\"datePublished\":\"2020-03-27T17:30:26+00:00\",\"dateModified\":\"2020-07-10T15:07:46+00:00\",\"breadcrumb\":{\"@id\":\"https:\\\/\\\/www.mpc.pr.gov.br\\\/index.php\\\/santa-cecilia-deve-comprovar-qualificacao-de-responsavel-pelo-controle-interno\\\/#breadcrumb\"},\"inLanguage\":\"pt-BR\",\"potentialAction\":[{\"@type\":\"ReadAction\",\"target\":[\"https:\\\/\\\/www.mpc.pr.gov.br\\\/index.php\\\/santa-cecilia-deve-comprovar-qualificacao-de-responsavel-pelo-controle-interno\\\/\"]}]},{\"@type\":\"ImageObject\",\"inLanguage\":\"pt-BR\",\"@id\":\"https:\\\/\\\/www.mpc.pr.gov.br\\\/index.php\\\/santa-cecilia-deve-comprovar-qualificacao-de-responsavel-pelo-controle-interno\\\/#primaryimage\",\"url\":\"https:\\\/\\\/www.mpc.pr.gov.br\\\/wp-content\\\/uploads\\\/2020\\\/03\\\/FISCALIZAR-02.jpg\",\"contentUrl\":\"https:\\\/\\\/www.mpc.pr.gov.br\\\/wp-content\\\/uploads\\\/2020\\\/03\\\/FISCALIZAR-02.jpg\",\"width\":300,\"height\":238},{\"@type\":\"BreadcrumbList\",\"@id\":\"https:\\\/\\\/www.mpc.pr.gov.br\\\/index.php\\\/santa-cecilia-deve-comprovar-qualificacao-de-responsavel-pelo-controle-interno\\\/#breadcrumb\",\"itemListElement\":[{\"@type\":\"ListItem\",\"position\":1,\"name\":\"In\u00edcio\",\"item\":\"https:\\\/\\\/www.mpc.pr.gov.br\\\/\"},{\"@type\":\"ListItem\",\"position\":2,\"name\":\"Santa Cec\u00edlia deve comprovar qualifica\u00e7\u00e3o de respons\u00e1vel pelo controle interno\"}]},{\"@type\":\"WebSite\",\"@id\":\"https:\\\/\\\/www.mpc.pr.gov.br\\\/#website\",\"url\":\"https:\\\/\\\/www.mpc.pr.gov.br\\\/\",\"name\":\"Minist\u00e9rio P\u00fablico de Contas do Estado do Paran\u00e1\",\"description\":\"\",\"publisher\":{\"@id\":\"https:\\\/\\\/www.mpc.pr.gov.br\\\/#organization\"},\"potentialAction\":[{\"@type\":\"SearchAction\",\"target\":{\"@type\":\"EntryPoint\",\"urlTemplate\":\"https:\\\/\\\/www.mpc.pr.gov.br\\\/?s={search_term_string}\"},\"query-input\":{\"@type\":\"PropertyValueSpecification\",\"valueRequired\":true,\"valueName\":\"search_term_string\"}}],\"inLanguage\":\"pt-BR\"},{\"@type\":\"Organization\",\"@id\":\"https:\\\/\\\/www.mpc.pr.gov.br\\\/#organization\",\"name\":\"Minist\u00e9rio P\u00fablico de Contas do Estado do Paran\u00e1\",\"url\":\"https:\\\/\\\/www.mpc.pr.gov.br\\\/\",\"logo\":{\"@type\":\"ImageObject\",\"inLanguage\":\"pt-BR\",\"@id\":\"https:\\\/\\\/www.mpc.pr.gov.br\\\/#\\\/schema\\\/logo\\\/image\\\/\",\"url\":\"https:\\\/\\\/www.mpc.pr.gov.br\\\/wp-content\\\/uploads\\\/2020\\\/06\\\/99423647_1593460364143890_6706793420720963584_n-1-e1591387983167.png\",\"contentUrl\":\"https:\\\/\\\/www.mpc.pr.gov.br\\\/wp-content\\\/uploads\\\/2020\\\/06\\\/99423647_1593460364143890_6706793420720963584_n-1-e1591387983167.png\",\"width\":243,\"height\":73,\"caption\":\"Minist\u00e9rio P\u00fablico de Contas do Estado do Paran\u00e1\"},\"image\":{\"@id\":\"https:\\\/\\\/www.mpc.pr.gov.br\\\/#\\\/schema\\\/logo\\\/image\\\/\"},\"sameAs\":[\"https:\\\/\\\/www.facebook.com\\\/mpc.pr\",\"https:\\\/\\\/www.instagram.com\\\/mpc.pr\\\/?hl=pt-br\",\"https:\\\/\\\/www.youtube.com\\\/channel\\\/UCHri5oEM8DV0ztX57E0sBSw\"]},{\"@type\":\"Person\",\"@id\":\"https:\\\/\\\/www.mpc.pr.gov.br\\\/#\\\/schema\\\/person\\\/d0c5cf9ebb4d8be833c419f3538cf751\",\"name\":\"giovanna.faria\",\"image\":{\"@type\":\"ImageObject\",\"inLanguage\":\"pt-BR\",\"@id\":\"https:\\\/\\\/secure.gravatar.com\\\/avatar\\\/?s=96&d=mm&r=g\",\"url\":\"https:\\\/\\\/secure.gravatar.com\\\/avatar\\\/?s=96&d=mm&r=g\",\"contentUrl\":\"https:\\\/\\\/secure.gravatar.com\\\/avatar\\\/?s=96&d=mm&r=g\",\"caption\":\"giovanna.faria\"}}]}<\/script>\n<!-- \/ Yoast SEO plugin. -->","yoast_head_json":{"title":"Santa Cec\u00edlia deve comprovar qualifica\u00e7\u00e3o de respons\u00e1vel pelo controle interno - Minist\u00e9rio P\u00fablico de Contas do Estado do Paran\u00e1","robots":{"index":"index","follow":"follow","max-snippet":"max-snippet:-1","max-image-preview":"max-image-preview:large","max-video-preview":"max-video-preview:-1"},"canonical":"https:\/\/www.mpc.pr.gov.br\/index.php\/santa-cecilia-deve-comprovar-qualificacao-de-responsavel-pelo-controle-interno\/","og_locale":"pt_BR","og_type":"article","og_title":"Santa Cec\u00edlia deve comprovar qualifica\u00e7\u00e3o de respons\u00e1vel pelo controle interno - Minist\u00e9rio P\u00fablico de Contas do Estado do Paran\u00e1","og_description":"O Tribunal de Contas do Estado do Paran\u00e1 (TCE-PR) determinou que o atual prefeito de Santa Cec\u00edlia do Pav\u00e3o, Edimar Aparecido Pereira dos Santos (gest\u00e3o 2017-2020), comprove que a ocupante do cargo de controladora interna, Silvia Fernanda Nunes, possui qualifica\u00e7\u00e3o para a fun\u00e7\u00e3o &#8211; ela exerce o cargo efetivo de recepcionista no quadro de pessoal [&hellip;]","og_url":"https:\/\/www.mpc.pr.gov.br\/index.php\/santa-cecilia-deve-comprovar-qualificacao-de-responsavel-pelo-controle-interno\/","og_site_name":"Minist\u00e9rio P\u00fablico de Contas do Estado do Paran\u00e1","article_publisher":"https:\/\/www.facebook.com\/mpc.pr","article_published_time":"2020-03-27T17:30:26+00:00","article_modified_time":"2020-07-10T15:07:46+00:00","og_image":[{"width":300,"height":238,"url":"https:\/\/www.mpc.pr.gov.br\/wp-content\/uploads\/2020\/03\/FISCALIZAR-02.jpg","type":"image\/jpeg"}],"author":"giovanna.faria","twitter_card":"summary_large_image","twitter_misc":{"Escrito por":"giovanna.faria","Est. tempo de leitura":"3 minutos"},"schema":{"@context":"https:\/\/schema.org","@graph":[{"@type":"Article","@id":"https:\/\/www.mpc.pr.gov.br\/index.php\/santa-cecilia-deve-comprovar-qualificacao-de-responsavel-pelo-controle-interno\/#article","isPartOf":{"@id":"https:\/\/www.mpc.pr.gov.br\/index.php\/santa-cecilia-deve-comprovar-qualificacao-de-responsavel-pelo-controle-interno\/"},"author":{"name":"giovanna.faria","@id":"https:\/\/www.mpc.pr.gov.br\/#\/schema\/person\/d0c5cf9ebb4d8be833c419f3538cf751"},"headline":"Santa Cec\u00edlia deve comprovar qualifica\u00e7\u00e3o de respons\u00e1vel pelo controle interno","datePublished":"2020-03-27T17:30:26+00:00","dateModified":"2020-07-10T15:07:46+00:00","mainEntityOfPage":{"@id":"https:\/\/www.mpc.pr.gov.br\/index.php\/santa-cecilia-deve-comprovar-qualificacao-de-responsavel-pelo-controle-interno\/"},"wordCount":699,"commentCount":0,"publisher":{"@id":"https:\/\/www.mpc.pr.gov.br\/#organization"},"image":{"@id":"https:\/\/www.mpc.pr.gov.br\/index.php\/santa-cecilia-deve-comprovar-qualificacao-de-responsavel-pelo-controle-interno\/#primaryimage"},"thumbnailUrl":"https:\/\/www.mpc.pr.gov.br\/wp-content\/uploads\/2020\/03\/FISCALIZAR-02.jpg","articleSection":["Not\u00edcias de Interesse","Todas as not\u00edcias"],"inLanguage":"pt-BR","potentialAction":[{"@type":"CommentAction","name":"Comment","target":["https:\/\/www.mpc.pr.gov.br\/index.php\/santa-cecilia-deve-comprovar-qualificacao-de-responsavel-pelo-controle-interno\/#respond"]}]},{"@type":"WebPage","@id":"https:\/\/www.mpc.pr.gov.br\/index.php\/santa-cecilia-deve-comprovar-qualificacao-de-responsavel-pelo-controle-interno\/","url":"https:\/\/www.mpc.pr.gov.br\/index.php\/santa-cecilia-deve-comprovar-qualificacao-de-responsavel-pelo-controle-interno\/","name":"Santa Cec\u00edlia deve comprovar qualifica\u00e7\u00e3o de respons\u00e1vel pelo controle interno - Minist\u00e9rio P\u00fablico de Contas do Estado do Paran\u00e1","isPartOf":{"@id":"https:\/\/www.mpc.pr.gov.br\/#website"},"primaryImageOfPage":{"@id":"https:\/\/www.mpc.pr.gov.br\/index.php\/santa-cecilia-deve-comprovar-qualificacao-de-responsavel-pelo-controle-interno\/#primaryimage"},"image":{"@id":"https:\/\/www.mpc.pr.gov.br\/index.php\/santa-cecilia-deve-comprovar-qualificacao-de-responsavel-pelo-controle-interno\/#primaryimage"},"thumbnailUrl":"https:\/\/www.mpc.pr.gov.br\/wp-content\/uploads\/2020\/03\/FISCALIZAR-02.jpg","datePublished":"2020-03-27T17:30:26+00:00","dateModified":"2020-07-10T15:07:46+00:00","breadcrumb":{"@id":"https:\/\/www.mpc.pr.gov.br\/index.php\/santa-cecilia-deve-comprovar-qualificacao-de-responsavel-pelo-controle-interno\/#breadcrumb"},"inLanguage":"pt-BR","potentialAction":[{"@type":"ReadAction","target":["https:\/\/www.mpc.pr.gov.br\/index.php\/santa-cecilia-deve-comprovar-qualificacao-de-responsavel-pelo-controle-interno\/"]}]},{"@type":"ImageObject","inLanguage":"pt-BR","@id":"https:\/\/www.mpc.pr.gov.br\/index.php\/santa-cecilia-deve-comprovar-qualificacao-de-responsavel-pelo-controle-interno\/#primaryimage","url":"https:\/\/www.mpc.pr.gov.br\/wp-content\/uploads\/2020\/03\/FISCALIZAR-02.jpg","contentUrl":"https:\/\/www.mpc.pr.gov.br\/wp-content\/uploads\/2020\/03\/FISCALIZAR-02.jpg","width":300,"height":238},{"@type":"BreadcrumbList","@id":"https:\/\/www.mpc.pr.gov.br\/index.php\/santa-cecilia-deve-comprovar-qualificacao-de-responsavel-pelo-controle-interno\/#breadcrumb","itemListElement":[{"@type":"ListItem","position":1,"name":"In\u00edcio","item":"https:\/\/www.mpc.pr.gov.br\/"},{"@type":"ListItem","position":2,"name":"Santa Cec\u00edlia deve comprovar qualifica\u00e7\u00e3o de respons\u00e1vel pelo controle interno"}]},{"@type":"WebSite","@id":"https:\/\/www.mpc.pr.gov.br\/#website","url":"https:\/\/www.mpc.pr.gov.br\/","name":"Minist\u00e9rio P\u00fablico de Contas do Estado do Paran\u00e1","description":"","publisher":{"@id":"https:\/\/www.mpc.pr.gov.br\/#organization"},"potentialAction":[{"@type":"SearchAction","target":{"@type":"EntryPoint","urlTemplate":"https:\/\/www.mpc.pr.gov.br\/?s={search_term_string}"},"query-input":{"@type":"PropertyValueSpecification","valueRequired":true,"valueName":"search_term_string"}}],"inLanguage":"pt-BR"},{"@type":"Organization","@id":"https:\/\/www.mpc.pr.gov.br\/#organization","name":"Minist\u00e9rio P\u00fablico de Contas do Estado do Paran\u00e1","url":"https:\/\/www.mpc.pr.gov.br\/","logo":{"@type":"ImageObject","inLanguage":"pt-BR","@id":"https:\/\/www.mpc.pr.gov.br\/#\/schema\/logo\/image\/","url":"https:\/\/www.mpc.pr.gov.br\/wp-content\/uploads\/2020\/06\/99423647_1593460364143890_6706793420720963584_n-1-e1591387983167.png","contentUrl":"https:\/\/www.mpc.pr.gov.br\/wp-content\/uploads\/2020\/06\/99423647_1593460364143890_6706793420720963584_n-1-e1591387983167.png","width":243,"height":73,"caption":"Minist\u00e9rio P\u00fablico de Contas do Estado do Paran\u00e1"},"image":{"@id":"https:\/\/www.mpc.pr.gov.br\/#\/schema\/logo\/image\/"},"sameAs":["https:\/\/www.facebook.com\/mpc.pr","https:\/\/www.instagram.com\/mpc.pr\/?hl=pt-br","https:\/\/www.youtube.com\/channel\/UCHri5oEM8DV0ztX57E0sBSw"]},{"@type":"Person","@id":"https:\/\/www.mpc.pr.gov.br\/#\/schema\/person\/d0c5cf9ebb4d8be833c419f3538cf751","name":"giovanna.faria","image":{"@type":"ImageObject","inLanguage":"pt-BR","@id":"https:\/\/secure.gravatar.com\/avatar\/?s=96&d=mm&r=g","url":"https:\/\/secure.gravatar.com\/avatar\/?s=96&d=mm&r=g","contentUrl":"https:\/\/secure.gravatar.com\/avatar\/?s=96&d=mm&r=g","caption":"giovanna.faria"}}]}},"rttpg_featured_image_url":{"full":["https:\/\/www.mpc.pr.gov.br\/wp-content\/uploads\/2020\/03\/FISCALIZAR-02.jpg",300,238,false],"landscape":["https:\/\/www.mpc.pr.gov.br\/wp-content\/uploads\/2020\/03\/FISCALIZAR-02.jpg",300,238,false],"portraits":["https:\/\/www.mpc.pr.gov.br\/wp-content\/uploads\/2020\/03\/FISCALIZAR-02.jpg",300,238,false],"thumbnail":["https:\/\/www.mpc.pr.gov.br\/wp-content\/uploads\/2020\/03\/FISCALIZAR-02-150x150.jpg",150,150,true],"medium":["https:\/\/www.mpc.pr.gov.br\/wp-content\/uploads\/2020\/03\/FISCALIZAR-02.jpg",300,238,false],"large":["https:\/\/www.mpc.pr.gov.br\/wp-content\/uploads\/2020\/03\/FISCALIZAR-02.jpg",300,238,false],"1536x1536":["https:\/\/www.mpc.pr.gov.br\/wp-content\/uploads\/2020\/03\/FISCALIZAR-02.jpg",300,238,false],"2048x2048":["https:\/\/www.mpc.pr.gov.br\/wp-content\/uploads\/2020\/03\/FISCALIZAR-02.jpg",300,238,false],"ocean-thumb-m":["https:\/\/www.mpc.pr.gov.br\/wp-content\/uploads\/2020\/03\/FISCALIZAR-02.jpg",300,238,false],"ocean-thumb-ml":["https:\/\/www.mpc.pr.gov.br\/wp-content\/uploads\/2020\/03\/FISCALIZAR-02.jpg",300,238,false],"ocean-thumb-l":["https:\/\/www.mpc.pr.gov.br\/wp-content\/uploads\/2020\/03\/FISCALIZAR-02.jpg",300,238,false]},"rttpg_author":{"display_name":"giovanna.faria","author_link":"https:\/\/www.mpc.pr.gov.br\/index.php\/author\/giovanna-faria\/"},"rttpg_comment":0,"rttpg_category":"<a href=\"https:\/\/www.mpc.pr.gov.br\/index.php\/category\/noticias-de-interesse\/\" rel=\"category tag\">Not\u00edcias de Interesse<\/a> <a href=\"https:\/\/www.mpc.pr.gov.br\/index.php\/category\/todas-as-noticias\/\" rel=\"category tag\">Todas as not\u00edcias<\/a>","rttpg_excerpt":"O Tribunal de Contas do Estado do Paran\u00e1 (TCE-PR) determinou que o atual prefeito de Santa Cec\u00edlia do Pav\u00e3o, Edimar Aparecido Pereira dos Santos (gest\u00e3o 2017-2020), comprove que a ocupante do cargo de controladora interna, Silvia Fernanda Nunes, possui qualifica\u00e7\u00e3o para a fun\u00e7\u00e3o &#8211; ela exerce o cargo efetivo de recepcionista no quadro de pessoal&hellip;","_links":{"self":[{"href":"https:\/\/www.mpc.pr.gov.br\/index.php\/wp-json\/wp\/v2\/posts\/8836","targetHints":{"allow":["GET"]}}],"collection":[{"href":"https:\/\/www.mpc.pr.gov.br\/index.php\/wp-json\/wp\/v2\/posts"}],"about":[{"href":"https:\/\/www.mpc.pr.gov.br\/index.php\/wp-json\/wp\/v2\/types\/post"}],"author":[{"embeddable":true,"href":"https:\/\/www.mpc.pr.gov.br\/index.php\/wp-json\/wp\/v2\/users\/5"}],"replies":[{"embeddable":true,"href":"https:\/\/www.mpc.pr.gov.br\/index.php\/wp-json\/wp\/v2\/comments?post=8836"}],"version-history":[{"count":1,"href":"https:\/\/www.mpc.pr.gov.br\/index.php\/wp-json\/wp\/v2\/posts\/8836\/revisions"}],"predecessor-version":[{"id":9273,"href":"https:\/\/www.mpc.pr.gov.br\/index.php\/wp-json\/wp\/v2\/posts\/8836\/revisions\/9273"}],"wp:featuredmedia":[{"embeddable":true,"href":"https:\/\/www.mpc.pr.gov.br\/index.php\/wp-json\/wp\/v2\/media\/9272"}],"wp:attachment":[{"href":"https:\/\/www.mpc.pr.gov.br\/index.php\/wp-json\/wp\/v2\/media?parent=8836"}],"wp:term":[{"taxonomy":"category","embeddable":true,"href":"https:\/\/www.mpc.pr.gov.br\/index.php\/wp-json\/wp\/v2\/categories?post=8836"},{"taxonomy":"post_tag","embeddable":true,"href":"https:\/\/www.mpc.pr.gov.br\/index.php\/wp-json\/wp\/v2\/tags?post=8836"}],"curies":[{"name":"wp","href":"https:\/\/api.w.org\/{rel}","templated":true}]}}