{"id":8919,"date":"2020-04-23T15:38:02","date_gmt":"2020-04-23T18:38:02","guid":{"rendered":"http:\/\/www.mpc.pr.gov.br\/?p=8919"},"modified":"2020-07-09T17:07:51","modified_gmt":"2020-07-09T20:07:51","slug":"prefeito-de-fazenda-rio-grande-deve-restituir-r-15-mil-de-contratacao-indevida","status":"publish","type":"post","link":"https:\/\/www.mpc.pr.gov.br\/index.php\/prefeito-de-fazenda-rio-grande-deve-restituir-r-15-mil-de-contratacao-indevida\/","title":{"rendered":"Prefeito de Fazenda Rio Grande deve restituir R$ 15 mil de contrata\u00e7\u00e3o indevida"},"content":{"rendered":"<figure id=\"attachment_6220\" aria-describedby=\"caption-attachment-6220\" style=\"width: 300px\" class=\"wp-caption alignleft\"><a href=\"http:\/\/www.mpc.pr.gov.br\/tce-pr-se-posiciona-sobre-os-novos-valores-da-lei-de-licitacoes\/attachment\/00328920\/\" rel=\"attachment wp-att-6220\"><img fetchpriority=\"high\" decoding=\"async\" class=\"wp-image-6220 size-medium\" src=\"http:\/\/www.mpc.pr.gov.br\/wp-content\/uploads\/2018\/08\/00328920-300x214.jpg\" alt=\"\" width=\"300\" height=\"214\" \/><\/a><figcaption id=\"caption-attachment-6220\" class=\"wp-caption-text\">Foto: Wagner Ara\u00fajo\/Divulga\u00e7\u00e3o TCE-PR<\/figcaption><\/figure>\n<p>O Tribunal de Contas do Estado do Paran\u00e1 (TCE-PR) julgou irregular a contrata\u00e7\u00e3o, efetuada pelo Munic\u00edpio de Fazenda Rio Grande (Regi\u00e3o Metropolitana de Curitiba, RMC) em 2019, de empresa para realizar levantamento da evolu\u00e7\u00e3o dos \u00edndices de pessoal frente \u00e0 disponibilidade de receitas or\u00e7ament\u00e1rias do munic\u00edpio entre 2014 e 2018.<\/p>\n<p>Devido \u00e0 decis\u00e3o, o prefeito de Fazenda Rio Grande, M\u00e1rcio Cl\u00e1udio Wozniack (gest\u00e3o 2017-2020), dever\u00e1 restituir os R$ 15.000,00 gastos na contrata\u00e7\u00e3o e pagar multa no valor de 10% sobre o montante a ser restitu\u00eddo, que ser\u00e1 reajustado no momento do tr\u00e2nsito em julgado do processo.<\/p>\n<p>A decis\u00e3o foi tomada no processo em que os conselheiros do TCE-PR julgaram procedente Representa\u00e7\u00e3o do Minist\u00e9rio P\u00fablico de Contas (MPC-PR), por meio da qual o \u00f3rg\u00e3o ministerial contestou a exist\u00eancia dos requisitos de complexidade, especificidade ou not\u00f3ria especializa\u00e7\u00e3o, exigidos para que se proceda tal contrata\u00e7\u00e3o.<\/p>\n<p>O MPC-PR ressaltou que o objeto do contrato n\u00e3o configurou atividade que demandasse primor t\u00e9cnico diferenciado ou largo conhecimento e experi\u00eancia singular. Assim, considerou que houve afronta ao disposto no\u00a0<a href=\"https:\/\/www1.tce.pr.gov.br\/conteudo\/prejulgado-n%C2%BA-6\/82361\/area\/242\">Prejulgado n\u00b0 6 do TCE-PR<\/a>, que admite a contrata\u00e7\u00e3o de servi\u00e7os privados apenas de maneira excepcional, justamente para a realiza\u00e7\u00e3o de a\u00e7\u00f5es singulares e complexas.<\/p>\n<p>O \u00f3rg\u00e3o ministerial ressaltou, ainda, que a contrata\u00e7\u00e3o de empresa para desempenhar atividade pass\u00edvel de execu\u00e7\u00e3o pelo pr\u00f3prio corpo t\u00e9cnico do ente p\u00fablico viola o disposto no artigo 39 da Constitui\u00e7\u00e3o Estadual, que veda a contrata\u00e7\u00e3o de terceiros para execu\u00e7\u00e3o de atividade que pode ser executada por servidores p\u00fablicos.<\/p>\n<p>Na instru\u00e7\u00e3o do processo, a Coordenadoria de Gest\u00e3o Municipal (CGM) do TCE-PR opinou pela proced\u00eancia da Representa\u00e7\u00e3o, com aplica\u00e7\u00e3o de multa ao gestor respons\u00e1vel.<\/p>\n<p>Ao fundamentar seu voto, o relator do processo, conselheiro Ivan Bonilha, afirmou que as atividades contratadas poderiam e deveriam ter sido realizadas pelos pr\u00f3prios servidores do Executivo municipal, conforme disp\u00f5e o Prejulgado n\u00ba 6 do TCE-PR.<\/p>\n<p>Bonilha ainda destacou que, conforme disponibilizado no Portal da Transpar\u00eancia do munic\u00edpio, Fazenda Rio Grande contava com 14 servidores em sua Procuradoria Jur\u00eddica em 2019, al\u00e9m de quatro contadores e 47 assistentes administrativos na Secretaria Municipal de Administra\u00e7\u00e3o. Portanto, n\u00e3o poderia ser alegada a falta de estrutura ou de m\u00e3o de obra.<\/p>\n<p>Assim, o conselheiro votou pela proced\u00eancia da Representa\u00e7\u00e3o e pela aplica\u00e7\u00e3o ao prefeito das san\u00e7\u00f5es previstas nos artigos 85 e 89 da Lei Complementar n\u00ba 113\/2005 (Lei Org\u00e2nica do TCE-PR).<\/p>\n<p>Na sess\u00e3o de 11 de mar\u00e7o do Tribunal Pleno do TCE-PR, os conselheiros aprovaram o voto do relator por unanimidade. A decis\u00e3o, contra a qual cabem recursos, est\u00e1 expressa no Ac\u00f3rd\u00e3o n\u00ba 604\/20 &#8211; Tribunal Pleno, disponibilizado em 19 de mar\u00e7o, na\u00a0<a href=\"https:\/\/www1.tce.pr.gov.br\/conteudo\/diario-eletronico-2262-2020-de-19-03-2020\/327731\/area\/10\">edi\u00e7\u00e3o n\u00ba 2.262 do\u00a0<em>Di\u00e1rio Eletr\u00f4nico do TCE-PR (DETC)<\/em><\/a>.<\/p>\n<p>&nbsp;<\/p>\n<p><strong><u>Servi\u00e7o<\/u><\/strong><\/p>\n<table border=\"0\" width=\"629\" cellspacing=\"0\" cellpadding=\"0\">\n<tbody>\n<tr>\n<td><strong>Processo<\/strong>\u00a0<strong>n\u00ba<\/strong>:<\/td>\n<td>462603\/19<\/td>\n<\/tr>\n<tr>\n<td><strong>Ac\u00f3rd\u00e3o n\u00ba:<\/strong><\/td>\n<td>604\/20 &#8211; Tribunal Pleno<\/td>\n<\/tr>\n<tr>\n<td><strong>Assunto<\/strong>:<\/td>\n<td>Representa\u00e7\u00e3o<\/td>\n<\/tr>\n<tr>\n<td><strong>Entidade<\/strong>:<\/td>\n<td>Munic\u00edpio de Fazenda Rio Grande<\/td>\n<\/tr>\n<tr>\n<td><strong>Interessados<\/strong>:<\/td>\n<td>M\u00e1rcio Cl\u00e1udio Wozniack e Minist\u00e9rio P\u00fablico de Contas do Estado do Paran\u00e1<\/td>\n<\/tr>\n<tr>\n<td><strong>Relator<\/strong>:<\/td>\n<td>Conselheiro Ivan Lelis Bonilha<\/td>\n<\/tr>\n<\/tbody>\n<\/table>\n<p><strong><em><cite><span id=\"cphMasterPortal_lblInicioAutor\">Fonte:\u00a0<\/span><span id=\"cphMasterPortal_lblAutor\">Diretoria de Comunica\u00e7\u00e3o Social \u2013\u00a0<\/span><\/cite><span id=\"cphMasterPortal_lblFonte\">TCE\/PR.<\/span><\/em><\/strong><\/p>\n","protected":false},"excerpt":{"rendered":"<p>O Tribunal de Contas do Estado do Paran\u00e1 (TCE-PR) julgou irregular a contrata\u00e7\u00e3o, efetuada pelo Munic\u00edpio de Fazenda Rio Grande (Regi\u00e3o Metropolitana de Curitiba, RMC) em 2019, de empresa para realizar levantamento da evolu\u00e7\u00e3o dos \u00edndices de pessoal frente \u00e0 disponibilidade de receitas or\u00e7ament\u00e1rias do munic\u00edpio entre 2014 e 2018. Devido \u00e0 decis\u00e3o, o prefeito [&hellip;]<\/p>\n","protected":false},"author":5,"featured_media":9249,"comment_status":"open","ping_status":"open","sticky":false,"template":"","format":"standard","meta":{"_monsterinsights_skip_tracking":false,"_monsterinsights_sitenote_active":false,"_monsterinsights_sitenote_note":"","_monsterinsights_sitenote_category":0,"footnotes":""},"categories":[7,14],"tags":[],"class_list":["post-8919","post","type-post","status-publish","format-standard","has-post-thumbnail","hentry","category-todas-as-noticias","category-ultimas-noticias","entry","has-media"],"yoast_head":"<!-- This site is optimized with the Yoast SEO plugin v27.3 - https:\/\/yoast.com\/product\/yoast-seo-wordpress\/ -->\n<title>Prefeito de Fazenda Rio Grande deve restituir R$ 15 mil de contrata\u00e7\u00e3o indevida - Minist\u00e9rio P\u00fablico de Contas do Estado do Paran\u00e1<\/title>\n<meta name=\"robots\" content=\"index, follow, max-snippet:-1, max-image-preview:large, max-video-preview:-1\" \/>\n<link rel=\"canonical\" href=\"https:\/\/www.mpc.pr.gov.br\/index.php\/prefeito-de-fazenda-rio-grande-deve-restituir-r-15-mil-de-contratacao-indevida\/\" \/>\n<meta property=\"og:locale\" content=\"pt_BR\" \/>\n<meta property=\"og:type\" content=\"article\" \/>\n<meta property=\"og:title\" content=\"Prefeito de Fazenda Rio Grande deve restituir R$ 15 mil de contrata\u00e7\u00e3o indevida - Minist\u00e9rio P\u00fablico de Contas do Estado do Paran\u00e1\" \/>\n<meta property=\"og:description\" content=\"O Tribunal de Contas do Estado do Paran\u00e1 (TCE-PR) julgou irregular a contrata\u00e7\u00e3o, efetuada pelo Munic\u00edpio de Fazenda Rio Grande (Regi\u00e3o Metropolitana de Curitiba, RMC) em 2019, de empresa para realizar levantamento da evolu\u00e7\u00e3o dos \u00edndices de pessoal frente \u00e0 disponibilidade de receitas or\u00e7ament\u00e1rias do munic\u00edpio entre 2014 e 2018. Devido \u00e0 decis\u00e3o, o prefeito [&hellip;]\" \/>\n<meta property=\"og:url\" content=\"https:\/\/www.mpc.pr.gov.br\/index.php\/prefeito-de-fazenda-rio-grande-deve-restituir-r-15-mil-de-contratacao-indevida\/\" \/>\n<meta property=\"og:site_name\" content=\"Minist\u00e9rio P\u00fablico de Contas do Estado do Paran\u00e1\" \/>\n<meta property=\"article:publisher\" content=\"https:\/\/www.facebook.com\/mpc.pr\" \/>\n<meta property=\"article:published_time\" content=\"2020-04-23T18:38:02+00:00\" \/>\n<meta property=\"article:modified_time\" content=\"2020-07-09T20:07:51+00:00\" \/>\n<meta property=\"og:image\" content=\"https:\/\/www.mpc.pr.gov.br\/wp-content\/uploads\/2020\/04\/SEDE-TCE-PR.jpg\" \/>\n\t<meta property=\"og:image:width\" content=\"300\" \/>\n\t<meta property=\"og:image:height\" content=\"214\" \/>\n\t<meta property=\"og:image:type\" content=\"image\/jpeg\" \/>\n<meta name=\"author\" content=\"giovanna.faria\" \/>\n<meta name=\"twitter:card\" content=\"summary_large_image\" \/>\n<meta name=\"twitter:label1\" content=\"Escrito por\" \/>\n\t<meta name=\"twitter:data1\" content=\"giovanna.faria\" \/>\n\t<meta name=\"twitter:label2\" content=\"Est. tempo de leitura\" \/>\n\t<meta name=\"twitter:data2\" content=\"3 minutos\" \/>\n<script type=\"application\/ld+json\" class=\"yoast-schema-graph\">{\"@context\":\"https:\\\/\\\/schema.org\",\"@graph\":[{\"@type\":\"Article\",\"@id\":\"https:\\\/\\\/www.mpc.pr.gov.br\\\/index.php\\\/prefeito-de-fazenda-rio-grande-deve-restituir-r-15-mil-de-contratacao-indevida\\\/#article\",\"isPartOf\":{\"@id\":\"https:\\\/\\\/www.mpc.pr.gov.br\\\/index.php\\\/prefeito-de-fazenda-rio-grande-deve-restituir-r-15-mil-de-contratacao-indevida\\\/\"},\"author\":{\"name\":\"giovanna.faria\",\"@id\":\"https:\\\/\\\/www.mpc.pr.gov.br\\\/#\\\/schema\\\/person\\\/d0c5cf9ebb4d8be833c419f3538cf751\"},\"headline\":\"Prefeito de Fazenda Rio Grande deve restituir R$ 15 mil de contrata\u00e7\u00e3o indevida\",\"datePublished\":\"2020-04-23T18:38:02+00:00\",\"dateModified\":\"2020-07-09T20:07:51+00:00\",\"mainEntityOfPage\":{\"@id\":\"https:\\\/\\\/www.mpc.pr.gov.br\\\/index.php\\\/prefeito-de-fazenda-rio-grande-deve-restituir-r-15-mil-de-contratacao-indevida\\\/\"},\"wordCount\":568,\"commentCount\":0,\"publisher\":{\"@id\":\"https:\\\/\\\/www.mpc.pr.gov.br\\\/#organization\"},\"image\":{\"@id\":\"https:\\\/\\\/www.mpc.pr.gov.br\\\/index.php\\\/prefeito-de-fazenda-rio-grande-deve-restituir-r-15-mil-de-contratacao-indevida\\\/#primaryimage\"},\"thumbnailUrl\":\"https:\\\/\\\/www.mpc.pr.gov.br\\\/wp-content\\\/uploads\\\/2020\\\/04\\\/SEDE-TCE-PR.jpg\",\"articleSection\":[\"Todas as not\u00edcias\",\"\u00daltimas not\u00edcias\"],\"inLanguage\":\"pt-BR\",\"potentialAction\":[{\"@type\":\"CommentAction\",\"name\":\"Comment\",\"target\":[\"https:\\\/\\\/www.mpc.pr.gov.br\\\/index.php\\\/prefeito-de-fazenda-rio-grande-deve-restituir-r-15-mil-de-contratacao-indevida\\\/#respond\"]}]},{\"@type\":\"WebPage\",\"@id\":\"https:\\\/\\\/www.mpc.pr.gov.br\\\/index.php\\\/prefeito-de-fazenda-rio-grande-deve-restituir-r-15-mil-de-contratacao-indevida\\\/\",\"url\":\"https:\\\/\\\/www.mpc.pr.gov.br\\\/index.php\\\/prefeito-de-fazenda-rio-grande-deve-restituir-r-15-mil-de-contratacao-indevida\\\/\",\"name\":\"Prefeito de Fazenda Rio Grande deve restituir R$ 15 mil de contrata\u00e7\u00e3o indevida - Minist\u00e9rio P\u00fablico de Contas do Estado do Paran\u00e1\",\"isPartOf\":{\"@id\":\"https:\\\/\\\/www.mpc.pr.gov.br\\\/#website\"},\"primaryImageOfPage\":{\"@id\":\"https:\\\/\\\/www.mpc.pr.gov.br\\\/index.php\\\/prefeito-de-fazenda-rio-grande-deve-restituir-r-15-mil-de-contratacao-indevida\\\/#primaryimage\"},\"image\":{\"@id\":\"https:\\\/\\\/www.mpc.pr.gov.br\\\/index.php\\\/prefeito-de-fazenda-rio-grande-deve-restituir-r-15-mil-de-contratacao-indevida\\\/#primaryimage\"},\"thumbnailUrl\":\"https:\\\/\\\/www.mpc.pr.gov.br\\\/wp-content\\\/uploads\\\/2020\\\/04\\\/SEDE-TCE-PR.jpg\",\"datePublished\":\"2020-04-23T18:38:02+00:00\",\"dateModified\":\"2020-07-09T20:07:51+00:00\",\"breadcrumb\":{\"@id\":\"https:\\\/\\\/www.mpc.pr.gov.br\\\/index.php\\\/prefeito-de-fazenda-rio-grande-deve-restituir-r-15-mil-de-contratacao-indevida\\\/#breadcrumb\"},\"inLanguage\":\"pt-BR\",\"potentialAction\":[{\"@type\":\"ReadAction\",\"target\":[\"https:\\\/\\\/www.mpc.pr.gov.br\\\/index.php\\\/prefeito-de-fazenda-rio-grande-deve-restituir-r-15-mil-de-contratacao-indevida\\\/\"]}]},{\"@type\":\"ImageObject\",\"inLanguage\":\"pt-BR\",\"@id\":\"https:\\\/\\\/www.mpc.pr.gov.br\\\/index.php\\\/prefeito-de-fazenda-rio-grande-deve-restituir-r-15-mil-de-contratacao-indevida\\\/#primaryimage\",\"url\":\"https:\\\/\\\/www.mpc.pr.gov.br\\\/wp-content\\\/uploads\\\/2020\\\/04\\\/SEDE-TCE-PR.jpg\",\"contentUrl\":\"https:\\\/\\\/www.mpc.pr.gov.br\\\/wp-content\\\/uploads\\\/2020\\\/04\\\/SEDE-TCE-PR.jpg\",\"width\":300,\"height\":214,\"caption\":\"Vista do Edif\u00edcio-Sede do TCE-PR, no bairro Centro C\u00edvico, em Curitiba. Foto: Wagner Ara\u00fajo\\\/Divulga\u00e7\u00e3o TCE-PR\"},{\"@type\":\"BreadcrumbList\",\"@id\":\"https:\\\/\\\/www.mpc.pr.gov.br\\\/index.php\\\/prefeito-de-fazenda-rio-grande-deve-restituir-r-15-mil-de-contratacao-indevida\\\/#breadcrumb\",\"itemListElement\":[{\"@type\":\"ListItem\",\"position\":1,\"name\":\"In\u00edcio\",\"item\":\"https:\\\/\\\/www.mpc.pr.gov.br\\\/\"},{\"@type\":\"ListItem\",\"position\":2,\"name\":\"Prefeito de Fazenda Rio Grande deve restituir R$ 15 mil de contrata\u00e7\u00e3o indevida\"}]},{\"@type\":\"WebSite\",\"@id\":\"https:\\\/\\\/www.mpc.pr.gov.br\\\/#website\",\"url\":\"https:\\\/\\\/www.mpc.pr.gov.br\\\/\",\"name\":\"Minist\u00e9rio P\u00fablico de Contas do Estado do Paran\u00e1\",\"description\":\"\",\"publisher\":{\"@id\":\"https:\\\/\\\/www.mpc.pr.gov.br\\\/#organization\"},\"potentialAction\":[{\"@type\":\"SearchAction\",\"target\":{\"@type\":\"EntryPoint\",\"urlTemplate\":\"https:\\\/\\\/www.mpc.pr.gov.br\\\/?s={search_term_string}\"},\"query-input\":{\"@type\":\"PropertyValueSpecification\",\"valueRequired\":true,\"valueName\":\"search_term_string\"}}],\"inLanguage\":\"pt-BR\"},{\"@type\":\"Organization\",\"@id\":\"https:\\\/\\\/www.mpc.pr.gov.br\\\/#organization\",\"name\":\"Minist\u00e9rio P\u00fablico de Contas do Estado do Paran\u00e1\",\"url\":\"https:\\\/\\\/www.mpc.pr.gov.br\\\/\",\"logo\":{\"@type\":\"ImageObject\",\"inLanguage\":\"pt-BR\",\"@id\":\"https:\\\/\\\/www.mpc.pr.gov.br\\\/#\\\/schema\\\/logo\\\/image\\\/\",\"url\":\"https:\\\/\\\/www.mpc.pr.gov.br\\\/wp-content\\\/uploads\\\/2020\\\/06\\\/99423647_1593460364143890_6706793420720963584_n-1-e1591387983167.png\",\"contentUrl\":\"https:\\\/\\\/www.mpc.pr.gov.br\\\/wp-content\\\/uploads\\\/2020\\\/06\\\/99423647_1593460364143890_6706793420720963584_n-1-e1591387983167.png\",\"width\":243,\"height\":73,\"caption\":\"Minist\u00e9rio P\u00fablico de Contas do Estado do Paran\u00e1\"},\"image\":{\"@id\":\"https:\\\/\\\/www.mpc.pr.gov.br\\\/#\\\/schema\\\/logo\\\/image\\\/\"},\"sameAs\":[\"https:\\\/\\\/www.facebook.com\\\/mpc.pr\",\"https:\\\/\\\/www.instagram.com\\\/mpc.pr\\\/?hl=pt-br\",\"https:\\\/\\\/www.youtube.com\\\/channel\\\/UCHri5oEM8DV0ztX57E0sBSw\"]},{\"@type\":\"Person\",\"@id\":\"https:\\\/\\\/www.mpc.pr.gov.br\\\/#\\\/schema\\\/person\\\/d0c5cf9ebb4d8be833c419f3538cf751\",\"name\":\"giovanna.faria\",\"image\":{\"@type\":\"ImageObject\",\"inLanguage\":\"pt-BR\",\"@id\":\"https:\\\/\\\/secure.gravatar.com\\\/avatar\\\/?s=96&d=mm&r=g\",\"url\":\"https:\\\/\\\/secure.gravatar.com\\\/avatar\\\/?s=96&d=mm&r=g\",\"contentUrl\":\"https:\\\/\\\/secure.gravatar.com\\\/avatar\\\/?s=96&d=mm&r=g\",\"caption\":\"giovanna.faria\"}}]}<\/script>\n<!-- \/ Yoast SEO plugin. -->","yoast_head_json":{"title":"Prefeito de Fazenda Rio Grande deve restituir R$ 15 mil de contrata\u00e7\u00e3o indevida - Minist\u00e9rio P\u00fablico de Contas do Estado do Paran\u00e1","robots":{"index":"index","follow":"follow","max-snippet":"max-snippet:-1","max-image-preview":"max-image-preview:large","max-video-preview":"max-video-preview:-1"},"canonical":"https:\/\/www.mpc.pr.gov.br\/index.php\/prefeito-de-fazenda-rio-grande-deve-restituir-r-15-mil-de-contratacao-indevida\/","og_locale":"pt_BR","og_type":"article","og_title":"Prefeito de Fazenda Rio Grande deve restituir R$ 15 mil de contrata\u00e7\u00e3o indevida - Minist\u00e9rio P\u00fablico de Contas do Estado do Paran\u00e1","og_description":"O Tribunal de Contas do Estado do Paran\u00e1 (TCE-PR) julgou irregular a contrata\u00e7\u00e3o, efetuada pelo Munic\u00edpio de Fazenda Rio Grande (Regi\u00e3o Metropolitana de Curitiba, RMC) em 2019, de empresa para realizar levantamento da evolu\u00e7\u00e3o dos \u00edndices de pessoal frente \u00e0 disponibilidade de receitas or\u00e7ament\u00e1rias do munic\u00edpio entre 2014 e 2018. Devido \u00e0 decis\u00e3o, o prefeito [&hellip;]","og_url":"https:\/\/www.mpc.pr.gov.br\/index.php\/prefeito-de-fazenda-rio-grande-deve-restituir-r-15-mil-de-contratacao-indevida\/","og_site_name":"Minist\u00e9rio P\u00fablico de Contas do Estado do Paran\u00e1","article_publisher":"https:\/\/www.facebook.com\/mpc.pr","article_published_time":"2020-04-23T18:38:02+00:00","article_modified_time":"2020-07-09T20:07:51+00:00","og_image":[{"width":300,"height":214,"url":"https:\/\/www.mpc.pr.gov.br\/wp-content\/uploads\/2020\/04\/SEDE-TCE-PR.jpg","type":"image\/jpeg"}],"author":"giovanna.faria","twitter_card":"summary_large_image","twitter_misc":{"Escrito por":"giovanna.faria","Est. tempo de leitura":"3 minutos"},"schema":{"@context":"https:\/\/schema.org","@graph":[{"@type":"Article","@id":"https:\/\/www.mpc.pr.gov.br\/index.php\/prefeito-de-fazenda-rio-grande-deve-restituir-r-15-mil-de-contratacao-indevida\/#article","isPartOf":{"@id":"https:\/\/www.mpc.pr.gov.br\/index.php\/prefeito-de-fazenda-rio-grande-deve-restituir-r-15-mil-de-contratacao-indevida\/"},"author":{"name":"giovanna.faria","@id":"https:\/\/www.mpc.pr.gov.br\/#\/schema\/person\/d0c5cf9ebb4d8be833c419f3538cf751"},"headline":"Prefeito de Fazenda Rio Grande deve restituir R$ 15 mil de contrata\u00e7\u00e3o indevida","datePublished":"2020-04-23T18:38:02+00:00","dateModified":"2020-07-09T20:07:51+00:00","mainEntityOfPage":{"@id":"https:\/\/www.mpc.pr.gov.br\/index.php\/prefeito-de-fazenda-rio-grande-deve-restituir-r-15-mil-de-contratacao-indevida\/"},"wordCount":568,"commentCount":0,"publisher":{"@id":"https:\/\/www.mpc.pr.gov.br\/#organization"},"image":{"@id":"https:\/\/www.mpc.pr.gov.br\/index.php\/prefeito-de-fazenda-rio-grande-deve-restituir-r-15-mil-de-contratacao-indevida\/#primaryimage"},"thumbnailUrl":"https:\/\/www.mpc.pr.gov.br\/wp-content\/uploads\/2020\/04\/SEDE-TCE-PR.jpg","articleSection":["Todas as not\u00edcias","\u00daltimas not\u00edcias"],"inLanguage":"pt-BR","potentialAction":[{"@type":"CommentAction","name":"Comment","target":["https:\/\/www.mpc.pr.gov.br\/index.php\/prefeito-de-fazenda-rio-grande-deve-restituir-r-15-mil-de-contratacao-indevida\/#respond"]}]},{"@type":"WebPage","@id":"https:\/\/www.mpc.pr.gov.br\/index.php\/prefeito-de-fazenda-rio-grande-deve-restituir-r-15-mil-de-contratacao-indevida\/","url":"https:\/\/www.mpc.pr.gov.br\/index.php\/prefeito-de-fazenda-rio-grande-deve-restituir-r-15-mil-de-contratacao-indevida\/","name":"Prefeito de Fazenda Rio Grande deve restituir R$ 15 mil de contrata\u00e7\u00e3o indevida - Minist\u00e9rio P\u00fablico de Contas do Estado do Paran\u00e1","isPartOf":{"@id":"https:\/\/www.mpc.pr.gov.br\/#website"},"primaryImageOfPage":{"@id":"https:\/\/www.mpc.pr.gov.br\/index.php\/prefeito-de-fazenda-rio-grande-deve-restituir-r-15-mil-de-contratacao-indevida\/#primaryimage"},"image":{"@id":"https:\/\/www.mpc.pr.gov.br\/index.php\/prefeito-de-fazenda-rio-grande-deve-restituir-r-15-mil-de-contratacao-indevida\/#primaryimage"},"thumbnailUrl":"https:\/\/www.mpc.pr.gov.br\/wp-content\/uploads\/2020\/04\/SEDE-TCE-PR.jpg","datePublished":"2020-04-23T18:38:02+00:00","dateModified":"2020-07-09T20:07:51+00:00","breadcrumb":{"@id":"https:\/\/www.mpc.pr.gov.br\/index.php\/prefeito-de-fazenda-rio-grande-deve-restituir-r-15-mil-de-contratacao-indevida\/#breadcrumb"},"inLanguage":"pt-BR","potentialAction":[{"@type":"ReadAction","target":["https:\/\/www.mpc.pr.gov.br\/index.php\/prefeito-de-fazenda-rio-grande-deve-restituir-r-15-mil-de-contratacao-indevida\/"]}]},{"@type":"ImageObject","inLanguage":"pt-BR","@id":"https:\/\/www.mpc.pr.gov.br\/index.php\/prefeito-de-fazenda-rio-grande-deve-restituir-r-15-mil-de-contratacao-indevida\/#primaryimage","url":"https:\/\/www.mpc.pr.gov.br\/wp-content\/uploads\/2020\/04\/SEDE-TCE-PR.jpg","contentUrl":"https:\/\/www.mpc.pr.gov.br\/wp-content\/uploads\/2020\/04\/SEDE-TCE-PR.jpg","width":300,"height":214,"caption":"Vista do Edif\u00edcio-Sede do TCE-PR, no bairro Centro C\u00edvico, em Curitiba. Foto: Wagner Ara\u00fajo\/Divulga\u00e7\u00e3o TCE-PR"},{"@type":"BreadcrumbList","@id":"https:\/\/www.mpc.pr.gov.br\/index.php\/prefeito-de-fazenda-rio-grande-deve-restituir-r-15-mil-de-contratacao-indevida\/#breadcrumb","itemListElement":[{"@type":"ListItem","position":1,"name":"In\u00edcio","item":"https:\/\/www.mpc.pr.gov.br\/"},{"@type":"ListItem","position":2,"name":"Prefeito de Fazenda Rio Grande deve restituir R$ 15 mil de contrata\u00e7\u00e3o indevida"}]},{"@type":"WebSite","@id":"https:\/\/www.mpc.pr.gov.br\/#website","url":"https:\/\/www.mpc.pr.gov.br\/","name":"Minist\u00e9rio P\u00fablico de Contas do Estado do Paran\u00e1","description":"","publisher":{"@id":"https:\/\/www.mpc.pr.gov.br\/#organization"},"potentialAction":[{"@type":"SearchAction","target":{"@type":"EntryPoint","urlTemplate":"https:\/\/www.mpc.pr.gov.br\/?s={search_term_string}"},"query-input":{"@type":"PropertyValueSpecification","valueRequired":true,"valueName":"search_term_string"}}],"inLanguage":"pt-BR"},{"@type":"Organization","@id":"https:\/\/www.mpc.pr.gov.br\/#organization","name":"Minist\u00e9rio P\u00fablico de Contas do Estado do Paran\u00e1","url":"https:\/\/www.mpc.pr.gov.br\/","logo":{"@type":"ImageObject","inLanguage":"pt-BR","@id":"https:\/\/www.mpc.pr.gov.br\/#\/schema\/logo\/image\/","url":"https:\/\/www.mpc.pr.gov.br\/wp-content\/uploads\/2020\/06\/99423647_1593460364143890_6706793420720963584_n-1-e1591387983167.png","contentUrl":"https:\/\/www.mpc.pr.gov.br\/wp-content\/uploads\/2020\/06\/99423647_1593460364143890_6706793420720963584_n-1-e1591387983167.png","width":243,"height":73,"caption":"Minist\u00e9rio P\u00fablico de Contas do Estado do Paran\u00e1"},"image":{"@id":"https:\/\/www.mpc.pr.gov.br\/#\/schema\/logo\/image\/"},"sameAs":["https:\/\/www.facebook.com\/mpc.pr","https:\/\/www.instagram.com\/mpc.pr\/?hl=pt-br","https:\/\/www.youtube.com\/channel\/UCHri5oEM8DV0ztX57E0sBSw"]},{"@type":"Person","@id":"https:\/\/www.mpc.pr.gov.br\/#\/schema\/person\/d0c5cf9ebb4d8be833c419f3538cf751","name":"giovanna.faria","image":{"@type":"ImageObject","inLanguage":"pt-BR","@id":"https:\/\/secure.gravatar.com\/avatar\/?s=96&d=mm&r=g","url":"https:\/\/secure.gravatar.com\/avatar\/?s=96&d=mm&r=g","contentUrl":"https:\/\/secure.gravatar.com\/avatar\/?s=96&d=mm&r=g","caption":"giovanna.faria"}}]}},"rttpg_featured_image_url":{"full":["https:\/\/www.mpc.pr.gov.br\/wp-content\/uploads\/2020\/04\/SEDE-TCE-PR.jpg",300,214,false],"landscape":["https:\/\/www.mpc.pr.gov.br\/wp-content\/uploads\/2020\/04\/SEDE-TCE-PR.jpg",300,214,false],"portraits":["https:\/\/www.mpc.pr.gov.br\/wp-content\/uploads\/2020\/04\/SEDE-TCE-PR.jpg",300,214,false],"thumbnail":["https:\/\/www.mpc.pr.gov.br\/wp-content\/uploads\/2020\/04\/SEDE-TCE-PR-150x150.jpg",150,150,true],"medium":["https:\/\/www.mpc.pr.gov.br\/wp-content\/uploads\/2020\/04\/SEDE-TCE-PR.jpg",300,214,false],"large":["https:\/\/www.mpc.pr.gov.br\/wp-content\/uploads\/2020\/04\/SEDE-TCE-PR.jpg",300,214,false],"1536x1536":["https:\/\/www.mpc.pr.gov.br\/wp-content\/uploads\/2020\/04\/SEDE-TCE-PR.jpg",300,214,false],"2048x2048":["https:\/\/www.mpc.pr.gov.br\/wp-content\/uploads\/2020\/04\/SEDE-TCE-PR.jpg",300,214,false],"ocean-thumb-m":["https:\/\/www.mpc.pr.gov.br\/wp-content\/uploads\/2020\/04\/SEDE-TCE-PR.jpg",300,214,false],"ocean-thumb-ml":["https:\/\/www.mpc.pr.gov.br\/wp-content\/uploads\/2020\/04\/SEDE-TCE-PR.jpg",300,214,false],"ocean-thumb-l":["https:\/\/www.mpc.pr.gov.br\/wp-content\/uploads\/2020\/04\/SEDE-TCE-PR.jpg",300,214,false]},"rttpg_author":{"display_name":"giovanna.faria","author_link":"https:\/\/www.mpc.pr.gov.br\/index.php\/author\/giovanna-faria\/"},"rttpg_comment":0,"rttpg_category":"<a href=\"https:\/\/www.mpc.pr.gov.br\/index.php\/category\/todas-as-noticias\/\" rel=\"category tag\">Todas as not\u00edcias<\/a> <a href=\"https:\/\/www.mpc.pr.gov.br\/index.php\/category\/ultimas-noticias\/\" rel=\"category tag\">\u00daltimas not\u00edcias<\/a>","rttpg_excerpt":"O Tribunal de Contas do Estado do Paran\u00e1 (TCE-PR) julgou irregular a contrata\u00e7\u00e3o, efetuada pelo Munic\u00edpio de Fazenda Rio Grande (Regi\u00e3o Metropolitana de Curitiba, RMC) em 2019, de empresa para realizar levantamento da evolu\u00e7\u00e3o dos \u00edndices de pessoal frente \u00e0 disponibilidade de receitas or\u00e7ament\u00e1rias do munic\u00edpio entre 2014 e 2018. Devido \u00e0 decis\u00e3o, o prefeito&hellip;","_links":{"self":[{"href":"https:\/\/www.mpc.pr.gov.br\/index.php\/wp-json\/wp\/v2\/posts\/8919","targetHints":{"allow":["GET"]}}],"collection":[{"href":"https:\/\/www.mpc.pr.gov.br\/index.php\/wp-json\/wp\/v2\/posts"}],"about":[{"href":"https:\/\/www.mpc.pr.gov.br\/index.php\/wp-json\/wp\/v2\/types\/post"}],"author":[{"embeddable":true,"href":"https:\/\/www.mpc.pr.gov.br\/index.php\/wp-json\/wp\/v2\/users\/5"}],"replies":[{"embeddable":true,"href":"https:\/\/www.mpc.pr.gov.br\/index.php\/wp-json\/wp\/v2\/comments?post=8919"}],"version-history":[{"count":1,"href":"https:\/\/www.mpc.pr.gov.br\/index.php\/wp-json\/wp\/v2\/posts\/8919\/revisions"}],"predecessor-version":[{"id":9250,"href":"https:\/\/www.mpc.pr.gov.br\/index.php\/wp-json\/wp\/v2\/posts\/8919\/revisions\/9250"}],"wp:featuredmedia":[{"embeddable":true,"href":"https:\/\/www.mpc.pr.gov.br\/index.php\/wp-json\/wp\/v2\/media\/9249"}],"wp:attachment":[{"href":"https:\/\/www.mpc.pr.gov.br\/index.php\/wp-json\/wp\/v2\/media?parent=8919"}],"wp:term":[{"taxonomy":"category","embeddable":true,"href":"https:\/\/www.mpc.pr.gov.br\/index.php\/wp-json\/wp\/v2\/categories?post=8919"},{"taxonomy":"post_tag","embeddable":true,"href":"https:\/\/www.mpc.pr.gov.br\/index.php\/wp-json\/wp\/v2\/tags?post=8919"}],"curies":[{"name":"wp","href":"https:\/\/api.w.org\/{rel}","templated":true}]}}