{"id":8921,"date":"2020-04-23T18:08:50","date_gmt":"2020-04-23T21:08:50","guid":{"rendered":"http:\/\/www.mpc.pr.gov.br\/?p=8921"},"modified":"2020-07-09T17:07:25","modified_gmt":"2020-07-09T20:07:25","slug":"tce-pr-concede-cautelar-e-municipio-de-fazenda-rio-grande-deve-suspender-contrato-para-aquisicao-de-notebooks","status":"publish","type":"post","link":"https:\/\/www.mpc.pr.gov.br\/index.php\/tce-pr-concede-cautelar-e-municipio-de-fazenda-rio-grande-deve-suspender-contrato-para-aquisicao-de-notebooks\/","title":{"rendered":"TCE-PR concede cautelar e munic\u00edpio de Fazenda Rio Grande deve suspender contrato para aquisi\u00e7\u00e3o de notebooks"},"content":{"rendered":"<figure id=\"attachment_8923\" aria-describedby=\"caption-attachment-8923\" style=\"width: 300px\" class=\"wp-caption alignleft\"><a href=\"http:\/\/www.mpc.pr.gov.br\/tce-pr-concede-cautelar-e-municipio-de-fazenda-rio-grande-deve-suspender-contrato-para-aquisicao-de-notebooks\/fazenda-rio-grande\/\" rel=\"attachment wp-att-8923\"><img fetchpriority=\"high\" decoding=\"async\" class=\"wp-image-8923 size-medium\" src=\"http:\/\/www.mpc.pr.gov.br\/wp-content\/uploads\/2020\/04\/Fazenda-Rio-Grande-300x230.jpg\" alt=\"\" width=\"300\" height=\"230\" \/><\/a><figcaption id=\"caption-attachment-8923\" class=\"wp-caption-text\">Prefeitura do munic\u00edpio de Fazenda Rio Grande (Regi\u00e3o Metropolitana de Curitiba). Foto: Divulga\u00e7\u00e3o.<\/figcaption><\/figure>\n<p>O Presidente do Tribunal de Contas do Paran\u00e1 (TCE-PR), Conselheiro Nestor Baptista determinou a expedi\u00e7\u00e3o de medida cautelar, a fim de suspender o Contrato n\u00b0 35\/2020, que trata da dispensa de licita\u00e7\u00e3o de n\u00ba 32\/2020, firmado pelo munic\u00edpio de Fazenda Rio Grande com a Empresa M.I \u2013 Equipamentos Eletr\u00f4nicos LTDA, destinado a aquisi\u00e7\u00e3o de notebooks.<\/p>\n<p>A decis\u00e3o foi proferida por meio do Despacho n\u00b0 1206\/20, no processo de Representa\u00e7\u00e3o da Lei n\u00b0 8.666\/93 interposta pelo MP de Contas do Paran\u00e1 (MPC-PR) \u2013 Processo n\u00b0 236441\/20, que tomou ci\u00eancia das irregularidades por meio de den\u00fancia feita por cidad\u00e3o, no canal de comunica\u00e7\u00e3o institucional <a href=\"mailto:faleconosco@mpc.pr.gov.br\">faleconosco@mpc.pr.gov.br<\/a>.<\/p>\n<p>Ao analisar a demanda, o \u00f3rg\u00e3o ministerial verificou que a solicita\u00e7\u00e3o de notebooks partiu da Secretaria Municipal de Administra\u00e7\u00e3o, sob a justificativa de manter o adequado funcionamento dos servi\u00e7os de compet\u00eancia municipal e ao mesmo tempo resguardar a sa\u00fade de seus colaboradores e contribuir para a conten\u00e7\u00e3o da epidemia do Coronav\u00edrus (COVID-19).<\/p>\n<p>Identificou-se ainda que a contrata\u00e7\u00e3o foi autorizada na modalidade de Dispensa de Licita\u00e7\u00e3o Emergencial e estabeleceu, como contrapresta\u00e7\u00e3o \u00e0 contratada, o valor de R$ 109.975,00 pela aquisi\u00e7\u00e3o de 25 unidades de Notebooks pelo pre\u00e7o unit\u00e1rio de R$ 4.399,00.<\/p>\n<p>Embora razo\u00e1vel a justificativa apresentada, o MP de Constas observou que o gestor p\u00fablico n\u00e3o seguiu os devidos tr\u00e2mites procedimentais em vista de garantir n\u00e3o apenas a sele\u00e7\u00e3o da proposta mais vantajosa para a administra\u00e7\u00e3o, como tamb\u00e9m, assegurar o princ\u00edpio constitucional da isonomia entre os potenciais fornecedores do objeto pretendido pelo Poder P\u00fablico.<\/p>\n<p>Em consulta ao portal de transpar\u00eancia do munic\u00edpio de Fazenda Rio Grande, o MPC-PR verificou que n\u00e3o foi apresentada justificativa a escolha do fornecedor e do pre\u00e7o, nem ficou demonstrada a razoabilidade do valor da contrata\u00e7\u00e3o, que se deu em pre\u00e7o superior ao praticado no mercado para o mesmo tipo de produto e de mesma especificidade t\u00e9cnica.<\/p>\n<p>Al\u00e9m disso, a sede da empresa contratada fica no munic\u00edpio de Toledo, na regi\u00e3o oeste do Estado do Paran\u00e1, distante cerca de 558,9 km do munic\u00edpio de Fazenda Rio Grande. Destaca-se, tamb\u00e9m, que as outras duas microempresas consultadas para fins de promover o or\u00e7amento possuem sede em localidades extremamente distantes do munic\u00edpio contratante, sendo uma delas em Londrina e a outra tamb\u00e9m em Toledo.<\/p>\n<p>Tal fato gerou estranheza a este \u00f3rg\u00e3o ministerial, uma vez que h\u00e1 in\u00fameras empresas sediadas na regi\u00e3o metropolitana de Curitiba, que concentra maior variedade de oferta de bens e servi\u00e7os, al\u00e9m de serem mais pr\u00f3ximas do munic\u00edpio, o que facilitaria a log\u00edstica para entrega dos equipamentos.<\/p>\n<p>Ademais, a t\u00edtulo de exemplo, uma pesquisa realizada no site de compras Menor Pre\u00e7o, mostrou que a unidade de um notebook com especifica\u00e7\u00f5es t\u00e9cnicas semelhantes custava em m\u00e9dia R$ 2407,91, o que revela uma discrep\u00e2ncia entre o valor de mercado, os que foram or\u00e7ados para balizar o valor da contrata\u00e7\u00e3o e o montante efetivamente contratado por meio da dispensa de licita\u00e7\u00e3o.<\/p>\n<p>Diante das impropriedades verificadas, o MP de Contas concluiu que, a despeito do estado de calamidade p\u00fablica que possibilitou a dispensa de licita\u00e7\u00e3o, o munic\u00edpio de Fazenda Rio Grande n\u00e3o cumpriu os requisitos m\u00ednimos previstos nas Leis n\u00b0 8.666\/93 e n\u00b0 13.979\/20, tendo em vista que mesmo em situa\u00e7\u00e3o que caracterize a contrata\u00e7\u00e3o direta, imp\u00f5e-se \u00e0 administra\u00e7\u00e3o p\u00fablica a instaura\u00e7\u00e3o de pr\u00e9vio processo administrativo, com a justificativa da escolha do contratado, bem como a comprova\u00e7\u00e3o da economicidade do pre\u00e7o praticado, visando afastar eventuais questionamentos apontando para superfaturamento de pre\u00e7os, comprometendo a efic\u00e1cia do ajuste.<\/p>\n<p>O relator do processo acolheu a Representa\u00e7\u00e3o ministerial, ap\u00f3s considerar que se confirma a exist\u00eancia de fortes ind\u00edcios de sobrepre\u00e7o e\/ou superfaturamento. Al\u00e9m da concess\u00e3o da medida cautelar, a fim de suspender imediatamente o contrato, tamb\u00e9m foi determinada a intima\u00e7\u00e3o com urg\u00eancia, do prefeito de Fazenda Rio Grande, M\u00e1rcio Cl\u00e1udio Wozniack (gest\u00e3o 2017-2020), para que apresente defesa e de cumprimento a decis\u00e3o.<\/p>\n<p>A \u00edntegra da Representa\u00e7\u00e3o n\u00b0 236441\/20 est\u00e1 dispon\u00edvel <a href=\"http:\/\/www.mpc.pr.gov.br\/mp-de-contas-protocola-representacao-para-apurar-impropriedades-na-aquisicao-de-notebooks-pelo-municipio-de-fazenda-rio-grande\/representacao-236441-20\/\">aqui<\/a>, e o Despacho n\u00b0 1206\/20 pode ser acessado <a href=\"http:\/\/www.mpc.pr.gov.br\/wp-content\/uploads\/2020\/04\/Despacho-1206_-20-GP-Representacao-Fazenda-Rio-Grande.pdf\">aqui<\/a>.<\/p>\n","protected":false},"excerpt":{"rendered":"<p>O Presidente do Tribunal de Contas do Paran\u00e1 (TCE-PR), Conselheiro Nestor Baptista determinou a expedi\u00e7\u00e3o de medida cautelar, a fim de suspender o Contrato n\u00b0 35\/2020, que trata da dispensa de licita\u00e7\u00e3o de n\u00ba 32\/2020, firmado pelo munic\u00edpio de Fazenda Rio Grande com a Empresa M.I \u2013 Equipamentos Eletr\u00f4nicos LTDA, destinado a aquisi\u00e7\u00e3o de notebooks. [&hellip;]<\/p>\n","protected":false},"author":5,"featured_media":9247,"comment_status":"open","ping_status":"open","sticky":false,"template":"","format":"standard","meta":{"_monsterinsights_skip_tracking":false,"_monsterinsights_sitenote_active":false,"_monsterinsights_sitenote_note":"","_monsterinsights_sitenote_category":0,"footnotes":""},"categories":[7,14],"tags":[],"class_list":["post-8921","post","type-post","status-publish","format-standard","has-post-thumbnail","hentry","category-todas-as-noticias","category-ultimas-noticias","entry","has-media"],"yoast_head":"<!-- This site is optimized with the Yoast SEO plugin v27.3 - https:\/\/yoast.com\/product\/yoast-seo-wordpress\/ -->\n<title>TCE-PR concede cautelar e munic\u00edpio de Fazenda Rio Grande deve suspender contrato para aquisi\u00e7\u00e3o de notebooks - Minist\u00e9rio P\u00fablico de Contas do Estado do Paran\u00e1<\/title>\n<meta name=\"robots\" content=\"index, follow, max-snippet:-1, max-image-preview:large, max-video-preview:-1\" \/>\n<link rel=\"canonical\" href=\"https:\/\/www.mpc.pr.gov.br\/index.php\/tce-pr-concede-cautelar-e-municipio-de-fazenda-rio-grande-deve-suspender-contrato-para-aquisicao-de-notebooks\/\" \/>\n<meta property=\"og:locale\" content=\"pt_BR\" \/>\n<meta property=\"og:type\" content=\"article\" \/>\n<meta property=\"og:title\" content=\"TCE-PR concede cautelar e munic\u00edpio de Fazenda Rio Grande deve suspender contrato para aquisi\u00e7\u00e3o de notebooks - Minist\u00e9rio P\u00fablico de Contas do Estado do Paran\u00e1\" \/>\n<meta property=\"og:description\" content=\"O Presidente do Tribunal de Contas do Paran\u00e1 (TCE-PR), Conselheiro Nestor Baptista determinou a expedi\u00e7\u00e3o de medida cautelar, a fim de suspender o Contrato n\u00b0 35\/2020, que trata da dispensa de licita\u00e7\u00e3o de n\u00ba 32\/2020, firmado pelo munic\u00edpio de Fazenda Rio Grande com a Empresa M.I \u2013 Equipamentos Eletr\u00f4nicos LTDA, destinado a aquisi\u00e7\u00e3o de notebooks. [&hellip;]\" \/>\n<meta property=\"og:url\" content=\"https:\/\/www.mpc.pr.gov.br\/index.php\/tce-pr-concede-cautelar-e-municipio-de-fazenda-rio-grande-deve-suspender-contrato-para-aquisicao-de-notebooks\/\" \/>\n<meta property=\"og:site_name\" content=\"Minist\u00e9rio P\u00fablico de Contas do Estado do Paran\u00e1\" \/>\n<meta property=\"article:publisher\" content=\"https:\/\/www.facebook.com\/mpc.pr\" \/>\n<meta property=\"article:published_time\" content=\"2020-04-23T21:08:50+00:00\" \/>\n<meta property=\"article:modified_time\" content=\"2020-07-09T20:07:25+00:00\" \/>\n<meta property=\"og:image\" content=\"https:\/\/www.mpc.pr.gov.br\/wp-content\/uploads\/2020\/04\/FAZENDA-RIO-GRANDE-1.jpg\" \/>\n\t<meta property=\"og:image:width\" content=\"300\" \/>\n\t<meta property=\"og:image:height\" content=\"230\" \/>\n\t<meta property=\"og:image:type\" content=\"image\/jpeg\" \/>\n<meta name=\"author\" content=\"giovanna.faria\" \/>\n<meta name=\"twitter:card\" content=\"summary_large_image\" \/>\n<meta name=\"twitter:label1\" content=\"Escrito por\" \/>\n\t<meta name=\"twitter:data1\" content=\"giovanna.faria\" \/>\n\t<meta name=\"twitter:label2\" content=\"Est. tempo de leitura\" \/>\n\t<meta name=\"twitter:data2\" content=\"4 minutos\" \/>\n<script type=\"application\/ld+json\" class=\"yoast-schema-graph\">{\"@context\":\"https:\\\/\\\/schema.org\",\"@graph\":[{\"@type\":\"Article\",\"@id\":\"https:\\\/\\\/www.mpc.pr.gov.br\\\/index.php\\\/tce-pr-concede-cautelar-e-municipio-de-fazenda-rio-grande-deve-suspender-contrato-para-aquisicao-de-notebooks\\\/#article\",\"isPartOf\":{\"@id\":\"https:\\\/\\\/www.mpc.pr.gov.br\\\/index.php\\\/tce-pr-concede-cautelar-e-municipio-de-fazenda-rio-grande-deve-suspender-contrato-para-aquisicao-de-notebooks\\\/\"},\"author\":{\"name\":\"giovanna.faria\",\"@id\":\"https:\\\/\\\/www.mpc.pr.gov.br\\\/#\\\/schema\\\/person\\\/d0c5cf9ebb4d8be833c419f3538cf751\"},\"headline\":\"TCE-PR concede cautelar e munic\u00edpio de Fazenda Rio Grande deve suspender contrato para aquisi\u00e7\u00e3o de notebooks\",\"datePublished\":\"2020-04-23T21:08:50+00:00\",\"dateModified\":\"2020-07-09T20:07:25+00:00\",\"mainEntityOfPage\":{\"@id\":\"https:\\\/\\\/www.mpc.pr.gov.br\\\/index.php\\\/tce-pr-concede-cautelar-e-municipio-de-fazenda-rio-grande-deve-suspender-contrato-para-aquisicao-de-notebooks\\\/\"},\"wordCount\":776,\"commentCount\":0,\"publisher\":{\"@id\":\"https:\\\/\\\/www.mpc.pr.gov.br\\\/#organization\"},\"image\":{\"@id\":\"https:\\\/\\\/www.mpc.pr.gov.br\\\/index.php\\\/tce-pr-concede-cautelar-e-municipio-de-fazenda-rio-grande-deve-suspender-contrato-para-aquisicao-de-notebooks\\\/#primaryimage\"},\"thumbnailUrl\":\"https:\\\/\\\/www.mpc.pr.gov.br\\\/wp-content\\\/uploads\\\/2020\\\/04\\\/FAZENDA-RIO-GRANDE-1.jpg\",\"articleSection\":[\"Todas as not\u00edcias\",\"\u00daltimas not\u00edcias\"],\"inLanguage\":\"pt-BR\",\"potentialAction\":[{\"@type\":\"CommentAction\",\"name\":\"Comment\",\"target\":[\"https:\\\/\\\/www.mpc.pr.gov.br\\\/index.php\\\/tce-pr-concede-cautelar-e-municipio-de-fazenda-rio-grande-deve-suspender-contrato-para-aquisicao-de-notebooks\\\/#respond\"]}]},{\"@type\":\"WebPage\",\"@id\":\"https:\\\/\\\/www.mpc.pr.gov.br\\\/index.php\\\/tce-pr-concede-cautelar-e-municipio-de-fazenda-rio-grande-deve-suspender-contrato-para-aquisicao-de-notebooks\\\/\",\"url\":\"https:\\\/\\\/www.mpc.pr.gov.br\\\/index.php\\\/tce-pr-concede-cautelar-e-municipio-de-fazenda-rio-grande-deve-suspender-contrato-para-aquisicao-de-notebooks\\\/\",\"name\":\"TCE-PR concede cautelar e munic\u00edpio de Fazenda Rio Grande deve suspender contrato para aquisi\u00e7\u00e3o de notebooks - Minist\u00e9rio P\u00fablico de Contas do Estado do Paran\u00e1\",\"isPartOf\":{\"@id\":\"https:\\\/\\\/www.mpc.pr.gov.br\\\/#website\"},\"primaryImageOfPage\":{\"@id\":\"https:\\\/\\\/www.mpc.pr.gov.br\\\/index.php\\\/tce-pr-concede-cautelar-e-municipio-de-fazenda-rio-grande-deve-suspender-contrato-para-aquisicao-de-notebooks\\\/#primaryimage\"},\"image\":{\"@id\":\"https:\\\/\\\/www.mpc.pr.gov.br\\\/index.php\\\/tce-pr-concede-cautelar-e-municipio-de-fazenda-rio-grande-deve-suspender-contrato-para-aquisicao-de-notebooks\\\/#primaryimage\"},\"thumbnailUrl\":\"https:\\\/\\\/www.mpc.pr.gov.br\\\/wp-content\\\/uploads\\\/2020\\\/04\\\/FAZENDA-RIO-GRANDE-1.jpg\",\"datePublished\":\"2020-04-23T21:08:50+00:00\",\"dateModified\":\"2020-07-09T20:07:25+00:00\",\"breadcrumb\":{\"@id\":\"https:\\\/\\\/www.mpc.pr.gov.br\\\/index.php\\\/tce-pr-concede-cautelar-e-municipio-de-fazenda-rio-grande-deve-suspender-contrato-para-aquisicao-de-notebooks\\\/#breadcrumb\"},\"inLanguage\":\"pt-BR\",\"potentialAction\":[{\"@type\":\"ReadAction\",\"target\":[\"https:\\\/\\\/www.mpc.pr.gov.br\\\/index.php\\\/tce-pr-concede-cautelar-e-municipio-de-fazenda-rio-grande-deve-suspender-contrato-para-aquisicao-de-notebooks\\\/\"]}]},{\"@type\":\"ImageObject\",\"inLanguage\":\"pt-BR\",\"@id\":\"https:\\\/\\\/www.mpc.pr.gov.br\\\/index.php\\\/tce-pr-concede-cautelar-e-municipio-de-fazenda-rio-grande-deve-suspender-contrato-para-aquisicao-de-notebooks\\\/#primaryimage\",\"url\":\"https:\\\/\\\/www.mpc.pr.gov.br\\\/wp-content\\\/uploads\\\/2020\\\/04\\\/FAZENDA-RIO-GRANDE-1.jpg\",\"contentUrl\":\"https:\\\/\\\/www.mpc.pr.gov.br\\\/wp-content\\\/uploads\\\/2020\\\/04\\\/FAZENDA-RIO-GRANDE-1.jpg\",\"width\":300,\"height\":230,\"caption\":\"Prefeitura do Munic\u00edpio de Fazenda Rio Grande (Regi\u00e3o Metropolitana de Curitiba). Foto: Divulga\u00e7\u00e3o.\"},{\"@type\":\"BreadcrumbList\",\"@id\":\"https:\\\/\\\/www.mpc.pr.gov.br\\\/index.php\\\/tce-pr-concede-cautelar-e-municipio-de-fazenda-rio-grande-deve-suspender-contrato-para-aquisicao-de-notebooks\\\/#breadcrumb\",\"itemListElement\":[{\"@type\":\"ListItem\",\"position\":1,\"name\":\"In\u00edcio\",\"item\":\"https:\\\/\\\/www.mpc.pr.gov.br\\\/\"},{\"@type\":\"ListItem\",\"position\":2,\"name\":\"TCE-PR concede cautelar e munic\u00edpio de Fazenda Rio Grande deve suspender contrato para aquisi\u00e7\u00e3o de notebooks\"}]},{\"@type\":\"WebSite\",\"@id\":\"https:\\\/\\\/www.mpc.pr.gov.br\\\/#website\",\"url\":\"https:\\\/\\\/www.mpc.pr.gov.br\\\/\",\"name\":\"Minist\u00e9rio P\u00fablico de Contas do Estado do Paran\u00e1\",\"description\":\"\",\"publisher\":{\"@id\":\"https:\\\/\\\/www.mpc.pr.gov.br\\\/#organization\"},\"potentialAction\":[{\"@type\":\"SearchAction\",\"target\":{\"@type\":\"EntryPoint\",\"urlTemplate\":\"https:\\\/\\\/www.mpc.pr.gov.br\\\/?s={search_term_string}\"},\"query-input\":{\"@type\":\"PropertyValueSpecification\",\"valueRequired\":true,\"valueName\":\"search_term_string\"}}],\"inLanguage\":\"pt-BR\"},{\"@type\":\"Organization\",\"@id\":\"https:\\\/\\\/www.mpc.pr.gov.br\\\/#organization\",\"name\":\"Minist\u00e9rio P\u00fablico de Contas do Estado do Paran\u00e1\",\"url\":\"https:\\\/\\\/www.mpc.pr.gov.br\\\/\",\"logo\":{\"@type\":\"ImageObject\",\"inLanguage\":\"pt-BR\",\"@id\":\"https:\\\/\\\/www.mpc.pr.gov.br\\\/#\\\/schema\\\/logo\\\/image\\\/\",\"url\":\"https:\\\/\\\/www.mpc.pr.gov.br\\\/wp-content\\\/uploads\\\/2020\\\/06\\\/99423647_1593460364143890_6706793420720963584_n-1-e1591387983167.png\",\"contentUrl\":\"https:\\\/\\\/www.mpc.pr.gov.br\\\/wp-content\\\/uploads\\\/2020\\\/06\\\/99423647_1593460364143890_6706793420720963584_n-1-e1591387983167.png\",\"width\":243,\"height\":73,\"caption\":\"Minist\u00e9rio P\u00fablico de Contas do Estado do Paran\u00e1\"},\"image\":{\"@id\":\"https:\\\/\\\/www.mpc.pr.gov.br\\\/#\\\/schema\\\/logo\\\/image\\\/\"},\"sameAs\":[\"https:\\\/\\\/www.facebook.com\\\/mpc.pr\",\"https:\\\/\\\/www.instagram.com\\\/mpc.pr\\\/?hl=pt-br\",\"https:\\\/\\\/www.youtube.com\\\/channel\\\/UCHri5oEM8DV0ztX57E0sBSw\"]},{\"@type\":\"Person\",\"@id\":\"https:\\\/\\\/www.mpc.pr.gov.br\\\/#\\\/schema\\\/person\\\/d0c5cf9ebb4d8be833c419f3538cf751\",\"name\":\"giovanna.faria\",\"image\":{\"@type\":\"ImageObject\",\"inLanguage\":\"pt-BR\",\"@id\":\"https:\\\/\\\/secure.gravatar.com\\\/avatar\\\/?s=96&d=mm&r=g\",\"url\":\"https:\\\/\\\/secure.gravatar.com\\\/avatar\\\/?s=96&d=mm&r=g\",\"contentUrl\":\"https:\\\/\\\/secure.gravatar.com\\\/avatar\\\/?s=96&d=mm&r=g\",\"caption\":\"giovanna.faria\"}}]}<\/script>\n<!-- \/ Yoast SEO plugin. -->","yoast_head_json":{"title":"TCE-PR concede cautelar e munic\u00edpio de Fazenda Rio Grande deve suspender contrato para aquisi\u00e7\u00e3o de notebooks - Minist\u00e9rio P\u00fablico de Contas do Estado do Paran\u00e1","robots":{"index":"index","follow":"follow","max-snippet":"max-snippet:-1","max-image-preview":"max-image-preview:large","max-video-preview":"max-video-preview:-1"},"canonical":"https:\/\/www.mpc.pr.gov.br\/index.php\/tce-pr-concede-cautelar-e-municipio-de-fazenda-rio-grande-deve-suspender-contrato-para-aquisicao-de-notebooks\/","og_locale":"pt_BR","og_type":"article","og_title":"TCE-PR concede cautelar e munic\u00edpio de Fazenda Rio Grande deve suspender contrato para aquisi\u00e7\u00e3o de notebooks - Minist\u00e9rio P\u00fablico de Contas do Estado do Paran\u00e1","og_description":"O Presidente do Tribunal de Contas do Paran\u00e1 (TCE-PR), Conselheiro Nestor Baptista determinou a expedi\u00e7\u00e3o de medida cautelar, a fim de suspender o Contrato n\u00b0 35\/2020, que trata da dispensa de licita\u00e7\u00e3o de n\u00ba 32\/2020, firmado pelo munic\u00edpio de Fazenda Rio Grande com a Empresa M.I \u2013 Equipamentos Eletr\u00f4nicos LTDA, destinado a aquisi\u00e7\u00e3o de notebooks. [&hellip;]","og_url":"https:\/\/www.mpc.pr.gov.br\/index.php\/tce-pr-concede-cautelar-e-municipio-de-fazenda-rio-grande-deve-suspender-contrato-para-aquisicao-de-notebooks\/","og_site_name":"Minist\u00e9rio P\u00fablico de Contas do Estado do Paran\u00e1","article_publisher":"https:\/\/www.facebook.com\/mpc.pr","article_published_time":"2020-04-23T21:08:50+00:00","article_modified_time":"2020-07-09T20:07:25+00:00","og_image":[{"width":300,"height":230,"url":"https:\/\/www.mpc.pr.gov.br\/wp-content\/uploads\/2020\/04\/FAZENDA-RIO-GRANDE-1.jpg","type":"image\/jpeg"}],"author":"giovanna.faria","twitter_card":"summary_large_image","twitter_misc":{"Escrito por":"giovanna.faria","Est. tempo de leitura":"4 minutos"},"schema":{"@context":"https:\/\/schema.org","@graph":[{"@type":"Article","@id":"https:\/\/www.mpc.pr.gov.br\/index.php\/tce-pr-concede-cautelar-e-municipio-de-fazenda-rio-grande-deve-suspender-contrato-para-aquisicao-de-notebooks\/#article","isPartOf":{"@id":"https:\/\/www.mpc.pr.gov.br\/index.php\/tce-pr-concede-cautelar-e-municipio-de-fazenda-rio-grande-deve-suspender-contrato-para-aquisicao-de-notebooks\/"},"author":{"name":"giovanna.faria","@id":"https:\/\/www.mpc.pr.gov.br\/#\/schema\/person\/d0c5cf9ebb4d8be833c419f3538cf751"},"headline":"TCE-PR concede cautelar e munic\u00edpio de Fazenda Rio Grande deve suspender contrato para aquisi\u00e7\u00e3o de notebooks","datePublished":"2020-04-23T21:08:50+00:00","dateModified":"2020-07-09T20:07:25+00:00","mainEntityOfPage":{"@id":"https:\/\/www.mpc.pr.gov.br\/index.php\/tce-pr-concede-cautelar-e-municipio-de-fazenda-rio-grande-deve-suspender-contrato-para-aquisicao-de-notebooks\/"},"wordCount":776,"commentCount":0,"publisher":{"@id":"https:\/\/www.mpc.pr.gov.br\/#organization"},"image":{"@id":"https:\/\/www.mpc.pr.gov.br\/index.php\/tce-pr-concede-cautelar-e-municipio-de-fazenda-rio-grande-deve-suspender-contrato-para-aquisicao-de-notebooks\/#primaryimage"},"thumbnailUrl":"https:\/\/www.mpc.pr.gov.br\/wp-content\/uploads\/2020\/04\/FAZENDA-RIO-GRANDE-1.jpg","articleSection":["Todas as not\u00edcias","\u00daltimas not\u00edcias"],"inLanguage":"pt-BR","potentialAction":[{"@type":"CommentAction","name":"Comment","target":["https:\/\/www.mpc.pr.gov.br\/index.php\/tce-pr-concede-cautelar-e-municipio-de-fazenda-rio-grande-deve-suspender-contrato-para-aquisicao-de-notebooks\/#respond"]}]},{"@type":"WebPage","@id":"https:\/\/www.mpc.pr.gov.br\/index.php\/tce-pr-concede-cautelar-e-municipio-de-fazenda-rio-grande-deve-suspender-contrato-para-aquisicao-de-notebooks\/","url":"https:\/\/www.mpc.pr.gov.br\/index.php\/tce-pr-concede-cautelar-e-municipio-de-fazenda-rio-grande-deve-suspender-contrato-para-aquisicao-de-notebooks\/","name":"TCE-PR concede cautelar e munic\u00edpio de Fazenda Rio Grande deve suspender contrato para aquisi\u00e7\u00e3o de notebooks - Minist\u00e9rio P\u00fablico de Contas do Estado do Paran\u00e1","isPartOf":{"@id":"https:\/\/www.mpc.pr.gov.br\/#website"},"primaryImageOfPage":{"@id":"https:\/\/www.mpc.pr.gov.br\/index.php\/tce-pr-concede-cautelar-e-municipio-de-fazenda-rio-grande-deve-suspender-contrato-para-aquisicao-de-notebooks\/#primaryimage"},"image":{"@id":"https:\/\/www.mpc.pr.gov.br\/index.php\/tce-pr-concede-cautelar-e-municipio-de-fazenda-rio-grande-deve-suspender-contrato-para-aquisicao-de-notebooks\/#primaryimage"},"thumbnailUrl":"https:\/\/www.mpc.pr.gov.br\/wp-content\/uploads\/2020\/04\/FAZENDA-RIO-GRANDE-1.jpg","datePublished":"2020-04-23T21:08:50+00:00","dateModified":"2020-07-09T20:07:25+00:00","breadcrumb":{"@id":"https:\/\/www.mpc.pr.gov.br\/index.php\/tce-pr-concede-cautelar-e-municipio-de-fazenda-rio-grande-deve-suspender-contrato-para-aquisicao-de-notebooks\/#breadcrumb"},"inLanguage":"pt-BR","potentialAction":[{"@type":"ReadAction","target":["https:\/\/www.mpc.pr.gov.br\/index.php\/tce-pr-concede-cautelar-e-municipio-de-fazenda-rio-grande-deve-suspender-contrato-para-aquisicao-de-notebooks\/"]}]},{"@type":"ImageObject","inLanguage":"pt-BR","@id":"https:\/\/www.mpc.pr.gov.br\/index.php\/tce-pr-concede-cautelar-e-municipio-de-fazenda-rio-grande-deve-suspender-contrato-para-aquisicao-de-notebooks\/#primaryimage","url":"https:\/\/www.mpc.pr.gov.br\/wp-content\/uploads\/2020\/04\/FAZENDA-RIO-GRANDE-1.jpg","contentUrl":"https:\/\/www.mpc.pr.gov.br\/wp-content\/uploads\/2020\/04\/FAZENDA-RIO-GRANDE-1.jpg","width":300,"height":230,"caption":"Prefeitura do Munic\u00edpio de Fazenda Rio Grande (Regi\u00e3o Metropolitana de Curitiba). Foto: Divulga\u00e7\u00e3o."},{"@type":"BreadcrumbList","@id":"https:\/\/www.mpc.pr.gov.br\/index.php\/tce-pr-concede-cautelar-e-municipio-de-fazenda-rio-grande-deve-suspender-contrato-para-aquisicao-de-notebooks\/#breadcrumb","itemListElement":[{"@type":"ListItem","position":1,"name":"In\u00edcio","item":"https:\/\/www.mpc.pr.gov.br\/"},{"@type":"ListItem","position":2,"name":"TCE-PR concede cautelar e munic\u00edpio de Fazenda Rio Grande deve suspender contrato para aquisi\u00e7\u00e3o de notebooks"}]},{"@type":"WebSite","@id":"https:\/\/www.mpc.pr.gov.br\/#website","url":"https:\/\/www.mpc.pr.gov.br\/","name":"Minist\u00e9rio P\u00fablico de Contas do Estado do Paran\u00e1","description":"","publisher":{"@id":"https:\/\/www.mpc.pr.gov.br\/#organization"},"potentialAction":[{"@type":"SearchAction","target":{"@type":"EntryPoint","urlTemplate":"https:\/\/www.mpc.pr.gov.br\/?s={search_term_string}"},"query-input":{"@type":"PropertyValueSpecification","valueRequired":true,"valueName":"search_term_string"}}],"inLanguage":"pt-BR"},{"@type":"Organization","@id":"https:\/\/www.mpc.pr.gov.br\/#organization","name":"Minist\u00e9rio P\u00fablico de Contas do Estado do Paran\u00e1","url":"https:\/\/www.mpc.pr.gov.br\/","logo":{"@type":"ImageObject","inLanguage":"pt-BR","@id":"https:\/\/www.mpc.pr.gov.br\/#\/schema\/logo\/image\/","url":"https:\/\/www.mpc.pr.gov.br\/wp-content\/uploads\/2020\/06\/99423647_1593460364143890_6706793420720963584_n-1-e1591387983167.png","contentUrl":"https:\/\/www.mpc.pr.gov.br\/wp-content\/uploads\/2020\/06\/99423647_1593460364143890_6706793420720963584_n-1-e1591387983167.png","width":243,"height":73,"caption":"Minist\u00e9rio P\u00fablico de Contas do Estado do Paran\u00e1"},"image":{"@id":"https:\/\/www.mpc.pr.gov.br\/#\/schema\/logo\/image\/"},"sameAs":["https:\/\/www.facebook.com\/mpc.pr","https:\/\/www.instagram.com\/mpc.pr\/?hl=pt-br","https:\/\/www.youtube.com\/channel\/UCHri5oEM8DV0ztX57E0sBSw"]},{"@type":"Person","@id":"https:\/\/www.mpc.pr.gov.br\/#\/schema\/person\/d0c5cf9ebb4d8be833c419f3538cf751","name":"giovanna.faria","image":{"@type":"ImageObject","inLanguage":"pt-BR","@id":"https:\/\/secure.gravatar.com\/avatar\/?s=96&d=mm&r=g","url":"https:\/\/secure.gravatar.com\/avatar\/?s=96&d=mm&r=g","contentUrl":"https:\/\/secure.gravatar.com\/avatar\/?s=96&d=mm&r=g","caption":"giovanna.faria"}}]}},"rttpg_featured_image_url":{"full":["https:\/\/www.mpc.pr.gov.br\/wp-content\/uploads\/2020\/04\/FAZENDA-RIO-GRANDE-1.jpg",300,230,false],"landscape":["https:\/\/www.mpc.pr.gov.br\/wp-content\/uploads\/2020\/04\/FAZENDA-RIO-GRANDE-1.jpg",300,230,false],"portraits":["https:\/\/www.mpc.pr.gov.br\/wp-content\/uploads\/2020\/04\/FAZENDA-RIO-GRANDE-1.jpg",300,230,false],"thumbnail":["https:\/\/www.mpc.pr.gov.br\/wp-content\/uploads\/2020\/04\/FAZENDA-RIO-GRANDE-1-150x150.jpg",150,150,true],"medium":["https:\/\/www.mpc.pr.gov.br\/wp-content\/uploads\/2020\/04\/FAZENDA-RIO-GRANDE-1.jpg",300,230,false],"large":["https:\/\/www.mpc.pr.gov.br\/wp-content\/uploads\/2020\/04\/FAZENDA-RIO-GRANDE-1.jpg",300,230,false],"1536x1536":["https:\/\/www.mpc.pr.gov.br\/wp-content\/uploads\/2020\/04\/FAZENDA-RIO-GRANDE-1.jpg",300,230,false],"2048x2048":["https:\/\/www.mpc.pr.gov.br\/wp-content\/uploads\/2020\/04\/FAZENDA-RIO-GRANDE-1.jpg",300,230,false],"ocean-thumb-m":["https:\/\/www.mpc.pr.gov.br\/wp-content\/uploads\/2020\/04\/FAZENDA-RIO-GRANDE-1.jpg",300,230,false],"ocean-thumb-ml":["https:\/\/www.mpc.pr.gov.br\/wp-content\/uploads\/2020\/04\/FAZENDA-RIO-GRANDE-1.jpg",300,230,false],"ocean-thumb-l":["https:\/\/www.mpc.pr.gov.br\/wp-content\/uploads\/2020\/04\/FAZENDA-RIO-GRANDE-1.jpg",300,230,false]},"rttpg_author":{"display_name":"giovanna.faria","author_link":"https:\/\/www.mpc.pr.gov.br\/index.php\/author\/giovanna-faria\/"},"rttpg_comment":0,"rttpg_category":"<a href=\"https:\/\/www.mpc.pr.gov.br\/index.php\/category\/todas-as-noticias\/\" rel=\"category tag\">Todas as not\u00edcias<\/a> <a href=\"https:\/\/www.mpc.pr.gov.br\/index.php\/category\/ultimas-noticias\/\" rel=\"category tag\">\u00daltimas not\u00edcias<\/a>","rttpg_excerpt":"O Presidente do Tribunal de Contas do Paran\u00e1 (TCE-PR), Conselheiro Nestor Baptista determinou a expedi\u00e7\u00e3o de medida cautelar, a fim de suspender o Contrato n\u00b0 35\/2020, que trata da dispensa de licita\u00e7\u00e3o de n\u00ba 32\/2020, firmado pelo munic\u00edpio de Fazenda Rio Grande com a Empresa M.I \u2013 Equipamentos Eletr\u00f4nicos LTDA, destinado a aquisi\u00e7\u00e3o de notebooks.&hellip;","_links":{"self":[{"href":"https:\/\/www.mpc.pr.gov.br\/index.php\/wp-json\/wp\/v2\/posts\/8921","targetHints":{"allow":["GET"]}}],"collection":[{"href":"https:\/\/www.mpc.pr.gov.br\/index.php\/wp-json\/wp\/v2\/posts"}],"about":[{"href":"https:\/\/www.mpc.pr.gov.br\/index.php\/wp-json\/wp\/v2\/types\/post"}],"author":[{"embeddable":true,"href":"https:\/\/www.mpc.pr.gov.br\/index.php\/wp-json\/wp\/v2\/users\/5"}],"replies":[{"embeddable":true,"href":"https:\/\/www.mpc.pr.gov.br\/index.php\/wp-json\/wp\/v2\/comments?post=8921"}],"version-history":[{"count":1,"href":"https:\/\/www.mpc.pr.gov.br\/index.php\/wp-json\/wp\/v2\/posts\/8921\/revisions"}],"predecessor-version":[{"id":9248,"href":"https:\/\/www.mpc.pr.gov.br\/index.php\/wp-json\/wp\/v2\/posts\/8921\/revisions\/9248"}],"wp:featuredmedia":[{"embeddable":true,"href":"https:\/\/www.mpc.pr.gov.br\/index.php\/wp-json\/wp\/v2\/media\/9247"}],"wp:attachment":[{"href":"https:\/\/www.mpc.pr.gov.br\/index.php\/wp-json\/wp\/v2\/media?parent=8921"}],"wp:term":[{"taxonomy":"category","embeddable":true,"href":"https:\/\/www.mpc.pr.gov.br\/index.php\/wp-json\/wp\/v2\/categories?post=8921"},{"taxonomy":"post_tag","embeddable":true,"href":"https:\/\/www.mpc.pr.gov.br\/index.php\/wp-json\/wp\/v2\/tags?post=8921"}],"curies":[{"name":"wp","href":"https:\/\/api.w.org\/{rel}","templated":true}]}}