{"id":9033,"date":"2020-05-13T16:24:57","date_gmt":"2020-05-13T19:24:57","guid":{"rendered":"http:\/\/www.mpc.pr.gov.br\/?p=9033"},"modified":"2026-04-07T09:48:51","modified_gmt":"2026-04-07T12:48:51","slug":"tce-pr-julga-irregular-a-terceirizacao-de-servicos-contabeis-e-juridicos-pelo-instituto-de-previdencia-do-municipio-de-matelandia","status":"publish","type":"post","link":"https:\/\/www.mpc.pr.gov.br\/index.php\/tce-pr-julga-irregular-a-terceirizacao-de-servicos-contabeis-e-juridicos-pelo-instituto-de-previdencia-do-municipio-de-matelandia\/","title":{"rendered":"TCE-PR julga irregular a terceiriza\u00e7\u00e3o de servi\u00e7os cont\u00e1beis e jur\u00eddicos pelo Instituto de Previd\u00eancia do munic\u00edpio de Matel\u00e2ndia"},"content":{"rendered":"<p><a href=\"http:\/\/www.mpc.pr.gov.br\/mpc-pr-refuta-criticas-sobre-nao-acompanhamento-de-execucoes-do-tce-pr\/9080694980_476499506a\/\" rel=\"attachment wp-att-4354\"><img fetchpriority=\"high\" decoding=\"async\" class=\"alignleft wp-image-4354 size-medium\" src=\"http:\/\/www.mpc.pr.gov.br\/wp-content\/uploads\/2016\/08\/9080694980_476499506a-300x192.jpg\" alt=\"\" width=\"300\" height=\"192\" \/><\/a>A Primeira C\u00e2mara do Tribunal de Contas do Paran\u00e1 (TCE-PR) julgou procedente a Tomada de Contas Extraordin\u00e1ria instaurada a partir de comunica\u00e7\u00e3o de irregularidade feita pela ent\u00e3o Diretoria de Contas Municipais (DCM), em face do Instituto de Previd\u00eancia do munic\u00edpio de Matel\u00e2ndia (PREVIMAT), \u00a0por meio da qual apontou a ocorr\u00eancia de terceiriza\u00e7\u00e3o irregular de servi\u00e7os cont\u00e1beis e jur\u00eddicos, em descumprimento ao Prejulgado n\u00ba 6 e \u00e0 regra geral do concurso p\u00fablico.<\/p>\n<p>Na decis\u00e3o, os Conselheiros tamb\u00e9m determinaram a aplica\u00e7\u00e3o de multa ao ex-prefeito de Matel\u00e2ndia, Edson Ant\u00f4nio Primon (gest\u00e3o 2009-2012) e a ex-presidente do PREVIMAT, Gislaine Silvestre Mengarda, que foram respons\u00e1veis pela terceiriza\u00e7\u00e3o ilegal, bem como pelas irregularidades nas licita\u00e7\u00f5es.<\/p>\n<p>De acordo com os apontamentos da unidade t\u00e9cnicas, o Instituto de Previd\u00eancia contratou a empresa Brasil Sul Assessoria, Planejamento e Gest\u00e3o P\u00fablica Ltda para a presta\u00e7\u00e3o de servi\u00e7os cont\u00e1beis de acompanhamento de gest\u00e3o; a empresa Parzianello Consultores Jur\u00eddicos e Advogados Associados para prestar assessoria jur\u00eddica; e a empresa Consult Consultoria Empresarial para prestar assessoria de compensa\u00e7\u00e3o previdenci\u00e1ria.<\/p>\n<p>Para o MP de Contas do Paran\u00e1 (MPC-PR) tais contrata\u00e7\u00f5es violaram o Prejulgado n\u00ba 6 do TCE-PR ao deixar de realizar concurso p\u00fablico para \u00e1reas de ci\u00eancias cont\u00e1beis e jur\u00eddicas, na medida que os servi\u00e7os s\u00e3o cont\u00ednuos e permanentes na autarquia previdenci\u00e1ria, n\u00e3o justificando a precariedade das contrata\u00e7\u00f5es realizadas. Al\u00e9m disso, o \u00f3rg\u00e3o ministerial verificou tamb\u00e9m, que houve a ado\u00e7\u00e3o de procedimentos licitat\u00f3rios em desacordo com o que determina a Lei n.\u00ba 8.666\/93.<\/p>\n<p>A Coordenadoria de Gest\u00e3o Municipal (CGM) corroborou com o entendimento do MPC-PR, o qual foi acompanhado pelo relator do processo, o Conselheiro Durval Amaral. No Ac\u00f3rd\u00e3o n\u00b0 366\/20, o relator destacou que o entendimento do Tribunal de Contas \u00e9 de que as contrata\u00e7\u00f5es de empresas de consultorias cont\u00e1beis e jur\u00eddicas pela Administra\u00e7\u00e3o P\u00fablica \u00e9 poss\u00edvel quando for exigida not\u00f3ria especializa\u00e7\u00e3o, em que reste demonstrada a singularidade do objeto ou ainda, que se trate de demanda de alta complexidade, casos em que poder\u00e1 haver contrata\u00e7\u00e3o direta, mediante um procedimento simplificado e desde que seja para objeto espec\u00edfico e que tenha prazo determinado compat\u00edvel com o objeto, n\u00e3o podendo ser aceitas para as finalidades de acompanhamento da gest\u00e3o.<\/p>\n<p>A defesa argumentou que a entidade n\u00e3o possu\u00eda servidores efetivos para a presta\u00e7\u00e3o dos servi\u00e7os. Contudo, verificou-se nos autos que n\u00e3o h\u00e1 qualquer documento que comprove a tentativa, tanto da Presidente da entidade, quanto do Prefeito \u00e0 \u00e9poca, em regularizar a situa\u00e7\u00e3o por meio do devido concurso p\u00fablico.<\/p>\n<p>Neste sentido, o Conselheiro Durval Amaral destacou que a terceiriza\u00e7\u00e3o desses servi\u00e7os \u00e9 irregular, uma vez que se trata de atividades rotineiras da Administra\u00e7\u00e3o P\u00fablica municipal, que deveriam, portanto, ser realizadas por servidores efetivos da entidade, nos termos do artigo 37, II, da Constitui\u00e7\u00e3o Federal.<\/p>\n<p>Os demais membros da Primeira C\u00e2mara do TCE-PR acompanharam, por unanimidade, o voto do relator, pela proced\u00eancia da Tomada de Contas Extraordin\u00e1ria e aplica\u00e7\u00e3o de multa as partes envolvidas. A decis\u00e3o foi proferida no Ac\u00f3rd\u00e3o n\u00ba 366\/20, que est\u00e1 dispon\u00edvel <a href=\"http:\/\/www.mpc.pr.gov.br\/wp-content\/uploads\/2020\/05\/Ac\u00f3rd\u00e3o-366-20.pdf\">aqui<\/a>.<\/p>\n","protected":false},"excerpt":{"rendered":"<p>A Primeira C\u00e2mara do Tribunal de Contas do Paran\u00e1 (TCE-PR) julgou procedente a Tomada de Contas Extraordin\u00e1ria instaurada a partir de comunica\u00e7\u00e3o de irregularidade feita pela ent\u00e3o Diretoria de Contas Municipais (DCM), em face do Instituto de Previd\u00eancia do munic\u00edpio de Matel\u00e2ndia (PREVIMAT), \u00a0por meio da qual apontou a ocorr\u00eancia de terceiriza\u00e7\u00e3o irregular de servi\u00e7os [&hellip;]<\/p>\n","protected":false},"author":5,"featured_media":9229,"comment_status":"open","ping_status":"open","sticky":false,"template":"","format":"standard","meta":{"_monsterinsights_skip_tracking":false,"_monsterinsights_sitenote_active":false,"_monsterinsights_sitenote_note":"","_monsterinsights_sitenote_category":0,"footnotes":""},"categories":[7],"tags":[],"class_list":["post-9033","post","type-post","status-publish","format-standard","has-post-thumbnail","hentry","category-todas-as-noticias","entry","has-media"],"yoast_head":"<!-- This site is optimized with the Yoast SEO plugin v27.3 - https:\/\/yoast.com\/product\/yoast-seo-wordpress\/ -->\n<title>TCE-PR julga irregular a terceiriza\u00e7\u00e3o de servi\u00e7os cont\u00e1beis e jur\u00eddicos pelo Instituto de Previd\u00eancia do munic\u00edpio de Matel\u00e2ndia - Minist\u00e9rio P\u00fablico de Contas do Estado do Paran\u00e1<\/title>\n<meta name=\"robots\" content=\"index, follow, max-snippet:-1, max-image-preview:large, max-video-preview:-1\" \/>\n<link rel=\"canonical\" href=\"https:\/\/www.mpc.pr.gov.br\/index.php\/tce-pr-julga-irregular-a-terceirizacao-de-servicos-contabeis-e-juridicos-pelo-instituto-de-previdencia-do-municipio-de-matelandia\/\" \/>\n<meta property=\"og:locale\" content=\"pt_BR\" \/>\n<meta property=\"og:type\" content=\"article\" \/>\n<meta property=\"og:title\" content=\"TCE-PR julga irregular a terceiriza\u00e7\u00e3o de servi\u00e7os cont\u00e1beis e jur\u00eddicos pelo Instituto de Previd\u00eancia do munic\u00edpio de Matel\u00e2ndia - Minist\u00e9rio P\u00fablico de Contas do Estado do Paran\u00e1\" \/>\n<meta property=\"og:description\" content=\"A Primeira C\u00e2mara do Tribunal de Contas do Paran\u00e1 (TCE-PR) julgou procedente a Tomada de Contas Extraordin\u00e1ria instaurada a partir de comunica\u00e7\u00e3o de irregularidade feita pela ent\u00e3o Diretoria de Contas Municipais (DCM), em face do Instituto de Previd\u00eancia do munic\u00edpio de Matel\u00e2ndia (PREVIMAT), \u00a0por meio da qual apontou a ocorr\u00eancia de terceiriza\u00e7\u00e3o irregular de servi\u00e7os [&hellip;]\" \/>\n<meta property=\"og:url\" content=\"https:\/\/www.mpc.pr.gov.br\/index.php\/tce-pr-julga-irregular-a-terceirizacao-de-servicos-contabeis-e-juridicos-pelo-instituto-de-previdencia-do-municipio-de-matelandia\/\" \/>\n<meta property=\"og:site_name\" content=\"Minist\u00e9rio P\u00fablico de Contas do Estado do Paran\u00e1\" \/>\n<meta property=\"article:publisher\" content=\"https:\/\/www.facebook.com\/mpc.pr\" \/>\n<meta property=\"article:published_time\" content=\"2020-05-13T19:24:57+00:00\" \/>\n<meta property=\"article:modified_time\" content=\"2026-04-07T12:48:51+00:00\" \/>\n<meta property=\"og:image\" content=\"https:\/\/www.mpc.pr.gov.br\/wp-content\/uploads\/2020\/05\/FISCALIZAR-00.jpg\" \/>\n\t<meta property=\"og:image:width\" content=\"300\" \/>\n\t<meta property=\"og:image:height\" content=\"192\" \/>\n\t<meta property=\"og:image:type\" content=\"image\/jpeg\" \/>\n<meta name=\"author\" content=\"giovanna.faria\" \/>\n<meta name=\"twitter:card\" content=\"summary_large_image\" \/>\n<meta name=\"twitter:label1\" content=\"Escrito por\" \/>\n\t<meta name=\"twitter:data1\" content=\"giovanna.faria\" \/>\n\t<meta name=\"twitter:label2\" content=\"Est. tempo de leitura\" \/>\n\t<meta name=\"twitter:data2\" content=\"3 minutos\" \/>\n<script type=\"application\/ld+json\" class=\"yoast-schema-graph\">{\"@context\":\"https:\\\/\\\/schema.org\",\"@graph\":[{\"@type\":\"Article\",\"@id\":\"https:\\\/\\\/www.mpc.pr.gov.br\\\/index.php\\\/tce-pr-julga-irregular-a-terceirizacao-de-servicos-contabeis-e-juridicos-pelo-instituto-de-previdencia-do-municipio-de-matelandia\\\/#article\",\"isPartOf\":{\"@id\":\"https:\\\/\\\/www.mpc.pr.gov.br\\\/index.php\\\/tce-pr-julga-irregular-a-terceirizacao-de-servicos-contabeis-e-juridicos-pelo-instituto-de-previdencia-do-municipio-de-matelandia\\\/\"},\"author\":{\"name\":\"giovanna.faria\",\"@id\":\"https:\\\/\\\/www.mpc.pr.gov.br\\\/#\\\/schema\\\/person\\\/d0c5cf9ebb4d8be833c419f3538cf751\"},\"headline\":\"TCE-PR julga irregular a terceiriza\u00e7\u00e3o de servi\u00e7os cont\u00e1beis e jur\u00eddicos pelo Instituto de Previd\u00eancia do munic\u00edpio de Matel\u00e2ndia\",\"datePublished\":\"2020-05-13T19:24:57+00:00\",\"dateModified\":\"2026-04-07T12:48:51+00:00\",\"mainEntityOfPage\":{\"@id\":\"https:\\\/\\\/www.mpc.pr.gov.br\\\/index.php\\\/tce-pr-julga-irregular-a-terceirizacao-de-servicos-contabeis-e-juridicos-pelo-instituto-de-previdencia-do-municipio-de-matelandia\\\/\"},\"wordCount\":590,\"commentCount\":0,\"publisher\":{\"@id\":\"https:\\\/\\\/www.mpc.pr.gov.br\\\/#organization\"},\"image\":{\"@id\":\"https:\\\/\\\/www.mpc.pr.gov.br\\\/index.php\\\/tce-pr-julga-irregular-a-terceirizacao-de-servicos-contabeis-e-juridicos-pelo-instituto-de-previdencia-do-municipio-de-matelandia\\\/#primaryimage\"},\"thumbnailUrl\":\"https:\\\/\\\/www.mpc.pr.gov.br\\\/wp-content\\\/uploads\\\/2020\\\/05\\\/FISCALIZAR-00.jpg\",\"articleSection\":[\"Todas as not\u00edcias\"],\"inLanguage\":\"pt-BR\",\"potentialAction\":[{\"@type\":\"CommentAction\",\"name\":\"Comment\",\"target\":[\"https:\\\/\\\/www.mpc.pr.gov.br\\\/index.php\\\/tce-pr-julga-irregular-a-terceirizacao-de-servicos-contabeis-e-juridicos-pelo-instituto-de-previdencia-do-municipio-de-matelandia\\\/#respond\"]}]},{\"@type\":\"WebPage\",\"@id\":\"https:\\\/\\\/www.mpc.pr.gov.br\\\/index.php\\\/tce-pr-julga-irregular-a-terceirizacao-de-servicos-contabeis-e-juridicos-pelo-instituto-de-previdencia-do-municipio-de-matelandia\\\/\",\"url\":\"https:\\\/\\\/www.mpc.pr.gov.br\\\/index.php\\\/tce-pr-julga-irregular-a-terceirizacao-de-servicos-contabeis-e-juridicos-pelo-instituto-de-previdencia-do-municipio-de-matelandia\\\/\",\"name\":\"TCE-PR julga irregular a terceiriza\u00e7\u00e3o de servi\u00e7os cont\u00e1beis e jur\u00eddicos pelo Instituto de Previd\u00eancia do munic\u00edpio de Matel\u00e2ndia - Minist\u00e9rio P\u00fablico de Contas do Estado do Paran\u00e1\",\"isPartOf\":{\"@id\":\"https:\\\/\\\/www.mpc.pr.gov.br\\\/#website\"},\"primaryImageOfPage\":{\"@id\":\"https:\\\/\\\/www.mpc.pr.gov.br\\\/index.php\\\/tce-pr-julga-irregular-a-terceirizacao-de-servicos-contabeis-e-juridicos-pelo-instituto-de-previdencia-do-municipio-de-matelandia\\\/#primaryimage\"},\"image\":{\"@id\":\"https:\\\/\\\/www.mpc.pr.gov.br\\\/index.php\\\/tce-pr-julga-irregular-a-terceirizacao-de-servicos-contabeis-e-juridicos-pelo-instituto-de-previdencia-do-municipio-de-matelandia\\\/#primaryimage\"},\"thumbnailUrl\":\"https:\\\/\\\/www.mpc.pr.gov.br\\\/wp-content\\\/uploads\\\/2020\\\/05\\\/FISCALIZAR-00.jpg\",\"datePublished\":\"2020-05-13T19:24:57+00:00\",\"dateModified\":\"2026-04-07T12:48:51+00:00\",\"breadcrumb\":{\"@id\":\"https:\\\/\\\/www.mpc.pr.gov.br\\\/index.php\\\/tce-pr-julga-irregular-a-terceirizacao-de-servicos-contabeis-e-juridicos-pelo-instituto-de-previdencia-do-municipio-de-matelandia\\\/#breadcrumb\"},\"inLanguage\":\"pt-BR\",\"potentialAction\":[{\"@type\":\"ReadAction\",\"target\":[\"https:\\\/\\\/www.mpc.pr.gov.br\\\/index.php\\\/tce-pr-julga-irregular-a-terceirizacao-de-servicos-contabeis-e-juridicos-pelo-instituto-de-previdencia-do-municipio-de-matelandia\\\/\"]}]},{\"@type\":\"ImageObject\",\"inLanguage\":\"pt-BR\",\"@id\":\"https:\\\/\\\/www.mpc.pr.gov.br\\\/index.php\\\/tce-pr-julga-irregular-a-terceirizacao-de-servicos-contabeis-e-juridicos-pelo-instituto-de-previdencia-do-municipio-de-matelandia\\\/#primaryimage\",\"url\":\"https:\\\/\\\/www.mpc.pr.gov.br\\\/wp-content\\\/uploads\\\/2020\\\/05\\\/FISCALIZAR-00.jpg\",\"contentUrl\":\"https:\\\/\\\/www.mpc.pr.gov.br\\\/wp-content\\\/uploads\\\/2020\\\/05\\\/FISCALIZAR-00.jpg\",\"width\":300,\"height\":192},{\"@type\":\"BreadcrumbList\",\"@id\":\"https:\\\/\\\/www.mpc.pr.gov.br\\\/index.php\\\/tce-pr-julga-irregular-a-terceirizacao-de-servicos-contabeis-e-juridicos-pelo-instituto-de-previdencia-do-municipio-de-matelandia\\\/#breadcrumb\",\"itemListElement\":[{\"@type\":\"ListItem\",\"position\":1,\"name\":\"In\u00edcio\",\"item\":\"https:\\\/\\\/www.mpc.pr.gov.br\\\/\"},{\"@type\":\"ListItem\",\"position\":2,\"name\":\"TCE-PR julga irregular a terceiriza\u00e7\u00e3o de servi\u00e7os cont\u00e1beis e jur\u00eddicos pelo Instituto de Previd\u00eancia do munic\u00edpio de Matel\u00e2ndia\"}]},{\"@type\":\"WebSite\",\"@id\":\"https:\\\/\\\/www.mpc.pr.gov.br\\\/#website\",\"url\":\"https:\\\/\\\/www.mpc.pr.gov.br\\\/\",\"name\":\"Minist\u00e9rio P\u00fablico de Contas do Estado do Paran\u00e1\",\"description\":\"\",\"publisher\":{\"@id\":\"https:\\\/\\\/www.mpc.pr.gov.br\\\/#organization\"},\"potentialAction\":[{\"@type\":\"SearchAction\",\"target\":{\"@type\":\"EntryPoint\",\"urlTemplate\":\"https:\\\/\\\/www.mpc.pr.gov.br\\\/?s={search_term_string}\"},\"query-input\":{\"@type\":\"PropertyValueSpecification\",\"valueRequired\":true,\"valueName\":\"search_term_string\"}}],\"inLanguage\":\"pt-BR\"},{\"@type\":\"Organization\",\"@id\":\"https:\\\/\\\/www.mpc.pr.gov.br\\\/#organization\",\"name\":\"Minist\u00e9rio P\u00fablico de Contas do Estado do Paran\u00e1\",\"url\":\"https:\\\/\\\/www.mpc.pr.gov.br\\\/\",\"logo\":{\"@type\":\"ImageObject\",\"inLanguage\":\"pt-BR\",\"@id\":\"https:\\\/\\\/www.mpc.pr.gov.br\\\/#\\\/schema\\\/logo\\\/image\\\/\",\"url\":\"https:\\\/\\\/www.mpc.pr.gov.br\\\/wp-content\\\/uploads\\\/2020\\\/06\\\/99423647_1593460364143890_6706793420720963584_n-1-e1591387983167.png\",\"contentUrl\":\"https:\\\/\\\/www.mpc.pr.gov.br\\\/wp-content\\\/uploads\\\/2020\\\/06\\\/99423647_1593460364143890_6706793420720963584_n-1-e1591387983167.png\",\"width\":243,\"height\":73,\"caption\":\"Minist\u00e9rio P\u00fablico de Contas do Estado do Paran\u00e1\"},\"image\":{\"@id\":\"https:\\\/\\\/www.mpc.pr.gov.br\\\/#\\\/schema\\\/logo\\\/image\\\/\"},\"sameAs\":[\"https:\\\/\\\/www.facebook.com\\\/mpc.pr\",\"https:\\\/\\\/www.instagram.com\\\/mpc.pr\\\/?hl=pt-br\",\"https:\\\/\\\/www.youtube.com\\\/channel\\\/UCHri5oEM8DV0ztX57E0sBSw\"]},{\"@type\":\"Person\",\"@id\":\"https:\\\/\\\/www.mpc.pr.gov.br\\\/#\\\/schema\\\/person\\\/d0c5cf9ebb4d8be833c419f3538cf751\",\"name\":\"giovanna.faria\",\"image\":{\"@type\":\"ImageObject\",\"inLanguage\":\"pt-BR\",\"@id\":\"https:\\\/\\\/secure.gravatar.com\\\/avatar\\\/?s=96&d=mm&r=g\",\"url\":\"https:\\\/\\\/secure.gravatar.com\\\/avatar\\\/?s=96&d=mm&r=g\",\"contentUrl\":\"https:\\\/\\\/secure.gravatar.com\\\/avatar\\\/?s=96&d=mm&r=g\",\"caption\":\"giovanna.faria\"}}]}<\/script>\n<!-- \/ Yoast SEO plugin. -->","yoast_head_json":{"title":"TCE-PR julga irregular a terceiriza\u00e7\u00e3o de servi\u00e7os cont\u00e1beis e jur\u00eddicos pelo Instituto de Previd\u00eancia do munic\u00edpio de Matel\u00e2ndia - Minist\u00e9rio P\u00fablico de Contas do Estado do Paran\u00e1","robots":{"index":"index","follow":"follow","max-snippet":"max-snippet:-1","max-image-preview":"max-image-preview:large","max-video-preview":"max-video-preview:-1"},"canonical":"https:\/\/www.mpc.pr.gov.br\/index.php\/tce-pr-julga-irregular-a-terceirizacao-de-servicos-contabeis-e-juridicos-pelo-instituto-de-previdencia-do-municipio-de-matelandia\/","og_locale":"pt_BR","og_type":"article","og_title":"TCE-PR julga irregular a terceiriza\u00e7\u00e3o de servi\u00e7os cont\u00e1beis e jur\u00eddicos pelo Instituto de Previd\u00eancia do munic\u00edpio de Matel\u00e2ndia - Minist\u00e9rio P\u00fablico de Contas do Estado do Paran\u00e1","og_description":"A Primeira C\u00e2mara do Tribunal de Contas do Paran\u00e1 (TCE-PR) julgou procedente a Tomada de Contas Extraordin\u00e1ria instaurada a partir de comunica\u00e7\u00e3o de irregularidade feita pela ent\u00e3o Diretoria de Contas Municipais (DCM), em face do Instituto de Previd\u00eancia do munic\u00edpio de Matel\u00e2ndia (PREVIMAT), \u00a0por meio da qual apontou a ocorr\u00eancia de terceiriza\u00e7\u00e3o irregular de servi\u00e7os [&hellip;]","og_url":"https:\/\/www.mpc.pr.gov.br\/index.php\/tce-pr-julga-irregular-a-terceirizacao-de-servicos-contabeis-e-juridicos-pelo-instituto-de-previdencia-do-municipio-de-matelandia\/","og_site_name":"Minist\u00e9rio P\u00fablico de Contas do Estado do Paran\u00e1","article_publisher":"https:\/\/www.facebook.com\/mpc.pr","article_published_time":"2020-05-13T19:24:57+00:00","article_modified_time":"2026-04-07T12:48:51+00:00","og_image":[{"width":300,"height":192,"url":"https:\/\/www.mpc.pr.gov.br\/wp-content\/uploads\/2020\/05\/FISCALIZAR-00.jpg","type":"image\/jpeg"}],"author":"giovanna.faria","twitter_card":"summary_large_image","twitter_misc":{"Escrito por":"giovanna.faria","Est. tempo de leitura":"3 minutos"},"schema":{"@context":"https:\/\/schema.org","@graph":[{"@type":"Article","@id":"https:\/\/www.mpc.pr.gov.br\/index.php\/tce-pr-julga-irregular-a-terceirizacao-de-servicos-contabeis-e-juridicos-pelo-instituto-de-previdencia-do-municipio-de-matelandia\/#article","isPartOf":{"@id":"https:\/\/www.mpc.pr.gov.br\/index.php\/tce-pr-julga-irregular-a-terceirizacao-de-servicos-contabeis-e-juridicos-pelo-instituto-de-previdencia-do-municipio-de-matelandia\/"},"author":{"name":"giovanna.faria","@id":"https:\/\/www.mpc.pr.gov.br\/#\/schema\/person\/d0c5cf9ebb4d8be833c419f3538cf751"},"headline":"TCE-PR julga irregular a terceiriza\u00e7\u00e3o de servi\u00e7os cont\u00e1beis e jur\u00eddicos pelo Instituto de Previd\u00eancia do munic\u00edpio de Matel\u00e2ndia","datePublished":"2020-05-13T19:24:57+00:00","dateModified":"2026-04-07T12:48:51+00:00","mainEntityOfPage":{"@id":"https:\/\/www.mpc.pr.gov.br\/index.php\/tce-pr-julga-irregular-a-terceirizacao-de-servicos-contabeis-e-juridicos-pelo-instituto-de-previdencia-do-municipio-de-matelandia\/"},"wordCount":590,"commentCount":0,"publisher":{"@id":"https:\/\/www.mpc.pr.gov.br\/#organization"},"image":{"@id":"https:\/\/www.mpc.pr.gov.br\/index.php\/tce-pr-julga-irregular-a-terceirizacao-de-servicos-contabeis-e-juridicos-pelo-instituto-de-previdencia-do-municipio-de-matelandia\/#primaryimage"},"thumbnailUrl":"https:\/\/www.mpc.pr.gov.br\/wp-content\/uploads\/2020\/05\/FISCALIZAR-00.jpg","articleSection":["Todas as not\u00edcias"],"inLanguage":"pt-BR","potentialAction":[{"@type":"CommentAction","name":"Comment","target":["https:\/\/www.mpc.pr.gov.br\/index.php\/tce-pr-julga-irregular-a-terceirizacao-de-servicos-contabeis-e-juridicos-pelo-instituto-de-previdencia-do-municipio-de-matelandia\/#respond"]}]},{"@type":"WebPage","@id":"https:\/\/www.mpc.pr.gov.br\/index.php\/tce-pr-julga-irregular-a-terceirizacao-de-servicos-contabeis-e-juridicos-pelo-instituto-de-previdencia-do-municipio-de-matelandia\/","url":"https:\/\/www.mpc.pr.gov.br\/index.php\/tce-pr-julga-irregular-a-terceirizacao-de-servicos-contabeis-e-juridicos-pelo-instituto-de-previdencia-do-municipio-de-matelandia\/","name":"TCE-PR julga irregular a terceiriza\u00e7\u00e3o de servi\u00e7os cont\u00e1beis e jur\u00eddicos pelo Instituto de Previd\u00eancia do munic\u00edpio de Matel\u00e2ndia - Minist\u00e9rio P\u00fablico de Contas do Estado do Paran\u00e1","isPartOf":{"@id":"https:\/\/www.mpc.pr.gov.br\/#website"},"primaryImageOfPage":{"@id":"https:\/\/www.mpc.pr.gov.br\/index.php\/tce-pr-julga-irregular-a-terceirizacao-de-servicos-contabeis-e-juridicos-pelo-instituto-de-previdencia-do-municipio-de-matelandia\/#primaryimage"},"image":{"@id":"https:\/\/www.mpc.pr.gov.br\/index.php\/tce-pr-julga-irregular-a-terceirizacao-de-servicos-contabeis-e-juridicos-pelo-instituto-de-previdencia-do-municipio-de-matelandia\/#primaryimage"},"thumbnailUrl":"https:\/\/www.mpc.pr.gov.br\/wp-content\/uploads\/2020\/05\/FISCALIZAR-00.jpg","datePublished":"2020-05-13T19:24:57+00:00","dateModified":"2026-04-07T12:48:51+00:00","breadcrumb":{"@id":"https:\/\/www.mpc.pr.gov.br\/index.php\/tce-pr-julga-irregular-a-terceirizacao-de-servicos-contabeis-e-juridicos-pelo-instituto-de-previdencia-do-municipio-de-matelandia\/#breadcrumb"},"inLanguage":"pt-BR","potentialAction":[{"@type":"ReadAction","target":["https:\/\/www.mpc.pr.gov.br\/index.php\/tce-pr-julga-irregular-a-terceirizacao-de-servicos-contabeis-e-juridicos-pelo-instituto-de-previdencia-do-municipio-de-matelandia\/"]}]},{"@type":"ImageObject","inLanguage":"pt-BR","@id":"https:\/\/www.mpc.pr.gov.br\/index.php\/tce-pr-julga-irregular-a-terceirizacao-de-servicos-contabeis-e-juridicos-pelo-instituto-de-previdencia-do-municipio-de-matelandia\/#primaryimage","url":"https:\/\/www.mpc.pr.gov.br\/wp-content\/uploads\/2020\/05\/FISCALIZAR-00.jpg","contentUrl":"https:\/\/www.mpc.pr.gov.br\/wp-content\/uploads\/2020\/05\/FISCALIZAR-00.jpg","width":300,"height":192},{"@type":"BreadcrumbList","@id":"https:\/\/www.mpc.pr.gov.br\/index.php\/tce-pr-julga-irregular-a-terceirizacao-de-servicos-contabeis-e-juridicos-pelo-instituto-de-previdencia-do-municipio-de-matelandia\/#breadcrumb","itemListElement":[{"@type":"ListItem","position":1,"name":"In\u00edcio","item":"https:\/\/www.mpc.pr.gov.br\/"},{"@type":"ListItem","position":2,"name":"TCE-PR julga irregular a terceiriza\u00e7\u00e3o de servi\u00e7os cont\u00e1beis e jur\u00eddicos pelo Instituto de Previd\u00eancia do munic\u00edpio de Matel\u00e2ndia"}]},{"@type":"WebSite","@id":"https:\/\/www.mpc.pr.gov.br\/#website","url":"https:\/\/www.mpc.pr.gov.br\/","name":"Minist\u00e9rio P\u00fablico de Contas do Estado do Paran\u00e1","description":"","publisher":{"@id":"https:\/\/www.mpc.pr.gov.br\/#organization"},"potentialAction":[{"@type":"SearchAction","target":{"@type":"EntryPoint","urlTemplate":"https:\/\/www.mpc.pr.gov.br\/?s={search_term_string}"},"query-input":{"@type":"PropertyValueSpecification","valueRequired":true,"valueName":"search_term_string"}}],"inLanguage":"pt-BR"},{"@type":"Organization","@id":"https:\/\/www.mpc.pr.gov.br\/#organization","name":"Minist\u00e9rio P\u00fablico de Contas do Estado do Paran\u00e1","url":"https:\/\/www.mpc.pr.gov.br\/","logo":{"@type":"ImageObject","inLanguage":"pt-BR","@id":"https:\/\/www.mpc.pr.gov.br\/#\/schema\/logo\/image\/","url":"https:\/\/www.mpc.pr.gov.br\/wp-content\/uploads\/2020\/06\/99423647_1593460364143890_6706793420720963584_n-1-e1591387983167.png","contentUrl":"https:\/\/www.mpc.pr.gov.br\/wp-content\/uploads\/2020\/06\/99423647_1593460364143890_6706793420720963584_n-1-e1591387983167.png","width":243,"height":73,"caption":"Minist\u00e9rio P\u00fablico de Contas do Estado do Paran\u00e1"},"image":{"@id":"https:\/\/www.mpc.pr.gov.br\/#\/schema\/logo\/image\/"},"sameAs":["https:\/\/www.facebook.com\/mpc.pr","https:\/\/www.instagram.com\/mpc.pr\/?hl=pt-br","https:\/\/www.youtube.com\/channel\/UCHri5oEM8DV0ztX57E0sBSw"]},{"@type":"Person","@id":"https:\/\/www.mpc.pr.gov.br\/#\/schema\/person\/d0c5cf9ebb4d8be833c419f3538cf751","name":"giovanna.faria","image":{"@type":"ImageObject","inLanguage":"pt-BR","@id":"https:\/\/secure.gravatar.com\/avatar\/?s=96&d=mm&r=g","url":"https:\/\/secure.gravatar.com\/avatar\/?s=96&d=mm&r=g","contentUrl":"https:\/\/secure.gravatar.com\/avatar\/?s=96&d=mm&r=g","caption":"giovanna.faria"}}]}},"rttpg_featured_image_url":{"full":["https:\/\/www.mpc.pr.gov.br\/wp-content\/uploads\/2020\/05\/FISCALIZAR-00.jpg",300,192,false],"landscape":["https:\/\/www.mpc.pr.gov.br\/wp-content\/uploads\/2020\/05\/FISCALIZAR-00.jpg",300,192,false],"portraits":["https:\/\/www.mpc.pr.gov.br\/wp-content\/uploads\/2020\/05\/FISCALIZAR-00.jpg",300,192,false],"thumbnail":["https:\/\/www.mpc.pr.gov.br\/wp-content\/uploads\/2020\/05\/FISCALIZAR-00-150x150.jpg",150,150,true],"medium":["https:\/\/www.mpc.pr.gov.br\/wp-content\/uploads\/2020\/05\/FISCALIZAR-00.jpg",300,192,false],"large":["https:\/\/www.mpc.pr.gov.br\/wp-content\/uploads\/2020\/05\/FISCALIZAR-00.jpg",300,192,false],"1536x1536":["https:\/\/www.mpc.pr.gov.br\/wp-content\/uploads\/2020\/05\/FISCALIZAR-00.jpg",300,192,false],"2048x2048":["https:\/\/www.mpc.pr.gov.br\/wp-content\/uploads\/2020\/05\/FISCALIZAR-00.jpg",300,192,false],"ocean-thumb-m":["https:\/\/www.mpc.pr.gov.br\/wp-content\/uploads\/2020\/05\/FISCALIZAR-00.jpg",300,192,false],"ocean-thumb-ml":["https:\/\/www.mpc.pr.gov.br\/wp-content\/uploads\/2020\/05\/FISCALIZAR-00.jpg",300,192,false],"ocean-thumb-l":["https:\/\/www.mpc.pr.gov.br\/wp-content\/uploads\/2020\/05\/FISCALIZAR-00.jpg",300,192,false]},"rttpg_author":{"display_name":"giovanna.faria","author_link":"https:\/\/www.mpc.pr.gov.br\/index.php\/author\/giovanna-faria\/"},"rttpg_comment":0,"rttpg_category":"<a href=\"https:\/\/www.mpc.pr.gov.br\/index.php\/category\/todas-as-noticias\/\" rel=\"category tag\">Todas as not\u00edcias<\/a>","rttpg_excerpt":"A Primeira C\u00e2mara do Tribunal de Contas do Paran\u00e1 (TCE-PR) julgou procedente a Tomada de Contas Extraordin\u00e1ria instaurada a partir de comunica\u00e7\u00e3o de irregularidade feita pela ent\u00e3o Diretoria de Contas Municipais (DCM), em face do Instituto de Previd\u00eancia do munic\u00edpio de Matel\u00e2ndia (PREVIMAT), \u00a0por meio da qual apontou a ocorr\u00eancia de terceiriza\u00e7\u00e3o irregular de servi\u00e7os&hellip;","_links":{"self":[{"href":"https:\/\/www.mpc.pr.gov.br\/index.php\/wp-json\/wp\/v2\/posts\/9033","targetHints":{"allow":["GET"]}}],"collection":[{"href":"https:\/\/www.mpc.pr.gov.br\/index.php\/wp-json\/wp\/v2\/posts"}],"about":[{"href":"https:\/\/www.mpc.pr.gov.br\/index.php\/wp-json\/wp\/v2\/types\/post"}],"author":[{"embeddable":true,"href":"https:\/\/www.mpc.pr.gov.br\/index.php\/wp-json\/wp\/v2\/users\/5"}],"replies":[{"embeddable":true,"href":"https:\/\/www.mpc.pr.gov.br\/index.php\/wp-json\/wp\/v2\/comments?post=9033"}],"version-history":[{"count":1,"href":"https:\/\/www.mpc.pr.gov.br\/index.php\/wp-json\/wp\/v2\/posts\/9033\/revisions"}],"predecessor-version":[{"id":9230,"href":"https:\/\/www.mpc.pr.gov.br\/index.php\/wp-json\/wp\/v2\/posts\/9033\/revisions\/9230"}],"wp:featuredmedia":[{"embeddable":true,"href":"https:\/\/www.mpc.pr.gov.br\/index.php\/wp-json\/wp\/v2\/media\/9229"}],"wp:attachment":[{"href":"https:\/\/www.mpc.pr.gov.br\/index.php\/wp-json\/wp\/v2\/media?parent=9033"}],"wp:term":[{"taxonomy":"category","embeddable":true,"href":"https:\/\/www.mpc.pr.gov.br\/index.php\/wp-json\/wp\/v2\/categories?post=9033"},{"taxonomy":"post_tag","embeddable":true,"href":"https:\/\/www.mpc.pr.gov.br\/index.php\/wp-json\/wp\/v2\/tags?post=9033"}],"curies":[{"name":"wp","href":"https:\/\/api.w.org\/{rel}","templated":true}]}}