{"id":9050,"date":"2020-05-18T15:34:24","date_gmt":"2020-05-18T18:34:24","guid":{"rendered":"http:\/\/www.mpc.pr.gov.br\/?p=9050"},"modified":"2023-08-10T16:37:53","modified_gmt":"2023-08-10T19:37:53","slug":"mp-de-contas-realiza-primeira-reuniao-do-centro-de-estudos-em-2020-por-videoconferencia-2","status":"publish","type":"post","link":"https:\/\/www.mpc.pr.gov.br\/index.php\/mp-de-contas-realiza-primeira-reuniao-do-centro-de-estudos-em-2020-por-videoconferencia-2\/","title":{"rendered":"MP de Contas realiza primeira reuni\u00e3o do Centro de Estudos em 2020 por videoconfer\u00eancia"},"content":{"rendered":"<p><a href=\"http:\/\/www.mpc.pr.gov.br\/mp-de-contas-realiza-primeira-reuniao-do-centro-de-estudos-em-2020-por-videoconferencia\/online-5059831_1920\/\" rel=\"attachment wp-att-9051\"><img fetchpriority=\"high\" decoding=\"async\" class=\"alignleft wp-image-9051 size-medium\" src=\"http:\/\/www.mpc.pr.gov.br\/wp-content\/uploads\/2020\/05\/online-5059831_1920-300x200.jpg\" alt=\"\" width=\"300\" height=\"200\" \/><\/a>O MP de Contas do Paran\u00e1 (MPC-PR) realizou a primeira reuni\u00e3o do seu Centro de Estudos deste ano, na manh\u00e3 da \u00faltima sexta-feira, dia 15. O encontro foi realizado por videoconfer\u00eancia, por meio da plataforma <em>Microsoft Teams<\/em>, e contou com a participa\u00e7\u00e3o da Procuradora-Geral Val\u00e9ria Borba, demais procuradores, servidores e estagi\u00e1rios da institui\u00e7\u00e3o.<\/p>\n<p>Sob a coordena\u00e7\u00e3o da procuradoria-geral e do analista de controle Saulo Lindorfer Pivetta, o Centro de Estudos ter\u00e1 como foco a integra\u00e7\u00e3o entre as unidades e membros lotados no MPC-PR, a fim de aproximar as equipes e estimular o desenvolvimento de a\u00e7\u00f5es.<\/p>\n<p>Durante essa primeira reuni\u00e3o, foi apresentado o novo projeto de atua\u00e7\u00e3o especial do N\u00facleo de Intelig\u00eancia, que promover\u00e1 a fiscaliza\u00e7\u00e3o das contrata\u00e7\u00f5es de insumos de sa\u00fade para o combate a pandemia do Coronav\u00edrus (COVID-19). Ainda est\u00e3o sendo definidas as \u00faltimas diretrizes do projeto e nas pr\u00f3ximas semanas dever\u00e3o ser realizadas as primeiras verifica\u00e7\u00f5es.<\/p>\n<p><strong>Trabalho remoto<\/strong><\/p>\n<p>Todos os procuradores, servidores e estagi\u00e1rios do MPC-PR est\u00e3o realizando normalmente suas atividades por meio do trabalho remoto, desde o dia 23 de mar\u00e7o. Tal medida foi autorizada pelo Presidente do Tribunal de Contas do Paran\u00e1 (TCE-PR), Conselheiro Nestor Baptista, como forma de restringir a propaga\u00e7\u00e3o do COVID-19.<\/p>\n<p>Por meio da Portaria n\u00b0 277\/20, publicada na edi\u00e7\u00e3o n\u00b0 2.297 do Di\u00e1rio Eletr\u00f4nico do TCE-PR, a medida foi prorrogada pela segunda vez, mantendo-se o teletrabalho pelo menos at\u00e9 o dia 31 de maio.<\/p>\n","protected":false},"excerpt":{"rendered":"<p>O MP de Contas do Paran\u00e1 (MPC-PR) realizou a primeira reuni\u00e3o do seu Centro de Estudos deste ano, na manh\u00e3 da \u00faltima sexta-feira, dia 15. O encontro foi realizado por videoconfer\u00eancia, por meio da plataforma Microsoft Teams, e contou com a participa\u00e7\u00e3o da Procuradora-Geral Val\u00e9ria Borba, demais procuradores, servidores e estagi\u00e1rios da institui\u00e7\u00e3o. Sob a [&hellip;]<\/p>\n","protected":false},"author":5,"featured_media":9205,"comment_status":"open","ping_status":"open","sticky":false,"template":"","format":"standard","meta":{"_monsterinsights_skip_tracking":false,"_monsterinsights_sitenote_active":false,"_monsterinsights_sitenote_note":"","_monsterinsights_sitenote_category":0,"footnotes":""},"categories":[7],"tags":[],"class_list":["post-9050","post","type-post","status-publish","format-standard","has-post-thumbnail","hentry","category-todas-as-noticias","entry","has-media"],"yoast_head":"<!-- This site is optimized with the Yoast SEO plugin v27.3 - https:\/\/yoast.com\/product\/yoast-seo-wordpress\/ -->\n<title>MP de Contas realiza primeira reuni\u00e3o do Centro de Estudos em 2020 por videoconfer\u00eancia - Minist\u00e9rio P\u00fablico de Contas do Estado do Paran\u00e1<\/title>\n<meta name=\"robots\" content=\"index, follow, max-snippet:-1, max-image-preview:large, max-video-preview:-1\" \/>\n<link rel=\"canonical\" href=\"https:\/\/www.mpc.pr.gov.br\/index.php\/mp-de-contas-realiza-primeira-reuniao-do-centro-de-estudos-em-2020-por-videoconferencia-2\/\" \/>\n<meta property=\"og:locale\" content=\"pt_BR\" \/>\n<meta property=\"og:type\" content=\"article\" \/>\n<meta property=\"og:title\" content=\"MP de Contas realiza primeira reuni\u00e3o do Centro de Estudos em 2020 por videoconfer\u00eancia - Minist\u00e9rio P\u00fablico de Contas do Estado do Paran\u00e1\" \/>\n<meta property=\"og:description\" content=\"O MP de Contas do Paran\u00e1 (MPC-PR) realizou a primeira reuni\u00e3o do seu Centro de Estudos deste ano, na manh\u00e3 da \u00faltima sexta-feira, dia 15. O encontro foi realizado por videoconfer\u00eancia, por meio da plataforma Microsoft Teams, e contou com a participa\u00e7\u00e3o da Procuradora-Geral Val\u00e9ria Borba, demais procuradores, servidores e estagi\u00e1rios da institui\u00e7\u00e3o. Sob a [&hellip;]\" \/>\n<meta property=\"og:url\" content=\"https:\/\/www.mpc.pr.gov.br\/index.php\/mp-de-contas-realiza-primeira-reuniao-do-centro-de-estudos-em-2020-por-videoconferencia-2\/\" \/>\n<meta property=\"og:site_name\" content=\"Minist\u00e9rio P\u00fablico de Contas do Estado do Paran\u00e1\" \/>\n<meta property=\"article:publisher\" content=\"https:\/\/www.facebook.com\/mpc.pr\" \/>\n<meta property=\"article:published_time\" content=\"2020-05-18T18:34:24+00:00\" \/>\n<meta property=\"article:modified_time\" content=\"2023-08-10T19:37:53+00:00\" \/>\n<meta property=\"og:image\" content=\"https:\/\/www.mpc.pr.gov.br\/wp-content\/uploads\/2020\/06\/TRABALHO-REMOTO.jpg\" \/>\n\t<meta property=\"og:image:width\" content=\"1920\" \/>\n\t<meta property=\"og:image:height\" content=\"1280\" \/>\n\t<meta property=\"og:image:type\" content=\"image\/jpeg\" \/>\n<meta name=\"author\" content=\"giovanna.faria\" \/>\n<meta name=\"twitter:card\" content=\"summary_large_image\" \/>\n<meta name=\"twitter:label1\" content=\"Escrito por\" \/>\n\t<meta name=\"twitter:data1\" content=\"giovanna.faria\" \/>\n\t<meta name=\"twitter:label2\" content=\"Est. tempo de leitura\" \/>\n\t<meta name=\"twitter:data2\" content=\"1 minuto\" \/>\n<script type=\"application\/ld+json\" class=\"yoast-schema-graph\">{\"@context\":\"https:\\\/\\\/schema.org\",\"@graph\":[{\"@type\":\"Article\",\"@id\":\"https:\\\/\\\/www.mpc.pr.gov.br\\\/index.php\\\/mp-de-contas-realiza-primeira-reuniao-do-centro-de-estudos-em-2020-por-videoconferencia-2\\\/#article\",\"isPartOf\":{\"@id\":\"https:\\\/\\\/www.mpc.pr.gov.br\\\/index.php\\\/mp-de-contas-realiza-primeira-reuniao-do-centro-de-estudos-em-2020-por-videoconferencia-2\\\/\"},\"author\":{\"name\":\"giovanna.faria\",\"@id\":\"https:\\\/\\\/www.mpc.pr.gov.br\\\/#\\\/schema\\\/person\\\/d0c5cf9ebb4d8be833c419f3538cf751\"},\"headline\":\"MP de Contas realiza primeira reuni\u00e3o do Centro de Estudos em 2020 por videoconfer\u00eancia\",\"datePublished\":\"2020-05-18T18:34:24+00:00\",\"dateModified\":\"2023-08-10T19:37:53+00:00\",\"mainEntityOfPage\":{\"@id\":\"https:\\\/\\\/www.mpc.pr.gov.br\\\/index.php\\\/mp-de-contas-realiza-primeira-reuniao-do-centro-de-estudos-em-2020-por-videoconferencia-2\\\/\"},\"wordCount\":270,\"commentCount\":0,\"publisher\":{\"@id\":\"https:\\\/\\\/www.mpc.pr.gov.br\\\/#organization\"},\"image\":{\"@id\":\"https:\\\/\\\/www.mpc.pr.gov.br\\\/index.php\\\/mp-de-contas-realiza-primeira-reuniao-do-centro-de-estudos-em-2020-por-videoconferencia-2\\\/#primaryimage\"},\"thumbnailUrl\":\"https:\\\/\\\/www.mpc.pr.gov.br\\\/wp-content\\\/uploads\\\/2020\\\/06\\\/TRABALHO-REMOTO.jpg\",\"articleSection\":[\"Todas as not\u00edcias\"],\"inLanguage\":\"pt-BR\",\"potentialAction\":[{\"@type\":\"CommentAction\",\"name\":\"Comment\",\"target\":[\"https:\\\/\\\/www.mpc.pr.gov.br\\\/index.php\\\/mp-de-contas-realiza-primeira-reuniao-do-centro-de-estudos-em-2020-por-videoconferencia-2\\\/#respond\"]}]},{\"@type\":\"WebPage\",\"@id\":\"https:\\\/\\\/www.mpc.pr.gov.br\\\/index.php\\\/mp-de-contas-realiza-primeira-reuniao-do-centro-de-estudos-em-2020-por-videoconferencia-2\\\/\",\"url\":\"https:\\\/\\\/www.mpc.pr.gov.br\\\/index.php\\\/mp-de-contas-realiza-primeira-reuniao-do-centro-de-estudos-em-2020-por-videoconferencia-2\\\/\",\"name\":\"MP de Contas realiza primeira reuni\u00e3o do Centro de Estudos em 2020 por videoconfer\u00eancia - Minist\u00e9rio P\u00fablico de Contas do Estado do Paran\u00e1\",\"isPartOf\":{\"@id\":\"https:\\\/\\\/www.mpc.pr.gov.br\\\/#website\"},\"primaryImageOfPage\":{\"@id\":\"https:\\\/\\\/www.mpc.pr.gov.br\\\/index.php\\\/mp-de-contas-realiza-primeira-reuniao-do-centro-de-estudos-em-2020-por-videoconferencia-2\\\/#primaryimage\"},\"image\":{\"@id\":\"https:\\\/\\\/www.mpc.pr.gov.br\\\/index.php\\\/mp-de-contas-realiza-primeira-reuniao-do-centro-de-estudos-em-2020-por-videoconferencia-2\\\/#primaryimage\"},\"thumbnailUrl\":\"https:\\\/\\\/www.mpc.pr.gov.br\\\/wp-content\\\/uploads\\\/2020\\\/06\\\/TRABALHO-REMOTO.jpg\",\"datePublished\":\"2020-05-18T18:34:24+00:00\",\"dateModified\":\"2023-08-10T19:37:53+00:00\",\"breadcrumb\":{\"@id\":\"https:\\\/\\\/www.mpc.pr.gov.br\\\/index.php\\\/mp-de-contas-realiza-primeira-reuniao-do-centro-de-estudos-em-2020-por-videoconferencia-2\\\/#breadcrumb\"},\"inLanguage\":\"pt-BR\",\"potentialAction\":[{\"@type\":\"ReadAction\",\"target\":[\"https:\\\/\\\/www.mpc.pr.gov.br\\\/index.php\\\/mp-de-contas-realiza-primeira-reuniao-do-centro-de-estudos-em-2020-por-videoconferencia-2\\\/\"]}]},{\"@type\":\"ImageObject\",\"inLanguage\":\"pt-BR\",\"@id\":\"https:\\\/\\\/www.mpc.pr.gov.br\\\/index.php\\\/mp-de-contas-realiza-primeira-reuniao-do-centro-de-estudos-em-2020-por-videoconferencia-2\\\/#primaryimage\",\"url\":\"https:\\\/\\\/www.mpc.pr.gov.br\\\/wp-content\\\/uploads\\\/2020\\\/06\\\/TRABALHO-REMOTO.jpg\",\"contentUrl\":\"https:\\\/\\\/www.mpc.pr.gov.br\\\/wp-content\\\/uploads\\\/2020\\\/06\\\/TRABALHO-REMOTO.jpg\",\"width\":1920,\"height\":1280},{\"@type\":\"BreadcrumbList\",\"@id\":\"https:\\\/\\\/www.mpc.pr.gov.br\\\/index.php\\\/mp-de-contas-realiza-primeira-reuniao-do-centro-de-estudos-em-2020-por-videoconferencia-2\\\/#breadcrumb\",\"itemListElement\":[{\"@type\":\"ListItem\",\"position\":1,\"name\":\"In\u00edcio\",\"item\":\"https:\\\/\\\/www.mpc.pr.gov.br\\\/\"},{\"@type\":\"ListItem\",\"position\":2,\"name\":\"MP de Contas realiza primeira reuni\u00e3o do Centro de Estudos em 2020 por videoconfer\u00eancia\"}]},{\"@type\":\"WebSite\",\"@id\":\"https:\\\/\\\/www.mpc.pr.gov.br\\\/#website\",\"url\":\"https:\\\/\\\/www.mpc.pr.gov.br\\\/\",\"name\":\"Minist\u00e9rio P\u00fablico de Contas do Estado do Paran\u00e1\",\"description\":\"\",\"publisher\":{\"@id\":\"https:\\\/\\\/www.mpc.pr.gov.br\\\/#organization\"},\"potentialAction\":[{\"@type\":\"SearchAction\",\"target\":{\"@type\":\"EntryPoint\",\"urlTemplate\":\"https:\\\/\\\/www.mpc.pr.gov.br\\\/?s={search_term_string}\"},\"query-input\":{\"@type\":\"PropertyValueSpecification\",\"valueRequired\":true,\"valueName\":\"search_term_string\"}}],\"inLanguage\":\"pt-BR\"},{\"@type\":\"Organization\",\"@id\":\"https:\\\/\\\/www.mpc.pr.gov.br\\\/#organization\",\"name\":\"Minist\u00e9rio P\u00fablico de Contas do Estado do Paran\u00e1\",\"url\":\"https:\\\/\\\/www.mpc.pr.gov.br\\\/\",\"logo\":{\"@type\":\"ImageObject\",\"inLanguage\":\"pt-BR\",\"@id\":\"https:\\\/\\\/www.mpc.pr.gov.br\\\/#\\\/schema\\\/logo\\\/image\\\/\",\"url\":\"https:\\\/\\\/www.mpc.pr.gov.br\\\/wp-content\\\/uploads\\\/2020\\\/06\\\/99423647_1593460364143890_6706793420720963584_n-1-e1591387983167.png\",\"contentUrl\":\"https:\\\/\\\/www.mpc.pr.gov.br\\\/wp-content\\\/uploads\\\/2020\\\/06\\\/99423647_1593460364143890_6706793420720963584_n-1-e1591387983167.png\",\"width\":243,\"height\":73,\"caption\":\"Minist\u00e9rio P\u00fablico de Contas do Estado do Paran\u00e1\"},\"image\":{\"@id\":\"https:\\\/\\\/www.mpc.pr.gov.br\\\/#\\\/schema\\\/logo\\\/image\\\/\"},\"sameAs\":[\"https:\\\/\\\/www.facebook.com\\\/mpc.pr\",\"https:\\\/\\\/www.instagram.com\\\/mpc.pr\\\/?hl=pt-br\",\"https:\\\/\\\/www.youtube.com\\\/channel\\\/UCHri5oEM8DV0ztX57E0sBSw\"]},{\"@type\":\"Person\",\"@id\":\"https:\\\/\\\/www.mpc.pr.gov.br\\\/#\\\/schema\\\/person\\\/d0c5cf9ebb4d8be833c419f3538cf751\",\"name\":\"giovanna.faria\",\"image\":{\"@type\":\"ImageObject\",\"inLanguage\":\"pt-BR\",\"@id\":\"https:\\\/\\\/secure.gravatar.com\\\/avatar\\\/?s=96&d=mm&r=g\",\"url\":\"https:\\\/\\\/secure.gravatar.com\\\/avatar\\\/?s=96&d=mm&r=g\",\"contentUrl\":\"https:\\\/\\\/secure.gravatar.com\\\/avatar\\\/?s=96&d=mm&r=g\",\"caption\":\"giovanna.faria\"}}]}<\/script>\n<!-- \/ Yoast SEO plugin. -->","yoast_head_json":{"title":"MP de Contas realiza primeira reuni\u00e3o do Centro de Estudos em 2020 por videoconfer\u00eancia - Minist\u00e9rio P\u00fablico de Contas do Estado do Paran\u00e1","robots":{"index":"index","follow":"follow","max-snippet":"max-snippet:-1","max-image-preview":"max-image-preview:large","max-video-preview":"max-video-preview:-1"},"canonical":"https:\/\/www.mpc.pr.gov.br\/index.php\/mp-de-contas-realiza-primeira-reuniao-do-centro-de-estudos-em-2020-por-videoconferencia-2\/","og_locale":"pt_BR","og_type":"article","og_title":"MP de Contas realiza primeira reuni\u00e3o do Centro de Estudos em 2020 por videoconfer\u00eancia - Minist\u00e9rio P\u00fablico de Contas do Estado do Paran\u00e1","og_description":"O MP de Contas do Paran\u00e1 (MPC-PR) realizou a primeira reuni\u00e3o do seu Centro de Estudos deste ano, na manh\u00e3 da \u00faltima sexta-feira, dia 15. O encontro foi realizado por videoconfer\u00eancia, por meio da plataforma Microsoft Teams, e contou com a participa\u00e7\u00e3o da Procuradora-Geral Val\u00e9ria Borba, demais procuradores, servidores e estagi\u00e1rios da institui\u00e7\u00e3o. Sob a [&hellip;]","og_url":"https:\/\/www.mpc.pr.gov.br\/index.php\/mp-de-contas-realiza-primeira-reuniao-do-centro-de-estudos-em-2020-por-videoconferencia-2\/","og_site_name":"Minist\u00e9rio P\u00fablico de Contas do Estado do Paran\u00e1","article_publisher":"https:\/\/www.facebook.com\/mpc.pr","article_published_time":"2020-05-18T18:34:24+00:00","article_modified_time":"2023-08-10T19:37:53+00:00","og_image":[{"width":1920,"height":1280,"url":"https:\/\/www.mpc.pr.gov.br\/wp-content\/uploads\/2020\/06\/TRABALHO-REMOTO.jpg","type":"image\/jpeg"}],"author":"giovanna.faria","twitter_card":"summary_large_image","twitter_misc":{"Escrito por":"giovanna.faria","Est. tempo de leitura":"1 minuto"},"schema":{"@context":"https:\/\/schema.org","@graph":[{"@type":"Article","@id":"https:\/\/www.mpc.pr.gov.br\/index.php\/mp-de-contas-realiza-primeira-reuniao-do-centro-de-estudos-em-2020-por-videoconferencia-2\/#article","isPartOf":{"@id":"https:\/\/www.mpc.pr.gov.br\/index.php\/mp-de-contas-realiza-primeira-reuniao-do-centro-de-estudos-em-2020-por-videoconferencia-2\/"},"author":{"name":"giovanna.faria","@id":"https:\/\/www.mpc.pr.gov.br\/#\/schema\/person\/d0c5cf9ebb4d8be833c419f3538cf751"},"headline":"MP de Contas realiza primeira reuni\u00e3o do Centro de Estudos em 2020 por videoconfer\u00eancia","datePublished":"2020-05-18T18:34:24+00:00","dateModified":"2023-08-10T19:37:53+00:00","mainEntityOfPage":{"@id":"https:\/\/www.mpc.pr.gov.br\/index.php\/mp-de-contas-realiza-primeira-reuniao-do-centro-de-estudos-em-2020-por-videoconferencia-2\/"},"wordCount":270,"commentCount":0,"publisher":{"@id":"https:\/\/www.mpc.pr.gov.br\/#organization"},"image":{"@id":"https:\/\/www.mpc.pr.gov.br\/index.php\/mp-de-contas-realiza-primeira-reuniao-do-centro-de-estudos-em-2020-por-videoconferencia-2\/#primaryimage"},"thumbnailUrl":"https:\/\/www.mpc.pr.gov.br\/wp-content\/uploads\/2020\/06\/TRABALHO-REMOTO.jpg","articleSection":["Todas as not\u00edcias"],"inLanguage":"pt-BR","potentialAction":[{"@type":"CommentAction","name":"Comment","target":["https:\/\/www.mpc.pr.gov.br\/index.php\/mp-de-contas-realiza-primeira-reuniao-do-centro-de-estudos-em-2020-por-videoconferencia-2\/#respond"]}]},{"@type":"WebPage","@id":"https:\/\/www.mpc.pr.gov.br\/index.php\/mp-de-contas-realiza-primeira-reuniao-do-centro-de-estudos-em-2020-por-videoconferencia-2\/","url":"https:\/\/www.mpc.pr.gov.br\/index.php\/mp-de-contas-realiza-primeira-reuniao-do-centro-de-estudos-em-2020-por-videoconferencia-2\/","name":"MP de Contas realiza primeira reuni\u00e3o do Centro de Estudos em 2020 por videoconfer\u00eancia - Minist\u00e9rio P\u00fablico de Contas do Estado do Paran\u00e1","isPartOf":{"@id":"https:\/\/www.mpc.pr.gov.br\/#website"},"primaryImageOfPage":{"@id":"https:\/\/www.mpc.pr.gov.br\/index.php\/mp-de-contas-realiza-primeira-reuniao-do-centro-de-estudos-em-2020-por-videoconferencia-2\/#primaryimage"},"image":{"@id":"https:\/\/www.mpc.pr.gov.br\/index.php\/mp-de-contas-realiza-primeira-reuniao-do-centro-de-estudos-em-2020-por-videoconferencia-2\/#primaryimage"},"thumbnailUrl":"https:\/\/www.mpc.pr.gov.br\/wp-content\/uploads\/2020\/06\/TRABALHO-REMOTO.jpg","datePublished":"2020-05-18T18:34:24+00:00","dateModified":"2023-08-10T19:37:53+00:00","breadcrumb":{"@id":"https:\/\/www.mpc.pr.gov.br\/index.php\/mp-de-contas-realiza-primeira-reuniao-do-centro-de-estudos-em-2020-por-videoconferencia-2\/#breadcrumb"},"inLanguage":"pt-BR","potentialAction":[{"@type":"ReadAction","target":["https:\/\/www.mpc.pr.gov.br\/index.php\/mp-de-contas-realiza-primeira-reuniao-do-centro-de-estudos-em-2020-por-videoconferencia-2\/"]}]},{"@type":"ImageObject","inLanguage":"pt-BR","@id":"https:\/\/www.mpc.pr.gov.br\/index.php\/mp-de-contas-realiza-primeira-reuniao-do-centro-de-estudos-em-2020-por-videoconferencia-2\/#primaryimage","url":"https:\/\/www.mpc.pr.gov.br\/wp-content\/uploads\/2020\/06\/TRABALHO-REMOTO.jpg","contentUrl":"https:\/\/www.mpc.pr.gov.br\/wp-content\/uploads\/2020\/06\/TRABALHO-REMOTO.jpg","width":1920,"height":1280},{"@type":"BreadcrumbList","@id":"https:\/\/www.mpc.pr.gov.br\/index.php\/mp-de-contas-realiza-primeira-reuniao-do-centro-de-estudos-em-2020-por-videoconferencia-2\/#breadcrumb","itemListElement":[{"@type":"ListItem","position":1,"name":"In\u00edcio","item":"https:\/\/www.mpc.pr.gov.br\/"},{"@type":"ListItem","position":2,"name":"MP de Contas realiza primeira reuni\u00e3o do Centro de Estudos em 2020 por videoconfer\u00eancia"}]},{"@type":"WebSite","@id":"https:\/\/www.mpc.pr.gov.br\/#website","url":"https:\/\/www.mpc.pr.gov.br\/","name":"Minist\u00e9rio P\u00fablico de Contas do Estado do Paran\u00e1","description":"","publisher":{"@id":"https:\/\/www.mpc.pr.gov.br\/#organization"},"potentialAction":[{"@type":"SearchAction","target":{"@type":"EntryPoint","urlTemplate":"https:\/\/www.mpc.pr.gov.br\/?s={search_term_string}"},"query-input":{"@type":"PropertyValueSpecification","valueRequired":true,"valueName":"search_term_string"}}],"inLanguage":"pt-BR"},{"@type":"Organization","@id":"https:\/\/www.mpc.pr.gov.br\/#organization","name":"Minist\u00e9rio P\u00fablico de Contas do Estado do Paran\u00e1","url":"https:\/\/www.mpc.pr.gov.br\/","logo":{"@type":"ImageObject","inLanguage":"pt-BR","@id":"https:\/\/www.mpc.pr.gov.br\/#\/schema\/logo\/image\/","url":"https:\/\/www.mpc.pr.gov.br\/wp-content\/uploads\/2020\/06\/99423647_1593460364143890_6706793420720963584_n-1-e1591387983167.png","contentUrl":"https:\/\/www.mpc.pr.gov.br\/wp-content\/uploads\/2020\/06\/99423647_1593460364143890_6706793420720963584_n-1-e1591387983167.png","width":243,"height":73,"caption":"Minist\u00e9rio P\u00fablico de Contas do Estado do Paran\u00e1"},"image":{"@id":"https:\/\/www.mpc.pr.gov.br\/#\/schema\/logo\/image\/"},"sameAs":["https:\/\/www.facebook.com\/mpc.pr","https:\/\/www.instagram.com\/mpc.pr\/?hl=pt-br","https:\/\/www.youtube.com\/channel\/UCHri5oEM8DV0ztX57E0sBSw"]},{"@type":"Person","@id":"https:\/\/www.mpc.pr.gov.br\/#\/schema\/person\/d0c5cf9ebb4d8be833c419f3538cf751","name":"giovanna.faria","image":{"@type":"ImageObject","inLanguage":"pt-BR","@id":"https:\/\/secure.gravatar.com\/avatar\/?s=96&d=mm&r=g","url":"https:\/\/secure.gravatar.com\/avatar\/?s=96&d=mm&r=g","contentUrl":"https:\/\/secure.gravatar.com\/avatar\/?s=96&d=mm&r=g","caption":"giovanna.faria"}}]}},"rttpg_featured_image_url":{"full":["https:\/\/www.mpc.pr.gov.br\/wp-content\/uploads\/2020\/06\/TRABALHO-REMOTO.jpg",1920,1280,false],"landscape":["https:\/\/www.mpc.pr.gov.br\/wp-content\/uploads\/2020\/06\/TRABALHO-REMOTO.jpg",1920,1280,false],"portraits":["https:\/\/www.mpc.pr.gov.br\/wp-content\/uploads\/2020\/06\/TRABALHO-REMOTO.jpg",1920,1280,false],"thumbnail":["https:\/\/www.mpc.pr.gov.br\/wp-content\/uploads\/2020\/06\/TRABALHO-REMOTO-150x150.jpg",150,150,true],"medium":["https:\/\/www.mpc.pr.gov.br\/wp-content\/uploads\/2020\/06\/TRABALHO-REMOTO-300x200.jpg",300,200,true],"large":["https:\/\/www.mpc.pr.gov.br\/wp-content\/uploads\/2020\/06\/TRABALHO-REMOTO-1024x683.jpg",1024,683,true],"1536x1536":["https:\/\/www.mpc.pr.gov.br\/wp-content\/uploads\/2020\/06\/TRABALHO-REMOTO-1536x1024.jpg",1536,1024,true],"2048x2048":["https:\/\/www.mpc.pr.gov.br\/wp-content\/uploads\/2020\/06\/TRABALHO-REMOTO.jpg",1920,1280,false],"ocean-thumb-m":["https:\/\/www.mpc.pr.gov.br\/wp-content\/uploads\/2020\/06\/TRABALHO-REMOTO.jpg",600,400,false],"ocean-thumb-ml":["https:\/\/www.mpc.pr.gov.br\/wp-content\/uploads\/2020\/06\/TRABALHO-REMOTO.jpg",675,450,false],"ocean-thumb-l":["https:\/\/www.mpc.pr.gov.br\/wp-content\/uploads\/2020\/06\/TRABALHO-REMOTO.jpg",1050,700,false]},"rttpg_author":{"display_name":"giovanna.faria","author_link":"https:\/\/www.mpc.pr.gov.br\/index.php\/author\/giovanna-faria\/"},"rttpg_comment":0,"rttpg_category":"<a href=\"https:\/\/www.mpc.pr.gov.br\/index.php\/category\/todas-as-noticias\/\" rel=\"category tag\">Todas as not\u00edcias<\/a>","rttpg_excerpt":"O MP de Contas do Paran\u00e1 (MPC-PR) realizou a primeira reuni\u00e3o do seu Centro de Estudos deste ano, na manh\u00e3 da \u00faltima sexta-feira, dia 15. O encontro foi realizado por videoconfer\u00eancia, por meio da plataforma Microsoft Teams, e contou com a participa\u00e7\u00e3o da Procuradora-Geral Val\u00e9ria Borba, demais procuradores, servidores e estagi\u00e1rios da institui\u00e7\u00e3o. Sob a&hellip;","_links":{"self":[{"href":"https:\/\/www.mpc.pr.gov.br\/index.php\/wp-json\/wp\/v2\/posts\/9050","targetHints":{"allow":["GET"]}}],"collection":[{"href":"https:\/\/www.mpc.pr.gov.br\/index.php\/wp-json\/wp\/v2\/posts"}],"about":[{"href":"https:\/\/www.mpc.pr.gov.br\/index.php\/wp-json\/wp\/v2\/types\/post"}],"author":[{"embeddable":true,"href":"https:\/\/www.mpc.pr.gov.br\/index.php\/wp-json\/wp\/v2\/users\/5"}],"replies":[{"embeddable":true,"href":"https:\/\/www.mpc.pr.gov.br\/index.php\/wp-json\/wp\/v2\/comments?post=9050"}],"version-history":[{"count":1,"href":"https:\/\/www.mpc.pr.gov.br\/index.php\/wp-json\/wp\/v2\/posts\/9050\/revisions"}],"predecessor-version":[{"id":9228,"href":"https:\/\/www.mpc.pr.gov.br\/index.php\/wp-json\/wp\/v2\/posts\/9050\/revisions\/9228"}],"wp:featuredmedia":[{"embeddable":true,"href":"https:\/\/www.mpc.pr.gov.br\/index.php\/wp-json\/wp\/v2\/media\/9205"}],"wp:attachment":[{"href":"https:\/\/www.mpc.pr.gov.br\/index.php\/wp-json\/wp\/v2\/media?parent=9050"}],"wp:term":[{"taxonomy":"category","embeddable":true,"href":"https:\/\/www.mpc.pr.gov.br\/index.php\/wp-json\/wp\/v2\/categories?post=9050"},{"taxonomy":"post_tag","embeddable":true,"href":"https:\/\/www.mpc.pr.gov.br\/index.php\/wp-json\/wp\/v2\/tags?post=9050"}],"curies":[{"name":"wp","href":"https:\/\/api.w.org\/{rel}","templated":true}]}}