{"id":9069,"date":"2020-05-21T13:46:33","date_gmt":"2020-05-21T16:46:33","guid":{"rendered":"http:\/\/www.mpc.pr.gov.br\/?p=9069"},"modified":"2020-07-09T16:09:17","modified_gmt":"2020-07-09T19:09:17","slug":"amanha-22-procurador-do-mp-de-contas-discute-educacao-publica-durante-a-pandemia-em-live-da-ampcon","status":"publish","type":"post","link":"https:\/\/www.mpc.pr.gov.br\/index.php\/amanha-22-procurador-do-mp-de-contas-discute-educacao-publica-durante-a-pandemia-em-live-da-ampcon\/","title":{"rendered":"Amanh\u00e3 (22), Procurador do MP de Contas discute educa\u00e7\u00e3o p\u00fablica durante a pandemia em live da AMPCON"},"content":{"rendered":"<p><a href=\"http:\/\/www.mpc.pr.gov.br\/wp-content\/uploads\/2020\/05\/WhatsApp-Image-2020-05-20-at-19.06.46.jpeg\" rel=\"attachment wp-att-9071\"><img fetchpriority=\"high\" decoding=\"async\" class=\"alignleft wp-image-9071 size-medium\" src=\"http:\/\/www.mpc.pr.gov.br\/wp-content\/uploads\/2020\/05\/WhatsApp-Image-2020-05-20-at-19.06.46-300x300.jpeg\" alt=\"\" width=\"300\" height=\"300\" \/><\/a>Amanh\u00e3 (22), a partir das 15h, o Procurador do MP de Contas do Paran\u00e1 (MPC-PR) Fl\u00e1vio Berti, participa de uma das <em>lives<\/em> promovidas pela Associa\u00e7\u00e3o Nacional do Minist\u00e9rio P\u00fablico de Contas (AMPCON). Nesta sexta-feira, o tema da transmiss\u00e3o ser\u00e1 \u201cComo fica a educa\u00e7\u00e3o p\u00fablica na pandemia?\u201d.<\/p>\n<p>Tamb\u00e9m participar\u00e3o do debate os Procuradores Cristina Melo (MPC-MG) e Adilson Medeiros (MPC-RO) e, como convidado especial, Cezar Miola, Conselheiro do Tribunal de Contas do Rio Grande do Sul (TCE-RS) e Presidente do Comit\u00ea de Educa\u00e7\u00e3o do Instituto Rui Barbosa (IRB). A medica\u00e7\u00e3o ficar\u00e1 por conta da Procuradora Silaine Vendramin (MPC-PA).<\/p>\n<p>A <em>live<\/em> ser\u00e1 transmitida pelas m\u00eddias sociais, <em>Facebook <\/em>e <em>YouTube<\/em>, da AMPCON e do Portal Pro Legislativo. Os links para acesso est\u00e3o listados abaixo:<\/p>\n<p><strong><em>Facebook AMPCON: <\/em><\/strong><a href=\"https:\/\/www.facebook.com\/ministerio.decontasampcon\/\">https:\/\/www.facebook.com\/ministerio.decontasampcon\/<\/a><\/p>\n<p><strong><em>YouTube AMPCON: <\/em><\/strong><a href=\"https:\/\/www.youtube.com\/channel\/UCzamMxhsFftnotYHWMfxYzw\">https:\/\/www.youtube.com\/channel\/UCzamMxhsFftnotYHWMfxYzw<\/a><\/p>\n<p><strong><em>Facebook Pro Legislativo: <\/em><\/strong><a href=\"https:\/\/www.facebook.com\/prolegislativo\/\">https:\/\/www.facebook.com\/prolegislativo\/<\/a><\/p>\n<p><strong><em>YouTube Pro Legislativo:<\/em><\/strong> <a href=\"https:\/\/www.youtube.com\/channel\/UCwr7qZ1zNSAtHHqjS4W1LGQ\">https:\/\/www.youtube.com\/channel\/UCwr7qZ1zNSAtHHqjS4W1LGQ<\/a><\/p>\n","protected":false},"excerpt":{"rendered":"<p>Amanh\u00e3 (22), a partir das 15h, o Procurador do MP de Contas do Paran\u00e1 (MPC-PR) Fl\u00e1vio Berti, participa de uma das lives promovidas pela Associa\u00e7\u00e3o Nacional do Minist\u00e9rio P\u00fablico de Contas (AMPCON). Nesta sexta-feira, o tema da transmiss\u00e3o ser\u00e1 \u201cComo fica a educa\u00e7\u00e3o p\u00fablica na pandemia?\u201d. Tamb\u00e9m participar\u00e3o do debate os Procuradores Cristina Melo (MPC-MG) [&hellip;]<\/p>\n","protected":false},"author":5,"featured_media":9226,"comment_status":"open","ping_status":"open","sticky":false,"template":"","format":"standard","meta":{"_monsterinsights_skip_tracking":false,"_monsterinsights_sitenote_active":false,"_monsterinsights_sitenote_note":"","_monsterinsights_sitenote_category":0,"footnotes":""},"categories":[7],"tags":[],"class_list":["post-9069","post","type-post","status-publish","format-standard","has-post-thumbnail","hentry","category-todas-as-noticias","entry","has-media"],"yoast_head":"<!-- This site is optimized with the Yoast SEO plugin v27.3 - https:\/\/yoast.com\/product\/yoast-seo-wordpress\/ -->\n<title>Amanh\u00e3 (22), Procurador do MP de Contas discute educa\u00e7\u00e3o p\u00fablica durante a pandemia em live da AMPCON - Minist\u00e9rio P\u00fablico de Contas do Estado do Paran\u00e1<\/title>\n<meta name=\"robots\" content=\"index, follow, max-snippet:-1, max-image-preview:large, max-video-preview:-1\" \/>\n<link rel=\"canonical\" href=\"https:\/\/www.mpc.pr.gov.br\/index.php\/amanha-22-procurador-do-mp-de-contas-discute-educacao-publica-durante-a-pandemia-em-live-da-ampcon\/\" \/>\n<meta property=\"og:locale\" content=\"pt_BR\" \/>\n<meta property=\"og:type\" content=\"article\" \/>\n<meta property=\"og:title\" content=\"Amanh\u00e3 (22), Procurador do MP de Contas discute educa\u00e7\u00e3o p\u00fablica durante a pandemia em live da AMPCON - Minist\u00e9rio P\u00fablico de Contas do Estado do Paran\u00e1\" \/>\n<meta property=\"og:description\" content=\"Amanh\u00e3 (22), a partir das 15h, o Procurador do MP de Contas do Paran\u00e1 (MPC-PR) Fl\u00e1vio Berti, participa de uma das lives promovidas pela Associa\u00e7\u00e3o Nacional do Minist\u00e9rio P\u00fablico de Contas (AMPCON). Nesta sexta-feira, o tema da transmiss\u00e3o ser\u00e1 \u201cComo fica a educa\u00e7\u00e3o p\u00fablica na pandemia?\u201d. Tamb\u00e9m participar\u00e3o do debate os Procuradores Cristina Melo (MPC-MG) [&hellip;]\" \/>\n<meta property=\"og:url\" content=\"https:\/\/www.mpc.pr.gov.br\/index.php\/amanha-22-procurador-do-mp-de-contas-discute-educacao-publica-durante-a-pandemia-em-live-da-ampcon\/\" \/>\n<meta property=\"og:site_name\" content=\"Minist\u00e9rio P\u00fablico de Contas do Estado do Paran\u00e1\" \/>\n<meta property=\"article:publisher\" content=\"https:\/\/www.facebook.com\/mpc.pr\" \/>\n<meta property=\"article:published_time\" content=\"2020-05-21T16:46:33+00:00\" \/>\n<meta property=\"article:modified_time\" content=\"2020-07-09T19:09:17+00:00\" \/>\n<meta property=\"og:image\" content=\"https:\/\/www.mpc.pr.gov.br\/wp-content\/uploads\/2020\/05\/LIVE-AMPCON.jpeg\" \/>\n\t<meta property=\"og:image:width\" content=\"300\" \/>\n\t<meta property=\"og:image:height\" content=\"300\" \/>\n\t<meta property=\"og:image:type\" content=\"image\/jpeg\" \/>\n<meta name=\"author\" content=\"giovanna.faria\" \/>\n<meta name=\"twitter:card\" content=\"summary_large_image\" \/>\n<meta name=\"twitter:label1\" content=\"Escrito por\" \/>\n\t<meta name=\"twitter:data1\" content=\"giovanna.faria\" \/>\n\t<meta name=\"twitter:label2\" content=\"Est. tempo de leitura\" \/>\n\t<meta name=\"twitter:data2\" content=\"1 minuto\" \/>\n<script type=\"application\/ld+json\" class=\"yoast-schema-graph\">{\"@context\":\"https:\\\/\\\/schema.org\",\"@graph\":[{\"@type\":\"Article\",\"@id\":\"https:\\\/\\\/www.mpc.pr.gov.br\\\/index.php\\\/amanha-22-procurador-do-mp-de-contas-discute-educacao-publica-durante-a-pandemia-em-live-da-ampcon\\\/#article\",\"isPartOf\":{\"@id\":\"https:\\\/\\\/www.mpc.pr.gov.br\\\/index.php\\\/amanha-22-procurador-do-mp-de-contas-discute-educacao-publica-durante-a-pandemia-em-live-da-ampcon\\\/\"},\"author\":{\"name\":\"giovanna.faria\",\"@id\":\"https:\\\/\\\/www.mpc.pr.gov.br\\\/#\\\/schema\\\/person\\\/d0c5cf9ebb4d8be833c419f3538cf751\"},\"headline\":\"Amanh\u00e3 (22), Procurador do MP de Contas discute educa\u00e7\u00e3o p\u00fablica durante a pandemia em live da AMPCON\",\"datePublished\":\"2020-05-21T16:46:33+00:00\",\"dateModified\":\"2020-07-09T19:09:17+00:00\",\"mainEntityOfPage\":{\"@id\":\"https:\\\/\\\/www.mpc.pr.gov.br\\\/index.php\\\/amanha-22-procurador-do-mp-de-contas-discute-educacao-publica-durante-a-pandemia-em-live-da-ampcon\\\/\"},\"wordCount\":188,\"commentCount\":0,\"publisher\":{\"@id\":\"https:\\\/\\\/www.mpc.pr.gov.br\\\/#organization\"},\"image\":{\"@id\":\"https:\\\/\\\/www.mpc.pr.gov.br\\\/index.php\\\/amanha-22-procurador-do-mp-de-contas-discute-educacao-publica-durante-a-pandemia-em-live-da-ampcon\\\/#primaryimage\"},\"thumbnailUrl\":\"https:\\\/\\\/www.mpc.pr.gov.br\\\/wp-content\\\/uploads\\\/2020\\\/05\\\/LIVE-AMPCON.jpeg\",\"articleSection\":[\"Todas as not\u00edcias\"],\"inLanguage\":\"pt-BR\",\"potentialAction\":[{\"@type\":\"CommentAction\",\"name\":\"Comment\",\"target\":[\"https:\\\/\\\/www.mpc.pr.gov.br\\\/index.php\\\/amanha-22-procurador-do-mp-de-contas-discute-educacao-publica-durante-a-pandemia-em-live-da-ampcon\\\/#respond\"]}]},{\"@type\":\"WebPage\",\"@id\":\"https:\\\/\\\/www.mpc.pr.gov.br\\\/index.php\\\/amanha-22-procurador-do-mp-de-contas-discute-educacao-publica-durante-a-pandemia-em-live-da-ampcon\\\/\",\"url\":\"https:\\\/\\\/www.mpc.pr.gov.br\\\/index.php\\\/amanha-22-procurador-do-mp-de-contas-discute-educacao-publica-durante-a-pandemia-em-live-da-ampcon\\\/\",\"name\":\"Amanh\u00e3 (22), Procurador do MP de Contas discute educa\u00e7\u00e3o p\u00fablica durante a pandemia em live da AMPCON - Minist\u00e9rio P\u00fablico de Contas do Estado do Paran\u00e1\",\"isPartOf\":{\"@id\":\"https:\\\/\\\/www.mpc.pr.gov.br\\\/#website\"},\"primaryImageOfPage\":{\"@id\":\"https:\\\/\\\/www.mpc.pr.gov.br\\\/index.php\\\/amanha-22-procurador-do-mp-de-contas-discute-educacao-publica-durante-a-pandemia-em-live-da-ampcon\\\/#primaryimage\"},\"image\":{\"@id\":\"https:\\\/\\\/www.mpc.pr.gov.br\\\/index.php\\\/amanha-22-procurador-do-mp-de-contas-discute-educacao-publica-durante-a-pandemia-em-live-da-ampcon\\\/#primaryimage\"},\"thumbnailUrl\":\"https:\\\/\\\/www.mpc.pr.gov.br\\\/wp-content\\\/uploads\\\/2020\\\/05\\\/LIVE-AMPCON.jpeg\",\"datePublished\":\"2020-05-21T16:46:33+00:00\",\"dateModified\":\"2020-07-09T19:09:17+00:00\",\"breadcrumb\":{\"@id\":\"https:\\\/\\\/www.mpc.pr.gov.br\\\/index.php\\\/amanha-22-procurador-do-mp-de-contas-discute-educacao-publica-durante-a-pandemia-em-live-da-ampcon\\\/#breadcrumb\"},\"inLanguage\":\"pt-BR\",\"potentialAction\":[{\"@type\":\"ReadAction\",\"target\":[\"https:\\\/\\\/www.mpc.pr.gov.br\\\/index.php\\\/amanha-22-procurador-do-mp-de-contas-discute-educacao-publica-durante-a-pandemia-em-live-da-ampcon\\\/\"]}]},{\"@type\":\"ImageObject\",\"inLanguage\":\"pt-BR\",\"@id\":\"https:\\\/\\\/www.mpc.pr.gov.br\\\/index.php\\\/amanha-22-procurador-do-mp-de-contas-discute-educacao-publica-durante-a-pandemia-em-live-da-ampcon\\\/#primaryimage\",\"url\":\"https:\\\/\\\/www.mpc.pr.gov.br\\\/wp-content\\\/uploads\\\/2020\\\/05\\\/LIVE-AMPCON.jpeg\",\"contentUrl\":\"https:\\\/\\\/www.mpc.pr.gov.br\\\/wp-content\\\/uploads\\\/2020\\\/05\\\/LIVE-AMPCON.jpeg\",\"width\":300,\"height\":300},{\"@type\":\"BreadcrumbList\",\"@id\":\"https:\\\/\\\/www.mpc.pr.gov.br\\\/index.php\\\/amanha-22-procurador-do-mp-de-contas-discute-educacao-publica-durante-a-pandemia-em-live-da-ampcon\\\/#breadcrumb\",\"itemListElement\":[{\"@type\":\"ListItem\",\"position\":1,\"name\":\"In\u00edcio\",\"item\":\"https:\\\/\\\/www.mpc.pr.gov.br\\\/\"},{\"@type\":\"ListItem\",\"position\":2,\"name\":\"Amanh\u00e3 (22), Procurador do MP de Contas discute educa\u00e7\u00e3o p\u00fablica durante a pandemia em live da AMPCON\"}]},{\"@type\":\"WebSite\",\"@id\":\"https:\\\/\\\/www.mpc.pr.gov.br\\\/#website\",\"url\":\"https:\\\/\\\/www.mpc.pr.gov.br\\\/\",\"name\":\"Minist\u00e9rio P\u00fablico de Contas do Estado do Paran\u00e1\",\"description\":\"\",\"publisher\":{\"@id\":\"https:\\\/\\\/www.mpc.pr.gov.br\\\/#organization\"},\"potentialAction\":[{\"@type\":\"SearchAction\",\"target\":{\"@type\":\"EntryPoint\",\"urlTemplate\":\"https:\\\/\\\/www.mpc.pr.gov.br\\\/?s={search_term_string}\"},\"query-input\":{\"@type\":\"PropertyValueSpecification\",\"valueRequired\":true,\"valueName\":\"search_term_string\"}}],\"inLanguage\":\"pt-BR\"},{\"@type\":\"Organization\",\"@id\":\"https:\\\/\\\/www.mpc.pr.gov.br\\\/#organization\",\"name\":\"Minist\u00e9rio P\u00fablico de Contas do Estado do Paran\u00e1\",\"url\":\"https:\\\/\\\/www.mpc.pr.gov.br\\\/\",\"logo\":{\"@type\":\"ImageObject\",\"inLanguage\":\"pt-BR\",\"@id\":\"https:\\\/\\\/www.mpc.pr.gov.br\\\/#\\\/schema\\\/logo\\\/image\\\/\",\"url\":\"https:\\\/\\\/www.mpc.pr.gov.br\\\/wp-content\\\/uploads\\\/2020\\\/06\\\/99423647_1593460364143890_6706793420720963584_n-1-e1591387983167.png\",\"contentUrl\":\"https:\\\/\\\/www.mpc.pr.gov.br\\\/wp-content\\\/uploads\\\/2020\\\/06\\\/99423647_1593460364143890_6706793420720963584_n-1-e1591387983167.png\",\"width\":243,\"height\":73,\"caption\":\"Minist\u00e9rio P\u00fablico de Contas do Estado do Paran\u00e1\"},\"image\":{\"@id\":\"https:\\\/\\\/www.mpc.pr.gov.br\\\/#\\\/schema\\\/logo\\\/image\\\/\"},\"sameAs\":[\"https:\\\/\\\/www.facebook.com\\\/mpc.pr\",\"https:\\\/\\\/www.instagram.com\\\/mpc.pr\\\/?hl=pt-br\",\"https:\\\/\\\/www.youtube.com\\\/channel\\\/UCHri5oEM8DV0ztX57E0sBSw\"]},{\"@type\":\"Person\",\"@id\":\"https:\\\/\\\/www.mpc.pr.gov.br\\\/#\\\/schema\\\/person\\\/d0c5cf9ebb4d8be833c419f3538cf751\",\"name\":\"giovanna.faria\",\"image\":{\"@type\":\"ImageObject\",\"inLanguage\":\"pt-BR\",\"@id\":\"https:\\\/\\\/secure.gravatar.com\\\/avatar\\\/?s=96&d=mm&r=g\",\"url\":\"https:\\\/\\\/secure.gravatar.com\\\/avatar\\\/?s=96&d=mm&r=g\",\"contentUrl\":\"https:\\\/\\\/secure.gravatar.com\\\/avatar\\\/?s=96&d=mm&r=g\",\"caption\":\"giovanna.faria\"}}]}<\/script>\n<!-- \/ Yoast SEO plugin. -->","yoast_head_json":{"title":"Amanh\u00e3 (22), Procurador do MP de Contas discute educa\u00e7\u00e3o p\u00fablica durante a pandemia em live da AMPCON - Minist\u00e9rio P\u00fablico de Contas do Estado do Paran\u00e1","robots":{"index":"index","follow":"follow","max-snippet":"max-snippet:-1","max-image-preview":"max-image-preview:large","max-video-preview":"max-video-preview:-1"},"canonical":"https:\/\/www.mpc.pr.gov.br\/index.php\/amanha-22-procurador-do-mp-de-contas-discute-educacao-publica-durante-a-pandemia-em-live-da-ampcon\/","og_locale":"pt_BR","og_type":"article","og_title":"Amanh\u00e3 (22), Procurador do MP de Contas discute educa\u00e7\u00e3o p\u00fablica durante a pandemia em live da AMPCON - Minist\u00e9rio P\u00fablico de Contas do Estado do Paran\u00e1","og_description":"Amanh\u00e3 (22), a partir das 15h, o Procurador do MP de Contas do Paran\u00e1 (MPC-PR) Fl\u00e1vio Berti, participa de uma das lives promovidas pela Associa\u00e7\u00e3o Nacional do Minist\u00e9rio P\u00fablico de Contas (AMPCON). Nesta sexta-feira, o tema da transmiss\u00e3o ser\u00e1 \u201cComo fica a educa\u00e7\u00e3o p\u00fablica na pandemia?\u201d. Tamb\u00e9m participar\u00e3o do debate os Procuradores Cristina Melo (MPC-MG) [&hellip;]","og_url":"https:\/\/www.mpc.pr.gov.br\/index.php\/amanha-22-procurador-do-mp-de-contas-discute-educacao-publica-durante-a-pandemia-em-live-da-ampcon\/","og_site_name":"Minist\u00e9rio P\u00fablico de Contas do Estado do Paran\u00e1","article_publisher":"https:\/\/www.facebook.com\/mpc.pr","article_published_time":"2020-05-21T16:46:33+00:00","article_modified_time":"2020-07-09T19:09:17+00:00","og_image":[{"width":300,"height":300,"url":"https:\/\/www.mpc.pr.gov.br\/wp-content\/uploads\/2020\/05\/LIVE-AMPCON.jpeg","type":"image\/jpeg"}],"author":"giovanna.faria","twitter_card":"summary_large_image","twitter_misc":{"Escrito por":"giovanna.faria","Est. tempo de leitura":"1 minuto"},"schema":{"@context":"https:\/\/schema.org","@graph":[{"@type":"Article","@id":"https:\/\/www.mpc.pr.gov.br\/index.php\/amanha-22-procurador-do-mp-de-contas-discute-educacao-publica-durante-a-pandemia-em-live-da-ampcon\/#article","isPartOf":{"@id":"https:\/\/www.mpc.pr.gov.br\/index.php\/amanha-22-procurador-do-mp-de-contas-discute-educacao-publica-durante-a-pandemia-em-live-da-ampcon\/"},"author":{"name":"giovanna.faria","@id":"https:\/\/www.mpc.pr.gov.br\/#\/schema\/person\/d0c5cf9ebb4d8be833c419f3538cf751"},"headline":"Amanh\u00e3 (22), Procurador do MP de Contas discute educa\u00e7\u00e3o p\u00fablica durante a pandemia em live da AMPCON","datePublished":"2020-05-21T16:46:33+00:00","dateModified":"2020-07-09T19:09:17+00:00","mainEntityOfPage":{"@id":"https:\/\/www.mpc.pr.gov.br\/index.php\/amanha-22-procurador-do-mp-de-contas-discute-educacao-publica-durante-a-pandemia-em-live-da-ampcon\/"},"wordCount":188,"commentCount":0,"publisher":{"@id":"https:\/\/www.mpc.pr.gov.br\/#organization"},"image":{"@id":"https:\/\/www.mpc.pr.gov.br\/index.php\/amanha-22-procurador-do-mp-de-contas-discute-educacao-publica-durante-a-pandemia-em-live-da-ampcon\/#primaryimage"},"thumbnailUrl":"https:\/\/www.mpc.pr.gov.br\/wp-content\/uploads\/2020\/05\/LIVE-AMPCON.jpeg","articleSection":["Todas as not\u00edcias"],"inLanguage":"pt-BR","potentialAction":[{"@type":"CommentAction","name":"Comment","target":["https:\/\/www.mpc.pr.gov.br\/index.php\/amanha-22-procurador-do-mp-de-contas-discute-educacao-publica-durante-a-pandemia-em-live-da-ampcon\/#respond"]}]},{"@type":"WebPage","@id":"https:\/\/www.mpc.pr.gov.br\/index.php\/amanha-22-procurador-do-mp-de-contas-discute-educacao-publica-durante-a-pandemia-em-live-da-ampcon\/","url":"https:\/\/www.mpc.pr.gov.br\/index.php\/amanha-22-procurador-do-mp-de-contas-discute-educacao-publica-durante-a-pandemia-em-live-da-ampcon\/","name":"Amanh\u00e3 (22), Procurador do MP de Contas discute educa\u00e7\u00e3o p\u00fablica durante a pandemia em live da AMPCON - Minist\u00e9rio P\u00fablico de Contas do Estado do Paran\u00e1","isPartOf":{"@id":"https:\/\/www.mpc.pr.gov.br\/#website"},"primaryImageOfPage":{"@id":"https:\/\/www.mpc.pr.gov.br\/index.php\/amanha-22-procurador-do-mp-de-contas-discute-educacao-publica-durante-a-pandemia-em-live-da-ampcon\/#primaryimage"},"image":{"@id":"https:\/\/www.mpc.pr.gov.br\/index.php\/amanha-22-procurador-do-mp-de-contas-discute-educacao-publica-durante-a-pandemia-em-live-da-ampcon\/#primaryimage"},"thumbnailUrl":"https:\/\/www.mpc.pr.gov.br\/wp-content\/uploads\/2020\/05\/LIVE-AMPCON.jpeg","datePublished":"2020-05-21T16:46:33+00:00","dateModified":"2020-07-09T19:09:17+00:00","breadcrumb":{"@id":"https:\/\/www.mpc.pr.gov.br\/index.php\/amanha-22-procurador-do-mp-de-contas-discute-educacao-publica-durante-a-pandemia-em-live-da-ampcon\/#breadcrumb"},"inLanguage":"pt-BR","potentialAction":[{"@type":"ReadAction","target":["https:\/\/www.mpc.pr.gov.br\/index.php\/amanha-22-procurador-do-mp-de-contas-discute-educacao-publica-durante-a-pandemia-em-live-da-ampcon\/"]}]},{"@type":"ImageObject","inLanguage":"pt-BR","@id":"https:\/\/www.mpc.pr.gov.br\/index.php\/amanha-22-procurador-do-mp-de-contas-discute-educacao-publica-durante-a-pandemia-em-live-da-ampcon\/#primaryimage","url":"https:\/\/www.mpc.pr.gov.br\/wp-content\/uploads\/2020\/05\/LIVE-AMPCON.jpeg","contentUrl":"https:\/\/www.mpc.pr.gov.br\/wp-content\/uploads\/2020\/05\/LIVE-AMPCON.jpeg","width":300,"height":300},{"@type":"BreadcrumbList","@id":"https:\/\/www.mpc.pr.gov.br\/index.php\/amanha-22-procurador-do-mp-de-contas-discute-educacao-publica-durante-a-pandemia-em-live-da-ampcon\/#breadcrumb","itemListElement":[{"@type":"ListItem","position":1,"name":"In\u00edcio","item":"https:\/\/www.mpc.pr.gov.br\/"},{"@type":"ListItem","position":2,"name":"Amanh\u00e3 (22), Procurador do MP de Contas discute educa\u00e7\u00e3o p\u00fablica durante a pandemia em live da AMPCON"}]},{"@type":"WebSite","@id":"https:\/\/www.mpc.pr.gov.br\/#website","url":"https:\/\/www.mpc.pr.gov.br\/","name":"Minist\u00e9rio P\u00fablico de Contas do Estado do Paran\u00e1","description":"","publisher":{"@id":"https:\/\/www.mpc.pr.gov.br\/#organization"},"potentialAction":[{"@type":"SearchAction","target":{"@type":"EntryPoint","urlTemplate":"https:\/\/www.mpc.pr.gov.br\/?s={search_term_string}"},"query-input":{"@type":"PropertyValueSpecification","valueRequired":true,"valueName":"search_term_string"}}],"inLanguage":"pt-BR"},{"@type":"Organization","@id":"https:\/\/www.mpc.pr.gov.br\/#organization","name":"Minist\u00e9rio P\u00fablico de Contas do Estado do Paran\u00e1","url":"https:\/\/www.mpc.pr.gov.br\/","logo":{"@type":"ImageObject","inLanguage":"pt-BR","@id":"https:\/\/www.mpc.pr.gov.br\/#\/schema\/logo\/image\/","url":"https:\/\/www.mpc.pr.gov.br\/wp-content\/uploads\/2020\/06\/99423647_1593460364143890_6706793420720963584_n-1-e1591387983167.png","contentUrl":"https:\/\/www.mpc.pr.gov.br\/wp-content\/uploads\/2020\/06\/99423647_1593460364143890_6706793420720963584_n-1-e1591387983167.png","width":243,"height":73,"caption":"Minist\u00e9rio P\u00fablico de Contas do Estado do Paran\u00e1"},"image":{"@id":"https:\/\/www.mpc.pr.gov.br\/#\/schema\/logo\/image\/"},"sameAs":["https:\/\/www.facebook.com\/mpc.pr","https:\/\/www.instagram.com\/mpc.pr\/?hl=pt-br","https:\/\/www.youtube.com\/channel\/UCHri5oEM8DV0ztX57E0sBSw"]},{"@type":"Person","@id":"https:\/\/www.mpc.pr.gov.br\/#\/schema\/person\/d0c5cf9ebb4d8be833c419f3538cf751","name":"giovanna.faria","image":{"@type":"ImageObject","inLanguage":"pt-BR","@id":"https:\/\/secure.gravatar.com\/avatar\/?s=96&d=mm&r=g","url":"https:\/\/secure.gravatar.com\/avatar\/?s=96&d=mm&r=g","contentUrl":"https:\/\/secure.gravatar.com\/avatar\/?s=96&d=mm&r=g","caption":"giovanna.faria"}}]}},"rttpg_featured_image_url":{"full":["https:\/\/www.mpc.pr.gov.br\/wp-content\/uploads\/2020\/05\/LIVE-AMPCON.jpeg",300,300,false],"landscape":["https:\/\/www.mpc.pr.gov.br\/wp-content\/uploads\/2020\/05\/LIVE-AMPCON.jpeg",300,300,false],"portraits":["https:\/\/www.mpc.pr.gov.br\/wp-content\/uploads\/2020\/05\/LIVE-AMPCON.jpeg",300,300,false],"thumbnail":["https:\/\/www.mpc.pr.gov.br\/wp-content\/uploads\/2020\/05\/LIVE-AMPCON-150x150.jpeg",150,150,true],"medium":["https:\/\/www.mpc.pr.gov.br\/wp-content\/uploads\/2020\/05\/LIVE-AMPCON.jpeg",300,300,false],"large":["https:\/\/www.mpc.pr.gov.br\/wp-content\/uploads\/2020\/05\/LIVE-AMPCON.jpeg",300,300,false],"1536x1536":["https:\/\/www.mpc.pr.gov.br\/wp-content\/uploads\/2020\/05\/LIVE-AMPCON.jpeg",300,300,false],"2048x2048":["https:\/\/www.mpc.pr.gov.br\/wp-content\/uploads\/2020\/05\/LIVE-AMPCON.jpeg",300,300,false],"ocean-thumb-m":["https:\/\/www.mpc.pr.gov.br\/wp-content\/uploads\/2020\/05\/LIVE-AMPCON.jpeg",300,300,false],"ocean-thumb-ml":["https:\/\/www.mpc.pr.gov.br\/wp-content\/uploads\/2020\/05\/LIVE-AMPCON.jpeg",300,300,false],"ocean-thumb-l":["https:\/\/www.mpc.pr.gov.br\/wp-content\/uploads\/2020\/05\/LIVE-AMPCON.jpeg",300,300,false]},"rttpg_author":{"display_name":"giovanna.faria","author_link":"https:\/\/www.mpc.pr.gov.br\/index.php\/author\/giovanna-faria\/"},"rttpg_comment":0,"rttpg_category":"<a href=\"https:\/\/www.mpc.pr.gov.br\/index.php\/category\/todas-as-noticias\/\" rel=\"category tag\">Todas as not\u00edcias<\/a>","rttpg_excerpt":"Amanh\u00e3 (22), a partir das 15h, o Procurador do MP de Contas do Paran\u00e1 (MPC-PR) Fl\u00e1vio Berti, participa de uma das lives promovidas pela Associa\u00e7\u00e3o Nacional do Minist\u00e9rio P\u00fablico de Contas (AMPCON). Nesta sexta-feira, o tema da transmiss\u00e3o ser\u00e1 \u201cComo fica a educa\u00e7\u00e3o p\u00fablica na pandemia?\u201d. Tamb\u00e9m participar\u00e3o do debate os Procuradores Cristina Melo (MPC-MG)&hellip;","_links":{"self":[{"href":"https:\/\/www.mpc.pr.gov.br\/index.php\/wp-json\/wp\/v2\/posts\/9069","targetHints":{"allow":["GET"]}}],"collection":[{"href":"https:\/\/www.mpc.pr.gov.br\/index.php\/wp-json\/wp\/v2\/posts"}],"about":[{"href":"https:\/\/www.mpc.pr.gov.br\/index.php\/wp-json\/wp\/v2\/types\/post"}],"author":[{"embeddable":true,"href":"https:\/\/www.mpc.pr.gov.br\/index.php\/wp-json\/wp\/v2\/users\/5"}],"replies":[{"embeddable":true,"href":"https:\/\/www.mpc.pr.gov.br\/index.php\/wp-json\/wp\/v2\/comments?post=9069"}],"version-history":[{"count":1,"href":"https:\/\/www.mpc.pr.gov.br\/index.php\/wp-json\/wp\/v2\/posts\/9069\/revisions"}],"predecessor-version":[{"id":9227,"href":"https:\/\/www.mpc.pr.gov.br\/index.php\/wp-json\/wp\/v2\/posts\/9069\/revisions\/9227"}],"wp:featuredmedia":[{"embeddable":true,"href":"https:\/\/www.mpc.pr.gov.br\/index.php\/wp-json\/wp\/v2\/media\/9226"}],"wp:attachment":[{"href":"https:\/\/www.mpc.pr.gov.br\/index.php\/wp-json\/wp\/v2\/media?parent=9069"}],"wp:term":[{"taxonomy":"category","embeddable":true,"href":"https:\/\/www.mpc.pr.gov.br\/index.php\/wp-json\/wp\/v2\/categories?post=9069"},{"taxonomy":"post_tag","embeddable":true,"href":"https:\/\/www.mpc.pr.gov.br\/index.php\/wp-json\/wp\/v2\/tags?post=9069"}],"curies":[{"name":"wp","href":"https:\/\/api.w.org\/{rel}","templated":true}]}}